{"id":58096,"date":"2025-11-25T08:18:09","date_gmt":"2025-11-25T08:18:09","guid":{"rendered":"https:\/\/www.europesays.com\/lv\/58096\/"},"modified":"2025-11-25T08:18:09","modified_gmt":"2025-11-25T08:18:09","slug":"australija-aizliedz-socialos-medijus-berniem-zem-16-gadiem-citas-valstis-var-sekot-p-exemplo-lente-lv","status":"publish","type":"post","link":"https:\/\/www.europesays.com\/lv\/58096\/","title":{"rendered":"Austr\u0101lija Aizliedz Soci\u0101los Medijus B\u0113rniem Zem 16 Gadiem, Citas Valstis Var Sekot P exemplo\u00a0\u2014\u00a0Lente.lv"},"content":{"rendered":"<p>Austr\u0101lijas Likumdev\u0113ji Uzs\u0101k Soci\u0101lo Mediju Aizliegumu Jaunie\u0161iem<\/p>\n<p>Austr\u0101lijas vald\u012bba ir s\u0101kusi izstr\u0101d\u0101t radik\u0101lus jaunus likumus, kas paredz aizliegt person\u0101m, kas jaun\u0101kas par 16 gadiem, lietot soci\u0101los medijus. \u0160is drosm\u012bgais solis, kas tika izzi\u0146ots 2024. gada novembr\u012b, liecina par pieaugo\u0161\u0101m ba\u017e\u0101m par soci\u0101lo platformu ietekmi uz jaunatnes gar\u012bgo vesel\u012bbu un visp\u0101r\u0113jo labkl\u0101j\u012bbu. L\u012bdz\u012bgas tendences nov\u0113rojamas ar\u012b cit\u0101s valst\u012bs, kur\u0101s tiek apsv\u0113rta l\u012bdz\u012bga likumdo\u0161ana, radot cer\u012bbu, ka pasaule kopum\u0101 var\u0113tu main\u012bt savu attieksmi pret digit\u0101lo saturu un t\u0101 pieejam\u012bbu nepilngad\u012bgajiem.<\/p>\n<p>Ba\u017eas par Nepilngad\u012bgo Gar\u012bgo Vesel\u012bbu Un T\u0101s Sek\u0101m<\/p>\n<p>K\u0101 liecina p\u0113t\u012bjumi, soci\u0101lie mediji bie\u017ei vien pastiprina trauksmi un izraisa sliktu pa\u0161saj\u016btu jaunie\u0161u vid\u016b. Tie, kas pavada vair\u0101k nek\u0101 divas stundas dien\u0101 soci\u0101lajos t\u012bklos, bie\u017e\u0101k s\u016bdzas par depresijas simptomiem un pat panikas l\u0113km\u0113m. Algoritmi, kas izstr\u0101d\u0101ti, lai maksim\u0101li ilgsto\u0161i notur\u0113tu lietot\u0101jus platform\u0101s, var veicin\u0101t atkar\u012bbu, kas trauc\u0113 m\u0101c\u012bb\u0101m, fiziskaj\u0101m aktivit\u0101t\u0113m un pat miegam. Nepietiekams miegs savuk\u0101rt kav\u0113 gan fizisko, gan gar\u012bgo att\u012bst\u012bbu, palielinot gar\u012bg\u0101s vesel\u012bbas probl\u0113mu risku. Kiberhulig\u0101nisms un kait\u012bgu baumu izplat\u012b\u0161ana ir v\u0113l viens nopietns drauds, kas var atst\u0101t ilgsto\u0161as emocion\u0101las r\u0113tas.<\/p>\n<p>Glob\u0101l\u0101 Tendence Uz Regul\u0113jumu Un T\u0101s Iesp\u0113jam\u0101 Ietekme<\/p>\n<p>Austr\u0101lijas piem\u0113rs, kur likums paredz, ka soci\u0101lo mediju platform\u0101m ir gads laika, lai izstr\u0101d\u0101tu un ieviestu vecuma p\u0101rbaudes meh\u0101nismus, dr\u012bzum\u0101 var\u0113tu iedvesmot ar\u012b citas valstis. \u0160\u0101ds aizliegums var\u0113tu rad\u012bt b\u016btisku p\u0101rmai\u0146u dinamiku pasaules digit\u0101laj\u0101 vid\u0113. L\u012bdztekus tam, ka tiek stingri ierobe\u017eota nepilngad\u012bgo piek\u013cuve soci\u0101lajiem medijiem, Eiropas Savien\u012bb\u0101 pieaug ar\u012b diskusijas par m\u0101ksl\u012bg\u0101 intelekta (MI) regul\u0113jumu, \u012bpa\u0161i finan\u0161u sektor\u0101. \u0160\u012b spriedze starp nepiecie\u0161am\u012bbu aizsarg\u0101t jaunie\u0161us un straujo tehnolo\u0123iju att\u012bst\u012bbu rada sare\u017e\u0123\u012btu ainavu, kur\u0101 likumdev\u0113jiem n\u0101kas mekl\u0113t l\u012bdzsvaru.<\/p>\n<p>Soci\u0101lie Mediji: Divas Puses Vienai Medaljai<\/p>\n<p>Lai gan soci\u0101lie mediji bie\u017ei tiek kritiz\u0113ti par savu negat\u012bvo ietekmi, tie sniedz ar\u012b iesp\u0113jas. Tie pal\u012bdz uztur\u0113t draudz\u012bbas, mekl\u0113t emocion\u0101lu atbalstu un veidot identit\u0101ti. Da\u017ei jaunie\u0161i nor\u0101da, ka soci\u0101lie t\u012bkli pal\u012bdz vi\u0146iem sa\u0146emt emocion\u0101lu atbalstu, \u012bpa\u0161i, ja vi\u0146i izj\u016bt izol\u0101ciju. Tom\u0113r, k\u0101 liecina p\u0113t\u012bjumi, p\u0101rm\u0113r\u012bgai soci\u0101lo mediju lieto\u0161anai ir vair\u0101k negat\u012bvu seku nek\u0101 pozit\u012bvu. K\u0101 uzsver eksperti, lai veicin\u0101tu vesel\u012bg\u0101ku digit\u0101lo vidi, ieteicams veikt p\u0101rtraukumus no soci\u0101lajiem medijiem, jo pat \u012bslaic\u012bga attur\u0113\u0161an\u0101s var uzlabot pa\u0161v\u0113rt\u0113jumu un mazin\u0101t trauksmi.<\/p>\n<p>M\u0101ksl\u012bgais Intelekts Finan\u0161u Sektor\u0101: Strauj\u0161 L\u0113ciens Vai Riski?<\/p>\n<p>Kam\u0113r pasaule apsprie\u017e soci\u0101lo mediju ierobe\u017eojumus nepilngad\u012bgajiem, finan\u0161u sektor\u0101 turpina uzplaukt m\u0101ksl\u012bgais intelekts. MI sp\u0113j analiz\u0113t milz\u012bgus datu apjomus, prognoz\u0113t tirgus tendences un pal\u012bdz\u0113t nov\u0113rst kr\u0101p\u0161anu, t\u0101d\u0113j\u0101di padarot finan\u0161u pakalpojumus efekt\u012bv\u0101kus un dro\u0161\u0101kus. Tom\u0113r MI izmanto\u0161ana rada ar\u012b jaunus riskus, \u012bpa\u0161i attiec\u012bb\u0101 uz priv\u0101to investoru aizsardz\u012bbu un banku atkar\u012bbu no lielajiem tehnolo\u0123iju uz\u0146\u0113mumiem. Eiropas V\u0113rtspap\u012bru un tirgu iest\u0101de uzsver, ka finan\u0161u instit\u016bcij\u0101m ir juridisks pien\u0101kums aizsarg\u0101t klientus, izmantojot MI, un par uz\u0146\u0113mumu l\u0113mumiem joproj\u0101m ir atbild\u012bgas vad\u012bbas strukt\u016bras.<\/p>\n","protected":false},"excerpt":{"rendered":"Austr\u0101lijas Likumdev\u0113ji Uzs\u0101k Soci\u0101lo Mediju Aizliegumu Jaunie\u0161iem Austr\u0101lijas vald\u012bba ir s\u0101kusi izstr\u0101d\u0101t radik\u0101lus jaunus likumus, kas paredz aizliegt&hellip;\n","protected":false},"author":2,"featured_media":58097,"comment_status":"","ping_status":"","sticky":false,"template":"","format":"standard","meta":{"footnotes":""},"categories":[5],"tags":[15586,23,502,28,29,32,33,22,705,30,31,35,39,38,36,37,34,40,87,20,26,27,8477,24,25,21],"class_list":{"0":"post-58096","1":"post","2":"type-post","3":"status-publish","4":"format-standard","5":"has-post-thumbnail","7":"category-aktualitates","8":"tag-aizliegums","9":"tag-aktualitates","10":"tag-australija","11":"tag-breaking-news","12":"tag-breakingnews","13":"tag-featured-news","14":"tag-featurednews","15":"tag-headlines","16":"tag-jauniesi","17":"tag-latest-news","18":"tag-latestnews","19":"tag-latvia","20":"tag-latvian","21":"tag-latviesu","22":"tag-latviesu-valoda","23":"tag-latviesuvaloda","24":"tag-latvija","25":"tag-lv","26":"tag-maksligais-intelekts","27":"tag-news","28":"tag-popularakas-zinas","29":"tag-popularakaszinas","30":"tag-socialie-mediji","31":"tag-top-stories","32":"tag-topstories","33":"tag-zinas"},"share_on_mastodon":{"url":"https:\/\/pubeurope.com\/@lv\/115609357672474117","error":""},"_links":{"self":[{"href":"https:\/\/www.europesays.com\/lv\/wp-json\/wp\/v2\/posts\/58096","targetHints":{"allow":["GET"]}}],"collection":[{"href":"https:\/\/www.europesays.com\/lv\/wp-json\/wp\/v2\/posts"}],"about":[{"href":"https:\/\/www.europesays.com\/lv\/wp-json\/wp\/v2\/types\/post"}],"author":[{"embeddable":true,"href":"https:\/\/www.europesays.com\/lv\/wp-json\/wp\/v2\/users\/2"}],"replies":[{"embeddable":true,"href":"https:\/\/www.europesays.com\/lv\/wp-json\/wp\/v2\/comments?post=58096"}],"version-history":[{"count":0,"href":"https:\/\/www.europesays.com\/lv\/wp-json\/wp\/v2\/posts\/58096\/revisions"}],"wp:featuredmedia":[{"embeddable":true,"href":"https:\/\/www.europesays.com\/lv\/wp-json\/wp\/v2\/media\/58097"}],"wp:attachment":[{"href":"https:\/\/www.europesays.com\/lv\/wp-json\/wp\/v2\/media?parent=58096"}],"wp:term":[{"taxonomy":"category","embeddable":true,"href":"https:\/\/www.europesays.com\/lv\/wp-json\/wp\/v2\/categories?post=58096"},{"taxonomy":"post_tag","embeddable":true,"href":"https:\/\/www.europesays.com\/lv\/wp-json\/wp\/v2\/tags?post=58096"}],"curies":[{"name":"wp","href":"https:\/\/api.w.org\/{rel}","templated":true}]}}