{"id":58107,"date":"2025-11-25T08:36:12","date_gmt":"2025-11-25T08:36:12","guid":{"rendered":"https:\/\/www.europesays.com\/lv\/58107\/"},"modified":"2025-11-25T08:36:12","modified_gmt":"2025-11-25T08:36:12","slug":"ka-neklut-par-melnas-piektdienas-maldinasanas-upuri-3","status":"publish","type":"post","link":"https:\/\/www.europesays.com\/lv\/58107\/","title":{"rendered":"K\u0101 nek\u013c\u016bt par meln\u0101s piektdienas maldin\u0101\u0161anas upuri"},"content":{"rendered":"<p>Pirms gada Latvijas pievienoj\u0101s Eiropas savien\u012bbas Digit\u0101lo pakalpojumu aktam, kas aizliedz E-vides komersanti ekspluat\u0113t maldino\u0161us mode\u013cus jeb t\u0101 sauktos \u201cdark patterns\u201d. <\/p>\n<p>Ta\u010du interneta  veikalos tie tik un t\u0101 tiek pla\u0161i pielietoti, un \u012bpa\u0161i izplat\u012bti k\u013c\u016bst tie\u0161i \u201cMeln\u0101s piektdienas\u201d iepirk\u0161an\u0101s drud\u017ea laik\u0101. E-komersantu manipulat\u012bvie iero\u010di ir pirc\u0113ju viltus steidzin\u0101\u0161ana, autom\u0101tiski at\u0137eks\u0113tas izv\u0113les, piem\u0113ram, autom\u0101tiski pievienoti pakalpojumi, apdro\u0161in\u0101\u0161anas vai ziedojumi, un sl\u0113ptas izmaksas. Visbie\u017e\u0101k tiek kombin\u0113ti vair\u0101ki pa\u0146\u0113mieni, lai pan\u0101ktu maksim\u0101lu ietekmi. <\/p>\n<p>Pat\u0113r\u0113t\u0101ju ties\u012bbu aizsardz\u012bbas centrs apkopojis spilgt\u0101kos maldino\u0161o mode\u013cu piem\u0113rus interneta veikalos un aicina uz tiem neuz\u0137erties:<\/p>\n<ul>\n<li>Ieejot e-veikal\u0101, uz ekr\u0101na par\u0101d\u0101s spilgti pazi\u0146ojumi \u2013 \u201cAtlaide beidzas p\u0113c 02:14!\u201d; \u201cAtliku\u0161as p\u0113d\u0113j\u0101s 3 vien\u012bbas!\u201d; \u201c12 cilv\u0113ki skat\u0101s \u0161o produktu!\u201d; \u201cTikko nopirkts!\u201d u. tml..<\/li>\n<li>Groza sada\u013c\u0101 pirc\u0113js ierauga, ka pievienoti papildin\u0101jumi, un uzman\u012bbu nov\u0113r\u0161 uzb\u0101z\u012bgs pied\u0101v\u0101jums k\u013c\u016bt par lojalit\u0101tes programmas biedru, ta\u010du tikai apak\u0161\u0101 maziem burti\u0146iem rakst\u012bts, ka ir iesp\u0113ja turpin\u0101t iepirkties bez pierakst\u012b\u0161an\u0101s.<\/li>\n<li>Kad pirc\u0113js nok\u013c\u016bts l\u012bdz apmaksas sada\u013cai, gala summa par izv\u0113l\u0113to preci pieaugusi, jo, izr\u0101d\u0101s, par\u0101d\u012bjusies maksa par nesasniegtu minim\u0101lo summu.<\/li>\n<\/ul>\n<p>Lietot\u0101ju pieredzes arhitekts Roberts Ceruss dod konkr\u0113tus padomus, k\u0101 uz maldino\u0161iem mode\u013ciem neuz\u0137erties. <\/p>\n<p>Skaties video!<\/p>\n<p><img decoding=\"async\" src=\"https:\/\/www.europesays.com\/lv\/wp-content\/uploads\/2025\/11\/929266bc9c37a4030fbc83fd4cb0f0db.jpg\" title=\"Ilustrat\u012bvs att\u0113ls. Foto: LETA\" alt=\"Ilustrat\u012bvs att\u0113ls. Foto: LETA\"\/><\/p>\n<p class=\"article-img-desc\">Ilustrat\u012bvs att\u0113ls. Foto: LETA<\/p>\n","protected":false},"excerpt":{"rendered":"Pirms gada Latvijas pievienoj\u0101s Eiropas savien\u012bbas Digit\u0101lo pakalpojumu aktam, kas aizliedz E-vides komersanti ekspluat\u0113t maldino\u0161us mode\u013cus jeb t\u0101&hellip;\n","protected":false},"author":2,"featured_media":58108,"comment_status":"","ping_status":"","sticky":false,"template":"","format":"standard","meta":{"footnotes":""},"categories":[5],"tags":[129,15382,15385,1304,23,28,29,32,33,22,30,31,35,39,38,36,37,34,40,20,26,27,1305,15588,15386,15589,1306,15387,24,25,21],"class_list":{"0":"post-58107","1":"post","2":"type-post","3":"status-publish","4":"format-standard","5":"has-post-thumbnail","7":"category-aktualitates","8":"tag-__typenameadvicekeyword","9":"tag-id225","10":"tag-id647","11":"tag-id970","12":"tag-aktualitates","13":"tag-breaking-news","14":"tag-breakingnews","15":"tag-featured-news","16":"tag-featurednews","17":"tag-headlines","18":"tag-latest-news","19":"tag-latestnews","20":"tag-latvia","21":"tag-latvian","22":"tag-latviesu","23":"tag-latviesu-valoda","24":"tag-latviesuvaloda","25":"tag-latvija","26":"tag-lv","27":"tag-news","28":"tag-popularakas-zinas","29":"tag-popularakaszinas","30":"tag-slug360-zinas","31":"tag-slugshopping","32":"tag-slugveikali","33":"tag-title-shopping","34":"tag-title360-zinas","35":"tag-titleveikali","36":"tag-top-stories","37":"tag-topstories","38":"tag-zinas"},"share_on_mastodon":{"url":"https:\/\/pubeurope.com\/@lv\/115609428755315531","error":""},"_links":{"self":[{"href":"https:\/\/www.europesays.com\/lv\/wp-json\/wp\/v2\/posts\/58107","targetHints":{"allow":["GET"]}}],"collection":[{"href":"https:\/\/www.europesays.com\/lv\/wp-json\/wp\/v2\/posts"}],"about":[{"href":"https:\/\/www.europesays.com\/lv\/wp-json\/wp\/v2\/types\/post"}],"author":[{"embeddable":true,"href":"https:\/\/www.europesays.com\/lv\/wp-json\/wp\/v2\/users\/2"}],"replies":[{"embeddable":true,"href":"https:\/\/www.europesays.com\/lv\/wp-json\/wp\/v2\/comments?post=58107"}],"version-history":[{"count":0,"href":"https:\/\/www.europesays.com\/lv\/wp-json\/wp\/v2\/posts\/58107\/revisions"}],"wp:featuredmedia":[{"embeddable":true,"href":"https:\/\/www.europesays.com\/lv\/wp-json\/wp\/v2\/media\/58108"}],"wp:attachment":[{"href":"https:\/\/www.europesays.com\/lv\/wp-json\/wp\/v2\/media?parent=58107"}],"wp:term":[{"taxonomy":"category","embeddable":true,"href":"https:\/\/www.europesays.com\/lv\/wp-json\/wp\/v2\/categories?post=58107"},{"taxonomy":"post_tag","embeddable":true,"href":"https:\/\/www.europesays.com\/lv\/wp-json\/wp\/v2\/tags?post=58107"}],"curies":[{"name":"wp","href":"https:\/\/api.w.org\/{rel}","templated":true}]}}