{"id":58112,"date":"2025-11-25T08:40:08","date_gmt":"2025-11-25T08:40:08","guid":{"rendered":"https:\/\/www.europesays.com\/lv\/58112\/"},"modified":"2025-11-25T08:40:08","modified_gmt":"2025-11-25T08:40:08","slug":"karuma-sierini-bus-pieejami-dienvidkorejas-veikalos-dienas-bizness","status":"publish","type":"post","link":"https:\/\/www.europesays.com\/lv\/58112\/","title":{"rendered":"K\u0101ruma sieri\u0146i b\u016bs pieejami Dienvidkorejas veikalos :: Dienas Bizness"},"content":{"rendered":"<p class=\"text-font font-size--text-xlarge margin-3--bottom font-weight--bold padding-1--top\">Piena p\u0101rstr\u0101des koncerna &#8220;Food Union&#8221; z\u012bmola &#8220;K\u0101rums&#8221; sieri\u0146i b\u016bs pieejami Dienvidkorejas veikalos, inform\u0113ja uz\u0146\u0113mum\u0101.<\/p>\n<p class=\"text-font font-size--text-xlarge margin-3--bottom\">Komp\u0101nija s\u0101kusi sadarb\u012bbu ar izplat\u012bt\u0101ju Dienvidkorej\u0101, kas nodro\u0161in\u0101s biezpiena sieri\u0146u tirdzniec\u012bbu Dienvidkorejas liel\u0101kaj\u0101 e-komercijas platform\u0101 &#8220;Coupang&#8221; un virkn\u0113 piem\u0101jas veikali\u0146os. P\u0101rredzam\u0101 n\u0101kotn\u0113 pl\u0101nota ar\u012b &#8220;K\u0101ruma&#8221; tirdzniec\u012bba k\u0101d\u0101 no liel\u0101kajiem valsts tirdzniec\u012bbas t\u012bkliem.<\/p>\n<p class=\"text-font font-size--text-xlarge margin-3--bottom\">\u0160obr\u012bd v\u0113l tranz\u012bt\u0101 eso\u0161o pirmo &#8220;K\u0101rums&#8221; s\u016bt\u012bjumu uz Dienvidkoreju veido popul\u0101r\u0101k\u0101s se\u0161as &#8220;K\u0101ruma&#8221; biezpiena sieri\u0146u gar\u0161as &#8211; &#8220;K\u0101rums&#8221; vani\u013cas, \u0161okol\u0101des, zeme\u0146u, mango un kokosriekstu, k\u0101 ar\u012b tr\u012bs gar\u0161u sieri\u0146i multi kast\u0113s pa septi\u0146iem sieri\u0146iem.<\/p>\n<p class=\"text-font font-size--text-xlarge margin-3--bottom\">Sadarb\u012bba ar \u0161o klientu izveidota ar Latvijas Piensaimnieku centr\u0101l\u0101s savien\u012bbas atbalstu projekta &#8220;Inform\u0101cijas un veicin\u0101\u0161anas pas\u0101kumi par lauksaimniec\u012bbas produktiem Dienvidkorej\u0101, Malaizij\u0101 un Kan\u0101d\u0101&#8221;.<\/p>\n<p class=\"text-font font-size--text-xlarge margin-3--bottom\">&#8220;K\u0101ruma&#8221; sieri\u0146i kopum\u0101 pieejami vair\u0101k nek\u0101 20 valst\u012bs pasaul\u0113, no kur\u0101m Eirop\u0101 tirdzniec\u012bbas t\u012bklos &#8220;Kaufland&#8221;, &#8220;Ledo&#8221;, &#8220;Kliver&#8221; un &#8220;MixMarkt&#8221; V\u0101cij\u0101, &#8220;Alfamega&#8221; Kipr\u0101, &#8220;Coop&#8221;, &#8220;Eurospar&#8221; un &#8220;Meny&#8221; Norv\u0113\u0123ij\u0101, un &#8220;Supervalu&#8221; t\u012bkl\u0101 \u012arij\u0101. \u0160ogad jauno tirgu vid\u016b ir Malta, Serbija un Dienvidkoreja.<\/p>\n<p class=\"text-font font-size--text-xlarge margin-3--bottom\">Pag\u0101ju\u0161aj\u0101 gad\u0101 &#8220;Food Union&#8221; eksport\u0113ja 380 tonnas biezpiena sieri\u0146u, kas ir par 52% vair\u0101k nek\u0101 2023. gad\u0101. Savuk\u0101rt 2025. gad\u0101 izaugsme pl\u0101nota aptuveni 15% apm\u0113r\u0101 sal\u012bdzin\u0101jum\u0101 ar 2024. gadu. \u0160ogad jauno tirgu vid\u016b ir Malta, Be\u013c\u0123ija un Serbija, savuk\u0101rt Ukraina, Lietuva un Igaunija turpina b\u016bt noz\u012bm\u012bg\u0101kie &#8220;Food Union&#8221; eksporta tirgi p\u0113c ie\u0146\u0113mumiem.<\/p>\n<p class=\"text-font font-size--text-xlarge margin-3--bottom\">Uz\u0146\u0113mums pag\u0101ju\u0161aj\u0101 gad\u0101 produkciju eksport\u0113ja uz 30 valst\u012bm, eksporta apm\u0113ram sasniedzot tre\u0161o da\u013cu jeb 45,7 miljonus eiro no kop\u0113j\u0101 apgroz\u012bjuma.<\/p>\n<p class=\"text-font font-size--text-xlarge margin-3--bottom\">&#8220;Food Union&#8221; koncerna, kur\u0101 ietilpst AS &#8220;R\u012bgas piena kombin\u0101ts&#8221; un AS &#8220;Valmieras piens&#8221;, apgroz\u012bjums pag\u0101ju\u0161aj\u0101 gad\u0101 bija 151,9 miljoni eiro, kas ir par 1,1% vair\u0101k nek\u0101 2023. gad\u0101, bet koncerna bruto pe\u013c\u0146a pieauga par 2,4% &#8211; l\u012bdz 26,9 miljoniem eiro.<\/p>\n<p class=\"text-font font-size--text-xlarge margin-3--bottom\">&#8220;Food Union&#8221; liel\u0101k\u0101 \u012bpa\u0161niece ir &#8220;PAG Private Equity&#8221;.<\/p>\n","protected":false},"excerpt":{"rendered":"Piena p\u0101rstr\u0101des koncerna &#8220;Food Union&#8221; z\u012bmola &#8220;K\u0101rums&#8221; sieri\u0146i b\u016bs pieejami Dienvidkorejas veikalos, inform\u0113ja uz\u0146\u0113mum\u0101. Komp\u0101nija s\u0101kusi sadarb\u012bbu ar&hellip;\n","protected":false},"author":2,"featured_media":58113,"comment_status":"","ping_status":"","sticky":false,"template":"","format":"standard","meta":{"footnotes":""},"categories":[14],"tags":[23,57,869,77,870,28,29,867,32,33,22,30,31,35,39,38,36,37,34,871,868,40,20,26,27,24,25,54,55,56,21,58],"class_list":{"0":"post-58112","1":"post","2":"type-post","3":"status-publish","4":"format-standard","5":"has-post-thumbnail","7":"category-zinas-no-arvalstim","8":"tag-aktualitates","9":"tag-arvalstim","10":"tag-biznesa-zinas","11":"tag-bizness","12":"tag-bizness-latvija","13":"tag-breaking-news","14":"tag-breakingnews","15":"tag-dienas-zinas","16":"tag-featured-news","17":"tag-featurednews","18":"tag-headlines","19":"tag-latest-news","20":"tag-latestnews","21":"tag-latvia","22":"tag-latvian","23":"tag-latviesu","24":"tag-latviesu-valoda","25":"tag-latviesuvaloda","26":"tag-latvija","27":"tag-latvijas-biznesa-zinas","28":"tag-latvijas-zinas","29":"tag-lv","30":"tag-news","31":"tag-popularakas-zinas","32":"tag-popularakaszinas","33":"tag-top-stories","34":"tag-topstories","35":"tag-world","36":"tag-world-news","37":"tag-worldnews","38":"tag-zinas","39":"tag-zinas-no-arvalstim"},"share_on_mastodon":{"url":"https:\/\/pubeurope.com\/@lv\/115609444185177390","error":""},"_links":{"self":[{"href":"https:\/\/www.europesays.com\/lv\/wp-json\/wp\/v2\/posts\/58112","targetHints":{"allow":["GET"]}}],"collection":[{"href":"https:\/\/www.europesays.com\/lv\/wp-json\/wp\/v2\/posts"}],"about":[{"href":"https:\/\/www.europesays.com\/lv\/wp-json\/wp\/v2\/types\/post"}],"author":[{"embeddable":true,"href":"https:\/\/www.europesays.com\/lv\/wp-json\/wp\/v2\/users\/2"}],"replies":[{"embeddable":true,"href":"https:\/\/www.europesays.com\/lv\/wp-json\/wp\/v2\/comments?post=58112"}],"version-history":[{"count":0,"href":"https:\/\/www.europesays.com\/lv\/wp-json\/wp\/v2\/posts\/58112\/revisions"}],"wp:featuredmedia":[{"embeddable":true,"href":"https:\/\/www.europesays.com\/lv\/wp-json\/wp\/v2\/media\/58113"}],"wp:attachment":[{"href":"https:\/\/www.europesays.com\/lv\/wp-json\/wp\/v2\/media?parent=58112"}],"wp:term":[{"taxonomy":"category","embeddable":true,"href":"https:\/\/www.europesays.com\/lv\/wp-json\/wp\/v2\/categories?post=58112"},{"taxonomy":"post_tag","embeddable":true,"href":"https:\/\/www.europesays.com\/lv\/wp-json\/wp\/v2\/tags?post=58112"}],"curies":[{"name":"wp","href":"https:\/\/api.w.org\/{rel}","templated":true}]}}