{"id":58128,"date":"2025-11-25T09:01:13","date_gmt":"2025-11-25T09:01:13","guid":{"rendered":"https:\/\/www.europesays.com\/lv\/58128\/"},"modified":"2025-11-25T09:01:13","modified_gmt":"2025-11-25T09:01:13","slug":"kristine-jelinska-par-skirsanos-no-olega-fila-nejutos-gana-noverteta","status":"publish","type":"post","link":"https:\/\/www.europesays.com\/lv\/58128\/","title":{"rendered":"Krist\u012bne Jelinska par \u0161\u0137ir\u0161anos no O\u013cega Fi\u013ca: &#8220;Nejutos gana nov\u0113rt\u0113ta&#8221;"},"content":{"rendered":"<p>Jelinska \u017eurn\u0101lam atkl\u0101ja, ka vi\u0146i ar O\u013cegu nedz\u012bvo kop\u0101 jau tr\u012bs m\u0113ne\u0161us.<\/p>\n<p>&#8220;Man ar katru dienu paliek viegl\u0101k. Mana sirds nav salauzta. Esmu \u013coti v\u012blusies cilv\u0113k\u0101, bet tas tikai pier\u0101d\u012bja to, ka es visu daru pareizi.<\/p>\n<blockquote class=\"quote ck-widget\" contenteditable=\"false\">\n<p>Man\u012b ilgi kr\u0101j\u0101s aizvainojums, nejutos gana nov\u0113rt\u0113ta, jau k\u0101du laiku dom\u0101ju, ka varb\u016bt pietiek censties, kaut ko gaid\u012bt.<\/p>\n<\/blockquote>\n<p>T\u0101 izl\u0113mu, ka man j\u0101sper \u0161is solis. Kad iepazin\u0101mies, man bija tikai 26 gadi un es sap\u0146oju par pavisam ko citu,&#8221; sav\u0101s saj\u016bt\u0101s dal\u0101s Jelinska.<\/p>\n<p>K\u0101 iepriek\u0161 v\u0113st\u012bts, p\u0101ris kop\u0101 bija se\u0161us gadus.<\/p>\n<p>Vair\u0101k lasi \u017eurn\u0101la &#8220;Kas Jauns&#8221; 25. novembra numur\u0101!<\/p>\n","protected":false},"excerpt":{"rendered":"Jelinska \u017eurn\u0101lam atkl\u0101ja, ka vi\u0146i ar O\u013cegu nedz\u012bvo kop\u0101 jau tr\u012bs m\u0113ne\u0161us. &#8220;Man ar katru dienu paliek viegl\u0101k.&hellip;\n","protected":false},"author":2,"featured_media":49696,"comment_status":"","ping_status":"","sticky":false,"template":"","format":"standard","meta":{"footnotes":""},"categories":[19],"tags":[89,90,13513,35,39,38,36,37,34,40,13512],"class_list":{"0":"post-58128","1":"post","2":"type-post","3":"status-publish","4":"format-standard","5":"has-post-thumbnail","7":"category-izklaide","8":"tag-entertainment","9":"tag-izklaide","10":"tag-kristine-jelinska","11":"tag-latvia","12":"tag-latvian","13":"tag-latviesu","14":"tag-latviesu-valoda","15":"tag-latviesuvaloda","16":"tag-latvija","17":"tag-lv","18":"tag-olegs-fils"},"share_on_mastodon":{"url":"https:\/\/pubeurope.com\/@lv\/115609526843078344","error":""},"_links":{"self":[{"href":"https:\/\/www.europesays.com\/lv\/wp-json\/wp\/v2\/posts\/58128","targetHints":{"allow":["GET"]}}],"collection":[{"href":"https:\/\/www.europesays.com\/lv\/wp-json\/wp\/v2\/posts"}],"about":[{"href":"https:\/\/www.europesays.com\/lv\/wp-json\/wp\/v2\/types\/post"}],"author":[{"embeddable":true,"href":"https:\/\/www.europesays.com\/lv\/wp-json\/wp\/v2\/users\/2"}],"replies":[{"embeddable":true,"href":"https:\/\/www.europesays.com\/lv\/wp-json\/wp\/v2\/comments?post=58128"}],"version-history":[{"count":0,"href":"https:\/\/www.europesays.com\/lv\/wp-json\/wp\/v2\/posts\/58128\/revisions"}],"wp:featuredmedia":[{"embeddable":true,"href":"https:\/\/www.europesays.com\/lv\/wp-json\/wp\/v2\/media\/49696"}],"wp:attachment":[{"href":"https:\/\/www.europesays.com\/lv\/wp-json\/wp\/v2\/media?parent=58128"}],"wp:term":[{"taxonomy":"category","embeddable":true,"href":"https:\/\/www.europesays.com\/lv\/wp-json\/wp\/v2\/categories?post=58128"},{"taxonomy":"post_tag","embeddable":true,"href":"https:\/\/www.europesays.com\/lv\/wp-json\/wp\/v2\/tags?post=58128"}],"curies":[{"name":"wp","href":"https:\/\/api.w.org\/{rel}","templated":true}]}}