{"id":58131,"date":"2025-11-25T09:07:19","date_gmt":"2025-11-25T09:07:19","guid":{"rendered":"https:\/\/www.europesays.com\/lv\/58131\/"},"modified":"2025-11-25T09:07:19","modified_gmt":"2025-11-25T09:07:19","slug":"x-faktors-atvadas-no-denija-griezes-un-grupas-skvirl-boizz-cina-par-uzvaru-turpinas-lente-lv","status":"publish","type":"post","link":"https:\/\/www.europesays.com\/lv\/58131\/","title":{"rendered":"\u201cX Faktors\u201d atvad\u0101s no Denija Griezes un grupas \u201cSkvirl&#8217; Boizz\u201d: c\u012b\u0146a par uzvaru turpin\u0101s\u00a0\u2014\u00a0Lente.lv"},"content":{"rendered":"<p>\u0160ova \u201cX Faktors\u201d otr\u0101 tie\u0161raide: Denijs Grieze un \u201cSkvirl&#8217; Boizz\u201d pamet sacens\u012bbu<\/p>\n<p>\u0160ova \u201cX Faktors\u201d otraj\u0101 tie\u0161raid\u0113, kas notika 2025. gada 23. novembr\u012b, emocion\u0101l\u0101 gaisotn\u0113 tika izbalsoti v\u0113l divi fin\u0101listi. \u0160oreiz ar dziesm\u0101m skat\u012bt\u0101jus vairs neieskaidros Denijs Grieze un grupa \u201cSkvirl&#8217; Boizz\u201d. Vi\u0146u aiziet no \u0161ova noz\u012bm\u0113, ka c\u012b\u0146u par galveno balvu \u2013 10 000 eiro un rekl\u0101mas laiku radio \u201cStar FM\u201d \u2013 turpina septi\u0146i dal\u012bbnieki.<\/p>\n<p>Neatmaks\u0101jusies strat\u0113\u0123ija un negaid\u012bts izbalsojums<\/p>\n<p>Lai gan abi dal\u012bbnieki bija centu\u0161ies atst\u0101t palieko\u0161u iespaidu uz skat\u012bt\u0101jiem un \u017e\u016briju, vi\u0146u sniegums otraj\u0101 tie\u0161raid\u0113 nebija pietiekami p\u0101rliecino\u0161s, lai turpin\u0101tu dal\u012bbu \u0161ov\u0101. Denijs Grieze, kur\u0161 jau pirms dal\u012bbas \u0161ov\u0101 bija akt\u012bvs m\u016bzi\u0137is ar vair\u0101kiem singliem un videoklipiem, diem\u017e\u0113l nesp\u0113ja iekarot visu mentoru sirdis. Savuk\u0101rt grupas \u201cSkvirl&#8217; Boizz\u201d priek\u0161nesums, lai ar\u012b izc\u0113l\u0101s ar drosm\u012bgu apvienojumu, piem\u0113ram, grupas \u201cQueen\u201d ritmus ar Raimonda Paula le\u0123end\u0101ro kompoz\u012bciju \u201cAi, dundur\u201d, neizgl\u0101ba vi\u0146us no izbalso\u0161anas. K\u0101 nov\u0113roju\u0161i da\u017ei eksperti, piem\u0113ram, mentors Marats Og\u013cez\u0146evs, Intara Busu\u013ca komanda m\u0113dz pietur\u0113ties pie saviem ierastajiem \u201ckonditorejas standartiem\u201d, kas, iesp\u0113jams, \u0161oreiz nebija pietiekami ori\u0123in\u0101ls, lai iepatiktos visiem.<\/p>\n<p>Cer\u012bbu staru un turpin\u0101jums<\/p>\n<p>Lai gan Denijs Grieze un \u201cSkvirl&#8217; Boizz\u201d pamet \u0161ovu, citi dal\u012bbnieki turpina savu ce\u013cu uz uzvaru. Anastasija Vasilenko, pateicoties \u017e\u016brijas atbalstam un sp\u0113c\u012bgai gl\u0101b\u0113jdziesmai, ir nodro\u0161in\u0101jusi savu dal\u012bbu turpm\u0101kajos raid\u012bjumos. Savuk\u0101rt J\u0101nis Rug\u0101js jau atkal ir ieguvis skat\u012bt\u0101ju simp\u0101tiju balvu, apliecinot savu popularit\u0101ti un sp\u0113ju uzrun\u0101t auditoriju. \u0160is vakars bija pies\u0101tin\u0101ts ar da\u017e\u0101diem priek\u0161nesumiem \u2013 no ener\u0123isk\u0101m \u201cQueen\u201d interpret\u0101cij\u0101m l\u012bdz pat juteklisk\u0101m Maikla Boltona dziesm\u0101m, ko izpild\u012bja J\u0101nis Rug\u0101js. Ar\u012b citi dal\u012bbnieki, piem\u0113ram, Markuss Daniels Kolosovs ar \u201cThe Cranberries\u201d protestu dziesmu \u201cZombie\u201d un Dagm\u0101ra Laic\u0101ne ar Ulda Marhil\u0113vi\u010da dziesmu \u201cL\u016bgums\u201d, demonstr\u0113ja savu talantu un emocion\u0101lo dzi\u013cumu.<\/p>\n<p>Spriedze un ce\u013c\u0161 uz fin\u0101lu<\/p>\n<p>\u0160ova \u201cX Faktors\u201d otr\u0101 tie\u0161raide apliecin\u0101ja, ka konkurence k\u013c\u016bst arvien s\u012bv\u0101ka. Katra uzst\u0101\u0161an\u0101s ir k\u0101 dz\u012bv\u012bbas un n\u0101ves jaut\u0101jums, kur\u0101 j\u0101par\u0101da ne tikai tehnisk\u0101 meistar\u012bba, bet ar\u012b sp\u0113ja aizkustin\u0101t un iepriecin\u0101t skat\u012bt\u0101jus. Aiziet no \u0161ova ir r\u016bgta pieredze, ta\u010du t\u0101 motiv\u0113 atliku\u0161os dal\u012bbniekus v\u0113l vair\u0101k sa\u0146emties un dot visu savu sp\u0113ku n\u0101kamaj\u0101s tie\u0161raid\u0113s. Septi\u0146i dal\u012bbnieki turpina c\u012b\u0146u par 10 000 eiro balvu un sapni k\u013c\u016bt par \u201cX Faktora\u201d uzvar\u0113t\u0101ju, un katrs priek\u0161nesums ir solis tuv\u0101k fin\u0101lam. Katrs mentoru komandas \u2013 Aijas Au\u0161k\u0101pas, Intara Busu\u013ca, Reinja S\u0113j\u0101na un Marata Og\u013cez\u0146eva \u2013 p\u0101rst\u0101vis tagad cent\u012bsies nodro\u0161in\u0101t, lai vi\u0146u dal\u012bbnieki sp\u0113tu notur\u0113ties augst\u0101kaj\u0101 l\u012bmen\u012b un p\u0101rliecino\u0161i virz\u012btos uz uzvaru.<\/p>\n","protected":false},"excerpt":{"rendered":"\u0160ova \u201cX Faktors\u201d otr\u0101 tie\u0161raide: Denijs Grieze un \u201cSkvirl&#8217; Boizz\u201d pamet sacens\u012bbu \u0160ova \u201cX Faktors\u201d otraj\u0101 tie\u0161raid\u0113, kas&hellip;\n","protected":false},"author":2,"featured_media":58132,"comment_status":"","ping_status":"","sticky":false,"template":"","format":"standard","meta":{"footnotes":""},"categories":[19],"tags":[5307,89,90,35,39,38,36,37,34,40,15591,1111],"class_list":{"0":"post-58131","1":"post","2":"type-post","3":"status-publish","4":"format-standard","5":"has-post-thumbnail","7":"category-izklaide","8":"tag-denijs-grieze","9":"tag-entertainment","10":"tag-izklaide","11":"tag-latvia","12":"tag-latvian","13":"tag-latviesu","14":"tag-latviesu-valoda","15":"tag-latviesuvaloda","16":"tag-latvija","17":"tag-lv","18":"tag-skvirl","19":"tag-x-faktors"},"share_on_mastodon":{"url":"https:\/\/pubeurope.com\/@lv\/115609550399689084","error":""},"_links":{"self":[{"href":"https:\/\/www.europesays.com\/lv\/wp-json\/wp\/v2\/posts\/58131","targetHints":{"allow":["GET"]}}],"collection":[{"href":"https:\/\/www.europesays.com\/lv\/wp-json\/wp\/v2\/posts"}],"about":[{"href":"https:\/\/www.europesays.com\/lv\/wp-json\/wp\/v2\/types\/post"}],"author":[{"embeddable":true,"href":"https:\/\/www.europesays.com\/lv\/wp-json\/wp\/v2\/users\/2"}],"replies":[{"embeddable":true,"href":"https:\/\/www.europesays.com\/lv\/wp-json\/wp\/v2\/comments?post=58131"}],"version-history":[{"count":0,"href":"https:\/\/www.europesays.com\/lv\/wp-json\/wp\/v2\/posts\/58131\/revisions"}],"wp:featuredmedia":[{"embeddable":true,"href":"https:\/\/www.europesays.com\/lv\/wp-json\/wp\/v2\/media\/58132"}],"wp:attachment":[{"href":"https:\/\/www.europesays.com\/lv\/wp-json\/wp\/v2\/media?parent=58131"}],"wp:term":[{"taxonomy":"category","embeddable":true,"href":"https:\/\/www.europesays.com\/lv\/wp-json\/wp\/v2\/categories?post=58131"},{"taxonomy":"post_tag","embeddable":true,"href":"https:\/\/www.europesays.com\/lv\/wp-json\/wp\/v2\/tags?post=58131"}],"curies":[{"name":"wp","href":"https:\/\/api.w.org\/{rel}","templated":true}]}}