{"id":5815,"date":"2025-09-26T19:14:07","date_gmt":"2025-09-26T19:14:07","guid":{"rendered":"https:\/\/www.europesays.com\/lv\/5815\/"},"modified":"2025-09-26T19:14:07","modified_gmt":"2025-09-26T19:14:07","slug":"gustavs-marks-zarins-debite-ar-iespaidigu-sniegumu-zviedrijas-florbola-liga-lente-lv","status":"publish","type":"post","link":"https:\/\/www.europesays.com\/lv\/5815\/","title":{"rendered":"Gustavs Marks Zari\u0146\u0161 debit\u0113 ar iespaid\u012bgu sniegumu Zviedrijas florbola l\u012bg\u0101\u00a0\u2014\u00a0Lente.lv"},"content":{"rendered":"<p>Zari\u0146a spo\u017e\u0101 debija Zviedrijas florbola l\u012bg\u0101 un citu latvie\u0161u pan\u0101kumi \u0101rzem\u0113s<\/p>\n<p>Gustavs Marks Zari\u0146\u0161 aizvad\u012bjis iespaid\u012bgu debiju Zviedrijas tre\u0161aj\u0101 sp\u0113c\u012bg\u0101kaj\u0101 florbola l\u012bg\u0101, jau pirmaj\u0101 sp\u0113l\u0113 g\u016bstot tr\u012bs v\u0101rtus un pal\u012bdzot savai komandai \u201cHasselby SK IBK\u201d nodro\u0161in\u0101t p\u0101rliecino\u0161u uzvaru p\u0101r \u201cVarmdo IF\u201d ar rezult\u0101tu 9:2. \u0160is sniegums ne tikai atnesa Zari\u0146am sp\u0113les lab\u0101k\u0101 sp\u0113l\u0113t\u0101ja titulu, bet ar\u012b p\u0101rliecino\u0161i iez\u012bm\u0113ja vi\u0146a kl\u0101tb\u016btni jaunaj\u0101 l\u012bmen\u012b. Zari\u0146a talants tika atkl\u0101ts jau agr\u0101k, jo vi\u0146\u0161 tika iek\u013cauts Latvijas U19 izlases sast\u0101v\u0101 Pasaules \u010dempion\u0101tam \u0160veic\u0113.<\/p>\n<p>Latvie\u0161u talanti citas l\u012bgas pier\u0101da sevi<\/p>\n<p>Ne tikai Zari\u0146\u0161 demonstr\u0113 savu meistar\u012bbu aiz Latvijas robe\u017e\u0101m. D\u0101mu konkurenc\u0113 Zviedrij\u0101, Lu\u012bze Bi\u013cinska, sp\u0113l\u0113jot \u201cSkoghalls IBK\u201d sast\u0101v\u0101, pie rezultat\u012bvas piesp\u0113les tika sp\u0113les otraj\u0101 tre\u0161da\u013c\u0101, lai gan vi\u0146as komanda piedz\u012bvoja zaud\u0113jumu pret \u201cLillan IBK\u201d ar 2:5. Bi\u013cinska ir pieredz\u0113jusi sp\u0113l\u0113t\u0101ja, kura iepriek\u0161 ir sp\u0113l\u0113jusi ar\u012b \u0160veices un Norv\u0113\u0123ijas sp\u0113c\u012bg\u0101kaj\u0101s l\u012bg\u0101s.<\/p>\n<p>Somijas junioru U22 l\u012bg\u0101 K\u0101rlis Stuk\u0101ns ir atz\u012bm\u0113jies ar pirmo rezultat\u012bvo piesp\u0113li savas komandas \u201cNokian KrP\u201d sast\u0101v\u0101, pal\u012bdzot komandai izc\u012bn\u012bt uzvaru p\u0101r \u201cSalBa\u201d ar rezult\u0101tu 5:3. Lai gan Stuk\u0101ns ir jaunais talants, vi\u0146\u0161 jau ir iek\u013cauts Latvijas v\u012brie\u0161u izlases sast\u0101v\u0101 dal\u012bbai Pasaules \u010dempion\u0101t\u0101 Zviedrij\u0101.<\/p>\n<p>Roberts \u0100bele, kur\u0161 p\u0101rst\u0101v \u0160veices klubu \u201cFloorball Thurgau\u201d, ir viens no diviem jaunajiem sp\u0113l\u0113t\u0101jiem, kas sp\u0113\u013cu pieredzi papildina \u0101rvalstu klubos, vienlaikus b\u016bdams da\u013ca no Latvijas U19 izlases.<\/p>\n<p>Latvijas florbola n\u0101kotne spo\u017e\u0101 gaism\u0101<\/p>\n<p>\u0160ie jaunie sportisti ir apliecin\u0101jums Latvijas florbola augo\u0161ajai kvalit\u0101tei un talantu att\u012bst\u012bbai. Gustavs Marks Zari\u0146\u0161, Lu\u012bze Bi\u013cinska, K\u0101rlis Stuk\u0101ns un Roberts \u0100bele ne tikai p\u0101rst\u0101v Latviju da\u017e\u0101d\u0101s l\u012bg\u0101s, bet ar\u012b nes Latvijas v\u0101rdu pasaul\u0113. Vi\u0146u pan\u0101kumi ir iedvesma jaunajiem sp\u0113l\u0113t\u0101jiem Latvij\u0101 un liecina par sp\u0113c\u012bgu pamatu n\u0101kotnes pan\u0101kumiem gan kluba, gan valsts izlases l\u012bmen\u012b. \u0160ie jaunie talanti ir da\u013ca no pla\u0161\u0101kas Latvijas florbolistu kopienas, kas akt\u012bvi darbojas da\u017e\u0101d\u0101s l\u012bg\u0101s, sniedzot ieguld\u012bjumu savu komandu pan\u0101kumos.<\/p>\n","protected":false},"excerpt":{"rendered":"Zari\u0146a spo\u017e\u0101 debija Zviedrijas florbola l\u012bg\u0101 un citu latvie\u0161u pan\u0101kumi \u0101rzem\u0113s Gustavs Marks Zari\u0146\u0161 aizvad\u012bjis iespaid\u012bgu debiju Zviedrijas&hellip;\n","protected":false},"author":2,"featured_media":5816,"comment_status":"","ping_status":"","sticky":false,"template":"","format":"standard","meta":{"footnotes":""},"categories":[17],"tags":[283,2586,2588,35,39,38,36,37,34,2589,40,67,2587],"class_list":{"0":"post-5815","1":"post","2":"type-post","3":"status-publish","4":"format-standard","5":"has-post-thumbnail","7":"category-sports","8":"tag-florbols","9":"tag-gustavs-marks-zarins","10":"tag-karlis-stukans","11":"tag-latvia","12":"tag-latvian","13":"tag-latviesu","14":"tag-latviesu-valoda","15":"tag-latviesuvaloda","16":"tag-latvija","17":"tag-luize-bilinska","18":"tag-lv","19":"tag-sports","20":"tag-zviedrijas-florbola-liga"},"share_on_mastodon":{"url":"","error":""},"_links":{"self":[{"href":"https:\/\/www.europesays.com\/lv\/wp-json\/wp\/v2\/posts\/5815","targetHints":{"allow":["GET"]}}],"collection":[{"href":"https:\/\/www.europesays.com\/lv\/wp-json\/wp\/v2\/posts"}],"about":[{"href":"https:\/\/www.europesays.com\/lv\/wp-json\/wp\/v2\/types\/post"}],"author":[{"embeddable":true,"href":"https:\/\/www.europesays.com\/lv\/wp-json\/wp\/v2\/users\/2"}],"replies":[{"embeddable":true,"href":"https:\/\/www.europesays.com\/lv\/wp-json\/wp\/v2\/comments?post=5815"}],"version-history":[{"count":0,"href":"https:\/\/www.europesays.com\/lv\/wp-json\/wp\/v2\/posts\/5815\/revisions"}],"wp:featuredmedia":[{"embeddable":true,"href":"https:\/\/www.europesays.com\/lv\/wp-json\/wp\/v2\/media\/5816"}],"wp:attachment":[{"href":"https:\/\/www.europesays.com\/lv\/wp-json\/wp\/v2\/media?parent=5815"}],"wp:term":[{"taxonomy":"category","embeddable":true,"href":"https:\/\/www.europesays.com\/lv\/wp-json\/wp\/v2\/categories?post=5815"},{"taxonomy":"post_tag","embeddable":true,"href":"https:\/\/www.europesays.com\/lv\/wp-json\/wp\/v2\/tags?post=5815"}],"curies":[{"name":"wp","href":"https:\/\/api.w.org\/{rel}","templated":true}]}}