{"id":58213,"date":"2025-11-25T11:18:08","date_gmt":"2025-11-25T11:18:08","guid":{"rendered":"https:\/\/www.europesays.com\/lv\/58213\/"},"modified":"2025-11-25T11:18:08","modified_gmt":"2025-11-25T11:18:08","slug":"makrons-uzsver-ka-ukrainas-kapitulacija-nav-pielaujama","status":"publish","type":"post","link":"https:\/\/www.europesays.com\/lv\/58213\/","title":{"rendered":"Makrons uzsver, ka Ukrainas kapitul\u0101cija nav pie\u013caujama"},"content":{"rendered":"<p>&#8220;M\u0113s v\u0113lamies mieru, bet ne mieru, kas b\u016bt\u012bb\u0101 ir kapitul\u0101cija, kas Ukrainu nost\u0101da neiesp\u0113jam\u0101 situ\u0101cij\u0101, kas dod Krievijai br\u012bvu va\u013cu turpin\u0101t iet t\u0101l\u0101k, tostarp uz cit\u0101m Eiropas valst\u012bm,&#8221; otrdien p\u0101rraid\u012bt\u0101 intervij\u0101 radio RTL sac\u012bja Makrons. Vi\u0146\u0161 piebilda, ka ASV pl\u0101ns ir solis pareizaj\u0101 virzien\u0101 ar elementiem, kas b\u016btu j\u0101apsprie\u017e un j\u0101uzlabo.<\/p>\n<p>&#8220;Tas, kas tiek celts gald\u0101, rada mums priek\u0161statu par to, kas ir pie\u0146emams krieviem,&#8221; nor\u0101d\u012bja Francijas l\u012bderis, uzsverot, ka tikai un vien\u012bgi ukrai\u0146i ir tie, kas var piekrist pl\u0101n\u0101 izkl\u0101st\u012btajiem nosac\u012bjumiem.<\/p>\n<p>&#8220;Neviens nevar pateikt ukrai\u0146u v\u0101rd\u0101, uz k\u0101du piek\u0101p\u0161anos teritoriju zi\u0146\u0101 vi\u0146i ir gatavi,&#8221; uzsv\u0113ra Makrons, kuram \u0161odien paredz\u0113ta videokonference ar Ukrainas galveno Eiropas sabiedroto l\u012bderiem, lai apspriestu ASV pl\u0101nu.<\/p>\n<p>ASV ierosin\u0101tais 28 punktu pl\u0101ns t\u0101 s\u0101kotn\u0113j\u0101 versij\u0101 bija \u013coti labv\u0113l\u012bgs Krievijai. Taj\u0101 no Ukrainas tika pras\u012bts atdot Krievijai okup\u0113t\u0101s teritorijas, k\u0101 ar\u012b t\u0101s teritorijas, kuras Krievija nemaz nav iekarojusi. Kijivai ar\u012b pras\u012bts ap\u0146emties nekad nepievienoties NATO un samazin\u0101t armiju.<\/p>\n<p>Ned\u0113\u013cas nogal\u0113 ASV, Ukrainas un Eiropas p\u0101rst\u0101vju sarun\u0101s \u017den\u0113v\u0101 ASV pl\u0101ns tika uzlabots, vair\u0101k \u0146emot v\u0113r\u0101 Ukrainas nost\u0101ju.<\/p>\n<p>Cita starp\u0101 pl\u0101ns paredz ar\u012b izmantot Eirop\u0101 iesald\u0113tos Krievijas akt\u012bvus ASV vad\u012btos projektos, lai atjaunotu Ukrainu p\u0113c kara. Ta\u010du Makrons uzsv\u0113ra, ka eiropie\u0161iem ir j\u0101izlemj, ko dar\u012bt ar \u0161iem l\u012bdzek\u013ciem.<\/p>\n<p>Vienlaikus Makrons nor\u0101d\u012bja, ka vien\u012bgais patie\u0161\u0101m neatbild\u0113tais jaut\u0101jums ir, vai Krievija ir gatava ilgsto\u0161am mieram. &#8220;Mieram, kur\u0101 vi\u0146i p\u0113c se\u0161iem m\u0113ne\u0161iem, asto\u0146iem m\u0113ne\u0161iem vai diviem gadiem atkal neiebruks Ukrain\u0101,&#8221; uzsv\u0113ra Francijas prezidents.<\/p>\n","protected":false},"excerpt":{"rendered":"&#8220;M\u0113s v\u0113lamies mieru, bet ne mieru, kas b\u016bt\u012bb\u0101 ir kapitul\u0101cija, kas Ukrainu nost\u0101da neiesp\u0113jam\u0101 situ\u0101cij\u0101, kas dod Krievijai&hellip;\n","protected":false},"author":2,"featured_media":58214,"comment_status":"","ping_status":"","sticky":false,"template":"","format":"standard","meta":{"footnotes":""},"categories":[5],"tags":[23,28,29,1310,32,33,22,74,30,31,35,39,38,36,37,34,40,20,26,27,24,25,21],"class_list":{"0":"post-58213","1":"post","2":"type-post","3":"status-publish","4":"format-standard","5":"has-post-thumbnail","7":"category-aktualitates","8":"tag-aktualitates","9":"tag-breaking-news","10":"tag-breakingnews","11":"tag-emanuels-makrons","12":"tag-featured-news","13":"tag-featurednews","14":"tag-headlines","15":"tag-krievijas-iebrukums-ukraina","16":"tag-latest-news","17":"tag-latestnews","18":"tag-latvia","19":"tag-latvian","20":"tag-latviesu","21":"tag-latviesu-valoda","22":"tag-latviesuvaloda","23":"tag-latvija","24":"tag-lv","25":"tag-news","26":"tag-popularakas-zinas","27":"tag-popularakaszinas","28":"tag-top-stories","29":"tag-topstories","30":"tag-zinas"},"share_on_mastodon":{"url":"https:\/\/pubeurope.com\/@lv\/115610065565090191","error":""},"_links":{"self":[{"href":"https:\/\/www.europesays.com\/lv\/wp-json\/wp\/v2\/posts\/58213","targetHints":{"allow":["GET"]}}],"collection":[{"href":"https:\/\/www.europesays.com\/lv\/wp-json\/wp\/v2\/posts"}],"about":[{"href":"https:\/\/www.europesays.com\/lv\/wp-json\/wp\/v2\/types\/post"}],"author":[{"embeddable":true,"href":"https:\/\/www.europesays.com\/lv\/wp-json\/wp\/v2\/users\/2"}],"replies":[{"embeddable":true,"href":"https:\/\/www.europesays.com\/lv\/wp-json\/wp\/v2\/comments?post=58213"}],"version-history":[{"count":0,"href":"https:\/\/www.europesays.com\/lv\/wp-json\/wp\/v2\/posts\/58213\/revisions"}],"wp:featuredmedia":[{"embeddable":true,"href":"https:\/\/www.europesays.com\/lv\/wp-json\/wp\/v2\/media\/58214"}],"wp:attachment":[{"href":"https:\/\/www.europesays.com\/lv\/wp-json\/wp\/v2\/media?parent=58213"}],"wp:term":[{"taxonomy":"category","embeddable":true,"href":"https:\/\/www.europesays.com\/lv\/wp-json\/wp\/v2\/categories?post=58213"},{"taxonomy":"post_tag","embeddable":true,"href":"https:\/\/www.europesays.com\/lv\/wp-json\/wp\/v2\/tags?post=58213"}],"curies":[{"name":"wp","href":"https:\/\/api.w.org\/{rel}","templated":true}]}}