{"id":58215,"date":"2025-11-25T11:19:08","date_gmt":"2025-11-25T11:19:08","guid":{"rendered":"https:\/\/www.europesays.com\/lv\/58215\/"},"modified":"2025-11-25T11:19:08","modified_gmt":"2025-11-25T11:19:08","slug":"saimnieksova-ruta-izradas-ir-preceta-sieva","status":"publish","type":"post","link":"https:\/\/www.europesays.com\/lv\/58215\/","title":{"rendered":"&#8220;Saimniek\u0161ova&#8221; Ruta izr\u0101d\u0101s ir prec\u0113ta sieva!"},"content":{"rendered":"<p>Saimniek\u0161ova l\u012bgavi\u0146ai izr\u0101d\u0101s ir attiec\u012bbu pieredze ne tikai ar latvju b\u0101leli\u0146iem (vi\u0146as pirmais v\u012brs ir latvietis), bet ar\u012b \u0101rzemju prin\u010diem. Sarun\u0101 ar \u017eurn\u0101lu &#8220;Priv\u0101t\u0101 Dz\u012bve&#8221; Ruta atkl\u0101ja, ka, dz\u012bvojot V\u0101cij\u0101, ir bijusi attiec\u012bb\u0101s gan ar izskat\u012bgu grie\u0137i, gan p\u0113c tam ar\u012b apprec\u0113jusies ar v\u0101cieti.<\/p>\n<blockquote class=\"quote ck-widget\" contenteditable=\"false\">\n<p>Par savu otro v\u012bru Ruta run\u0101 tikai labu. &#8220;\u013boti labs un sirsn\u012bgs cilv\u0113ks. Nav t\u0101ds k\u0101 citi v\u0101cie\u0161i, kuri taupa katru centu.&#8221;<\/p>\n<\/blockquote>\n<p>Ta\u010du savien\u012bba ar v\u0101cieti izjukusi p\u0113k\u0161\u0146i un mu\u013c\u0137\u012bgi.<\/p>\n<p>&#8220;M\u0113s \u0161\u0137\u012br\u0101mies zeme\u0146u d\u0113\u013c. Toreiz bija vasara un zeme\u0146u laiks. Pirms do\u0161an\u0101s uz darbu, biju salas\u012bjusi zemenes, nolikusi vi\u0146am pie gultas un uzlikusi z\u012bm\u012bti ar bu\u010di\u0146u &#8211; t\u0101, lai viss ir skaisti.<\/p>\n<p>Kad p\u0101rn\u0101cu no darba, redz\u0113ju, ka zemen\u0113m vi\u0146\u0161 nebija piesk\u0101ries. Bern\u0101tam jaut\u0101ju: &#8220;K\u0101p\u0113c ne\u0113di manas zemenes?&#8221;<\/p>\n<blockquote class=\"quote ck-widget\" contenteditable=\"false\">\n<p>Vi\u0146\u0161 s\u0101ka b\u013caut: &#8220;K\u0101p\u0113c man j\u0101\u0113d tas, ko tu gribi? M\u0113s visu laiku dz\u012bvojam t\u0101, k\u0101 tu gribi!&#8221; atceras Ruta.<\/p>\n<\/blockquote>\n<p>Bern\u0101ts Rutu pametis, ta\u010du laul\u012bba ofici\u0101li v\u0113l joproj\u0101m nav \u0161\u0137irta. Tagad vi\u0146ai esot draugs no Daugavpils, pier\u0101dot, ka ar\u012b 60 gados var izveidot laim\u012bgas attiec\u012bbas.<\/p>\n<p>Vair\u0101k lasi \u017eurn\u0101la <a target=\"_blank\" rel=\"noopener noreferrer nofollow\" href=\"https:\/\/www.santa.lv\">&#8220;Priv\u0101t\u0101 Dz\u012bve&#8221;<\/a> 25. novembra numur\u0101!<\/p>\n","protected":false},"excerpt":{"rendered":"Saimniek\u0161ova l\u012bgavi\u0146ai izr\u0101d\u0101s ir attiec\u012bbu pieredze ne tikai ar latvju b\u0101leli\u0146iem (vi\u0146as pirmais v\u012brs ir latvietis), bet ar\u012b&hellip;\n","protected":false},"author":2,"featured_media":58216,"comment_status":"","ping_status":"","sticky":false,"template":"","format":"standard","meta":{"footnotes":""},"categories":[19],"tags":[89,90,35,39,38,36,37,34,1429,40,757],"class_list":{"0":"post-58215","1":"post","2":"type-post","3":"status-publish","4":"format-standard","5":"has-post-thumbnail","7":"category-izklaide","8":"tag-entertainment","9":"tag-izklaide","10":"tag-latvia","11":"tag-latvian","12":"tag-latviesu","13":"tag-latviesu-valoda","14":"tag-latviesuvaloda","15":"tag-latvija","16":"tag-latvijas-zurnali","17":"tag-lv","18":"tag-saimnieks-mekle-sievu"},"share_on_mastodon":{"url":"https:\/\/pubeurope.com\/@lv\/115610069458360178","error":""},"_links":{"self":[{"href":"https:\/\/www.europesays.com\/lv\/wp-json\/wp\/v2\/posts\/58215","targetHints":{"allow":["GET"]}}],"collection":[{"href":"https:\/\/www.europesays.com\/lv\/wp-json\/wp\/v2\/posts"}],"about":[{"href":"https:\/\/www.europesays.com\/lv\/wp-json\/wp\/v2\/types\/post"}],"author":[{"embeddable":true,"href":"https:\/\/www.europesays.com\/lv\/wp-json\/wp\/v2\/users\/2"}],"replies":[{"embeddable":true,"href":"https:\/\/www.europesays.com\/lv\/wp-json\/wp\/v2\/comments?post=58215"}],"version-history":[{"count":0,"href":"https:\/\/www.europesays.com\/lv\/wp-json\/wp\/v2\/posts\/58215\/revisions"}],"wp:featuredmedia":[{"embeddable":true,"href":"https:\/\/www.europesays.com\/lv\/wp-json\/wp\/v2\/media\/58216"}],"wp:attachment":[{"href":"https:\/\/www.europesays.com\/lv\/wp-json\/wp\/v2\/media?parent=58215"}],"wp:term":[{"taxonomy":"category","embeddable":true,"href":"https:\/\/www.europesays.com\/lv\/wp-json\/wp\/v2\/categories?post=58215"},{"taxonomy":"post_tag","embeddable":true,"href":"https:\/\/www.europesays.com\/lv\/wp-json\/wp\/v2\/tags?post=58215"}],"curies":[{"name":"wp","href":"https:\/\/api.w.org\/{rel}","templated":true}]}}