{"id":58228,"date":"2025-11-25T11:35:08","date_gmt":"2025-11-25T11:35:08","guid":{"rendered":"https:\/\/www.europesays.com\/lv\/58228\/"},"modified":"2025-11-25T11:35:08","modified_gmt":"2025-11-25T11:35:08","slug":"saistiba-ar-kontrabandas-baloniem-no-baltkrievijas-latvija-aiztureti-vairaki-lietuvas-pilsoni","status":"publish","type":"post","link":"https:\/\/www.europesays.com\/lv\/58228\/","title":{"rendered":"Saist\u012bb\u0101 ar kontrabandas baloniem no Baltkrievijas Latvij\u0101 aiztur\u0113ti vair\u0101ki Lietuvas pilso\u0146i"},"content":{"rendered":"<p>Vi\u0146\u0161 sac\u012bja, ka biju\u0161i ar\u012b cilv\u0113ki, kas ieradu\u0161ies paka\u013c no K\u0113nigsbergas ekskl\u0101va palaist\u0101m kontrabandas krav\u0101m, turkl\u0101t tie biju\u0161i tie pa\u0161i cilv\u0113ki, kas darboju\u0161ies ar\u012b Lietuvas austrumos.<\/p>\n<p>Lietuvas Valsts robe\u017esardzes priek\u0161nieks atkl\u0101ja, ka pirmais m\u0113\u0123in\u0101jums palaist balonus no Krievijas ekskl\u0101va tika re\u0123istr\u0113ts vasaras beig\u0101s.<\/p>\n<p>&#8220;\u0160\u0101du gad\u012bjumu bija maz, bet visi tika identific\u0113ti, veicot operat\u012bv\u0101s izmekl\u0113\u0161anas darb\u012bbas. (..) Tie, kas ierad\u0101s p\u0113c prec\u0113m, tika aiztur\u0113ti,&#8221; sac\u012bja robe\u017esardzes priek\u0161nieks.<\/p>\n<p>P\u0113c tam, kad ruden\u012b pastiprin\u0101j\u0101s cigare\u0161u kontrabandas balonu pl\u016bsma no Baltkrievijas, kas vair\u0101kk\u0101rt trauc\u0113ja lidostu darbu, Lietuvas vald\u012bba oktobr\u012b uz m\u0113nesi &#8211; l\u012bdz 30. novembrim &#8211; sl\u0113dza p\u0113d\u0113jos divus robe\u017ekontroles punktus uz robe\u017eas ar Baltkrieviju &#8211; Medininkus un \u0160al\u010dininkus.<\/p>\n<p>Ta\u010du, atsaucoties uz tehnisk\u0101m sarun\u0101m ar Minsku un kontrabandas meteozon\u017eu skaita samazin\u0101\u0161anos, pag\u0101ju\u0161aj\u0101 ned\u0113\u013c\u0101 Lietuvas vald\u012bba nol\u0113ma atjaunot abu sl\u0113gto robe\u017ekontroles punktu darb\u012bbu.<\/p>\n<p>Kop\u0161 robe\u017eas atv\u0113r\u0161anas ceturtdien meteozon\u017eu rad\u012bto risku d\u0113\u013c jau vair\u0101kk\u0101rt ir bijusi aptur\u0113ta Vi\u013c\u0146as lidostas darb\u012bba.<\/p>\n<p>Rea\u0123\u0113jot uz Lietuvas l\u0113mumu sl\u0113gt robe\u017eu, Minskas re\u017e\u012bms aizliedza kravas automa\u0161\u012bn\u0101m ar Lietuvas re\u0123istr\u0101cijas numura z\u012bm\u0113m p\u0101rvietoties pa Baltkrievijas teritoriju. P\u0113c robe\u017eas atv\u0113r\u0161anas Lietuvas kravas automobi\u013ci vals\u012b nav atgriezu\u0161ies.<\/p>\n<p>&#8220;Var teikt, ka t\u0101s kravas automa\u0161\u012bnas, kas izbrauca p\u0113c robe\u017e\u0161\u0137\u0113rso\u0161anas punktu atv\u0113r\u0161anas, atgriez\u0101s Lietuv\u0101. Tie, kas pa\u0161laik atrodas st\u0101vlaukumos, pagaid\u0101m nekur nebrauc,&#8221; sac\u012bja robe\u017esardzes dienesta vad\u012bt\u0101js \u013bubajevs.<\/p>\n<p>&#8220;M\u0113s skaidri redzam hibr\u012bdkara izpausmes,&#8221; \u013bubajevs piebilda.<\/p>\n","protected":false},"excerpt":{"rendered":"Vi\u0146\u0161 sac\u012bja, ka biju\u0161i ar\u012b cilv\u0113ki, kas ieradu\u0161ies paka\u013c no K\u0113nigsbergas ekskl\u0101va palaist\u0101m kontrabandas krav\u0101m, turkl\u0101t tie biju\u0161i&hellip;\n","protected":false},"author":2,"featured_media":57624,"comment_status":"","ping_status":"","sticky":false,"template":"","format":"standard","meta":{"footnotes":""},"categories":[12],"tags":[23,28,29,32,33,22,30,31,35,39,38,36,37,34,1464,40,20,26,27,6542,24,25,5203,21],"class_list":{"0":"post-58228","1":"post","2":"type-post","3":"status-publish","4":"format-standard","5":"has-post-thumbnail","7":"category-latvija","8":"tag-aktualitates","9":"tag-breaking-news","10":"tag-breakingnews","11":"tag-featured-news","12":"tag-featurednews","13":"tag-headlines","14":"tag-latest-news","15":"tag-latestnews","16":"tag-latvia","17":"tag-latvian","18":"tag-latviesu","19":"tag-latviesu-valoda","20":"tag-latviesuvaloda","21":"tag-latvija","22":"tag-lietuva","23":"tag-lv","24":"tag-news","25":"tag-popularakas-zinas","26":"tag-popularakaszinas","27":"tag-robezsardze","28":"tag-top-stories","29":"tag-topstories","30":"tag-valsts-robezsardze","31":"tag-zinas"},"share_on_mastodon":{"url":"https:\/\/pubeurope.com\/@lv\/115610132501305015","error":""},"_links":{"self":[{"href":"https:\/\/www.europesays.com\/lv\/wp-json\/wp\/v2\/posts\/58228","targetHints":{"allow":["GET"]}}],"collection":[{"href":"https:\/\/www.europesays.com\/lv\/wp-json\/wp\/v2\/posts"}],"about":[{"href":"https:\/\/www.europesays.com\/lv\/wp-json\/wp\/v2\/types\/post"}],"author":[{"embeddable":true,"href":"https:\/\/www.europesays.com\/lv\/wp-json\/wp\/v2\/users\/2"}],"replies":[{"embeddable":true,"href":"https:\/\/www.europesays.com\/lv\/wp-json\/wp\/v2\/comments?post=58228"}],"version-history":[{"count":0,"href":"https:\/\/www.europesays.com\/lv\/wp-json\/wp\/v2\/posts\/58228\/revisions"}],"wp:featuredmedia":[{"embeddable":true,"href":"https:\/\/www.europesays.com\/lv\/wp-json\/wp\/v2\/media\/57624"}],"wp:attachment":[{"href":"https:\/\/www.europesays.com\/lv\/wp-json\/wp\/v2\/media?parent=58228"}],"wp:term":[{"taxonomy":"category","embeddable":true,"href":"https:\/\/www.europesays.com\/lv\/wp-json\/wp\/v2\/categories?post=58228"},{"taxonomy":"post_tag","embeddable":true,"href":"https:\/\/www.europesays.com\/lv\/wp-json\/wp\/v2\/tags?post=58228"}],"curies":[{"name":"wp","href":"https:\/\/api.w.org\/{rel}","templated":true}]}}