{"id":58238,"date":"2025-11-25T11:52:11","date_gmt":"2025-11-25T11:52:11","guid":{"rendered":"https:\/\/www.europesays.com\/lv\/58238\/"},"modified":"2025-11-25T11:52:11","modified_gmt":"2025-11-25T11:52:11","slug":"asv-tiesnese-izbeidz-lietu-pret-bijuso-fib-direktoru-trampa-pretinieku-dzeimsu-komiju","status":"publish","type":"post","link":"https:\/\/www.europesays.com\/lv\/58238\/","title":{"rendered":"ASV tiesnese izbeidz lietu pret biju\u0161o FIB direktoru, Trampa pretinieku D\u017eeimsu Komiju"},"content":{"rendered":"<p>Tiesnese Kemerona Karija izbeidza abas lietas, k\u0101 pamatojumu minot to, ka Trampa izraudz\u012bt\u0101 prokurore Lindsija Heligena, kas izvirz\u012bja aps\u016bdz\u012bbas Komijam un D\u017eeimsam, bijusi pretlikum\u012bgi iecelta par prokurori.<\/p>\n<p>64 gadus vecais Komijs septembr\u012b tika aps\u016bdz\u0113ts nepatiesu pazi\u0146ojumu izteik\u0161an\u0101 un tiesved\u012bbas trauc\u0113\u0161an\u0101 saist\u012bb\u0101 ar vi\u0146a veikto izmekl\u0113\u0161anu par to, vai Krievija iejaukusies <a href=\"https:\/\/www.tvnet.lv\/term\/555410\/asv\" class=\"topicLink\" target=\"_blank\" rel=\"nofollow noopener\">ASV<\/a> prezidenta v\u0113l\u0113\u0161an\u0101s 2016. gad\u0101, kur\u0101s Tramps uzvar\u0113ja, un vai Trampam biju\u0161as slepenas vieno\u0161an\u0101s ar Krievijas p\u0101rst\u0101vjiem.<\/p>\n<blockquote class=\"quote ck-widget\" contenteditable=\"false\">\n<p>67 gadus vec\u0101 D\u017eeimsa, kas pirms trim gadiem ies\u016bdz\u0113ja Trampu ties\u0101 par kr\u0101p\u0161anu, oktobr\u012b tika aps\u016bdz\u0113ta par banku kr\u0101pniec\u012bbu un nepatiesiem pazi\u0146ojumiem finan\u0161u iest\u0101dei.<\/p>\n<\/blockquote>\n<p>Aps\u016bdz\u012bbas ab\u0101s liet\u0101s izvirz\u012bja pagaidu prokurore Lindsija Heligena, kuru Karija sav\u0101 l\u0113mum\u0101 raksturoja k\u0101 &#8220;biju\u0161o Balt\u0101 nama pal\u012bdzi bez iepriek\u0161\u0113jas prokurora darba pieredzes&#8221;.<\/p>\n<p>Heligena tika iecelta par pagaidu ASV feder\u0101lo prokurori Vird\u017e\u012bnijas Austrumu apgabalam p\u0113c iepriek\u0161\u0113j\u0101 pagaidu prokurora \u0112rika S\u012bberta demisijas. S\u012bberts pirms atk\u0101p\u0161an\u0101s esot pateicis Tieslietu ministrijas vad\u012bbai, ka nav pietiekamu pier\u0101d\u012bjumu, lai aps\u016bdz\u0113tu Komiju vai D\u017eeimsu.<\/p>\n<p>Karija pazi\u0146oja, ka Heligenas iecel\u0161ana bija pretlikum\u012bga, jo ASV likumi nepie\u013cauj divu pagaidu prokuroru sec\u012bgu atra\u0161anos amat\u0101. T\u0101d\u0113j\u0101di Heligenas darb\u012bbas \u0161aj\u0101 amat\u0101, tai skait\u0101 aps\u016bdz\u012bbu izvirz\u012b\u0161ana, bija izpildvaras pretlikum\u012bga piem\u0113ro\u0161ana.<\/p>\n<p>Karijas l\u0113mums neizsl\u0113dz iesp\u0113ju izvirz\u012bt aps\u016bdz\u012bbas no jauna, tom\u0113r Komija liet\u0101 jau var b\u016bt iest\u0101jies noilgums.<\/p>\n","protected":false},"excerpt":{"rendered":"Tiesnese Kemerona Karija izbeidza abas lietas, k\u0101 pamatojumu minot to, ka Trampa izraudz\u012bt\u0101 prokurore Lindsija Heligena, kas izvirz\u012bja&hellip;\n","protected":false},"author":2,"featured_media":58239,"comment_status":"","ping_status":"","sticky":false,"template":"","format":"standard","meta":{"footnotes":""},"categories":[14],"tags":[23,57,292,28,29,542,32,33,2363,22,30,31,35,39,38,36,37,34,40,20,26,27,24,25,54,55,56,21,58],"class_list":{"0":"post-58238","1":"post","2":"type-post","3":"status-publish","4":"format-standard","5":"has-post-thumbnail","7":"category-zinas-no-arvalstim","8":"tag-aktualitates","9":"tag-arvalstim","10":"tag-asv","11":"tag-breaking-news","12":"tag-breakingnews","13":"tag-donalds-tramps","14":"tag-featured-news","15":"tag-featurednews","16":"tag-fib","17":"tag-headlines","18":"tag-latest-news","19":"tag-latestnews","20":"tag-latvia","21":"tag-latvian","22":"tag-latviesu","23":"tag-latviesu-valoda","24":"tag-latviesuvaloda","25":"tag-latvija","26":"tag-lv","27":"tag-news","28":"tag-popularakas-zinas","29":"tag-popularakaszinas","30":"tag-top-stories","31":"tag-topstories","32":"tag-world","33":"tag-world-news","34":"tag-worldnews","35":"tag-zinas","36":"tag-zinas-no-arvalstim"},"share_on_mastodon":{"url":"https:\/\/pubeurope.com\/@lv\/115610199574847312","error":""},"_links":{"self":[{"href":"https:\/\/www.europesays.com\/lv\/wp-json\/wp\/v2\/posts\/58238","targetHints":{"allow":["GET"]}}],"collection":[{"href":"https:\/\/www.europesays.com\/lv\/wp-json\/wp\/v2\/posts"}],"about":[{"href":"https:\/\/www.europesays.com\/lv\/wp-json\/wp\/v2\/types\/post"}],"author":[{"embeddable":true,"href":"https:\/\/www.europesays.com\/lv\/wp-json\/wp\/v2\/users\/2"}],"replies":[{"embeddable":true,"href":"https:\/\/www.europesays.com\/lv\/wp-json\/wp\/v2\/comments?post=58238"}],"version-history":[{"count":0,"href":"https:\/\/www.europesays.com\/lv\/wp-json\/wp\/v2\/posts\/58238\/revisions"}],"wp:featuredmedia":[{"embeddable":true,"href":"https:\/\/www.europesays.com\/lv\/wp-json\/wp\/v2\/media\/58239"}],"wp:attachment":[{"href":"https:\/\/www.europesays.com\/lv\/wp-json\/wp\/v2\/media?parent=58238"}],"wp:term":[{"taxonomy":"category","embeddable":true,"href":"https:\/\/www.europesays.com\/lv\/wp-json\/wp\/v2\/categories?post=58238"},{"taxonomy":"post_tag","embeddable":true,"href":"https:\/\/www.europesays.com\/lv\/wp-json\/wp\/v2\/tags?post=58238"}],"curies":[{"name":"wp","href":"https:\/\/api.w.org\/{rel}","templated":true}]}}