{"id":58266,"date":"2025-11-25T12:28:07","date_gmt":"2025-11-25T12:28:07","guid":{"rendered":"https:\/\/www.europesays.com\/lv\/58266\/"},"modified":"2025-11-25T12:28:07","modified_gmt":"2025-11-25T12:28:07","slug":"no-eksameniem-atbrivoto-skolenu-skaits-ir-krietni-mazaks-par-sakotneji-lesto","status":"publish","type":"post","link":"https:\/\/www.europesays.com\/lv\/58266\/","title":{"rendered":"No eks\u0101meniem atbr\u012bvoto skol\u0113nu skaits ir krietni maz\u0101ks par s\u0101kotn\u0113ji l\u0113sto"},"content":{"rendered":"<p>Iepriek\u0161 izskan\u0113jis, ka no eks\u0101meniem atbr\u012bvoti 1724 topo\u0161ie pamatskolas absolventi un 1311 topo\u0161ie vidusskolas absolventi. Ta\u010du \u0161ie skait\u013ci attieku\u0161ies nevis uz skol\u0113niem p\u0113c personas kodiem, bet uz eks\u0101menu skaitu, tagad skaidro <a href=\"https:\/\/www.tvnet.lv\/term\/782869\/viaa\" class=\"topicLink\" target=\"_blank\" rel=\"nofollow noopener\">VIAA<\/a> ier\u0113dnis.<\/p>\n<p>9. klas\u0113 no p\u0101rbaud\u012bjumu k\u0101rto\u0161anas bija atbr\u012bvoti 292 skol\u0113ni, liel\u0101k\u0101 da\u013ca &#8211; vesel\u012bbas st\u0101vok\u013ca d\u0113\u013c. \u010cetri atbr\u012bvotie biju\u0161i Ukrainas civiliedz\u012bvot\u0101ji. T\u0101pat no eks\u0101meniem tika atbr\u012bvoti 406 vidusskol\u0113ni, starp vi\u0146iem divi Ukrainas civiliedz\u012bvot\u0101ji un pieci olimpiskos sporta veidus p\u0101rst\u0101vo\u0161ie sportisti.<\/p>\n<p>Attiec\u012bgi no valsts p\u0101rbaudes darbiem atbr\u012bvoto skaits pamatskol\u0101 veido 1% no kop\u0113j\u0101 k\u0101rtot\u0101ju skaita, bet vidusskol\u0101 &#8211; 2%, l\u0113\u0161 VIAA.<\/p>\n<p>Aptuveni 80% no vi\u0146iem bija atbr\u012bvoti uzreiz no visiem eks\u0101meniem, savuk\u0101rt da\u017ei tika atbr\u012bvoti da\u013c\u0113ji, piem\u0113ram, k\u0101rtojot divus no trim p\u0101rbaud\u012bjumiem. Iemesli tam esot \u013coti da\u017e\u0101di.<\/p>\n<p>VIAA provizorisk\u0101s apl\u0113ses liecina, ka visbie\u017e\u0101k no centraliz\u0113tajiem eks\u0101meniem atbr\u012bvoti valsts tehnikumu audz\u0113k\u0146i.<\/p>\n<p>Izmai\u0146as atbr\u012bvoto skol\u0113nu skait\u0101 gan nemaina Izgl\u012bt\u012bbas un zin\u0101tnes ministrijas (IZM) nost\u0101ju, ka probl\u0113ma ar atbr\u012bvojumiem joproj\u0101m past\u0101v un nepiecie\u0161ams virz\u012bties uz kvalitat\u012bv\u0101ku atbr\u012bvojumu p\u0101rvald\u012bbu, ta\u010du konkr\u0113ts risin\u0101jums joproj\u0101m nav ieviests.<\/p>\n","protected":false},"excerpt":{"rendered":"Iepriek\u0161 izskan\u0113jis, ka no eks\u0101meniem atbr\u012bvoti 1724 topo\u0161ie pamatskolas absolventi un 1311 topo\u0161ie vidusskolas absolventi. Ta\u010du \u0161ie skait\u013ci&hellip;\n","protected":false},"author":2,"featured_media":58267,"comment_status":"","ping_status":"","sticky":false,"template":"","format":"standard","meta":{"footnotes":""},"categories":[14],"tags":[23,57,28,29,12922,32,33,22,30,31,35,39,38,36,37,34,40,20,26,27,49,1913,24,25,15607,54,55,56,21,58],"class_list":{"0":"post-58266","1":"post","2":"type-post","3":"status-publish","4":"format-standard","5":"has-post-thumbnail","7":"category-zinas-no-arvalstim","8":"tag-aktualitates","9":"tag-arvalstim","10":"tag-breaking-news","11":"tag-breakingnews","12":"tag-centralizetie-eksameni","13":"tag-featured-news","14":"tag-featurednews","15":"tag-headlines","16":"tag-latest-news","17":"tag-latestnews","18":"tag-latvia","19":"tag-latvian","20":"tag-latviesu","21":"tag-latviesu-valoda","22":"tag-latviesuvaloda","23":"tag-latvija","24":"tag-lv","25":"tag-news","26":"tag-popularakas-zinas","27":"tag-popularakaszinas","28":"tag-skola","29":"tag-skolas-un-izglitiba","30":"tag-top-stories","31":"tag-topstories","32":"tag-viaa","33":"tag-world","34":"tag-world-news","35":"tag-worldnews","36":"tag-zinas","37":"tag-zinas-no-arvalstim"},"share_on_mastodon":{"url":"https:\/\/pubeurope.com\/@lv\/115610340771529352","error":""},"_links":{"self":[{"href":"https:\/\/www.europesays.com\/lv\/wp-json\/wp\/v2\/posts\/58266","targetHints":{"allow":["GET"]}}],"collection":[{"href":"https:\/\/www.europesays.com\/lv\/wp-json\/wp\/v2\/posts"}],"about":[{"href":"https:\/\/www.europesays.com\/lv\/wp-json\/wp\/v2\/types\/post"}],"author":[{"embeddable":true,"href":"https:\/\/www.europesays.com\/lv\/wp-json\/wp\/v2\/users\/2"}],"replies":[{"embeddable":true,"href":"https:\/\/www.europesays.com\/lv\/wp-json\/wp\/v2\/comments?post=58266"}],"version-history":[{"count":0,"href":"https:\/\/www.europesays.com\/lv\/wp-json\/wp\/v2\/posts\/58266\/revisions"}],"wp:featuredmedia":[{"embeddable":true,"href":"https:\/\/www.europesays.com\/lv\/wp-json\/wp\/v2\/media\/58267"}],"wp:attachment":[{"href":"https:\/\/www.europesays.com\/lv\/wp-json\/wp\/v2\/media?parent=58266"}],"wp:term":[{"taxonomy":"category","embeddable":true,"href":"https:\/\/www.europesays.com\/lv\/wp-json\/wp\/v2\/categories?post=58266"},{"taxonomy":"post_tag","embeddable":true,"href":"https:\/\/www.europesays.com\/lv\/wp-json\/wp\/v2\/tags?post=58266"}],"curies":[{"name":"wp","href":"https:\/\/api.w.org\/{rel}","templated":true}]}}