{"id":58287,"date":"2025-11-25T12:54:07","date_gmt":"2025-11-25T12:54:07","guid":{"rendered":"https:\/\/www.europesays.com\/lv\/58287\/"},"modified":"2025-11-25T12:54:07","modified_gmt":"2025-11-25T12:54:07","slug":"iedzivotaji-pieprasa-labaku-valsts-uznemumu-parvaldibu-dienas-bizness","status":"publish","type":"post","link":"https:\/\/www.europesays.com\/lv\/58287\/","title":{"rendered":"Iedz\u012bvot\u0101ji pieprasa lab\u0101ku valsts uz\u0146\u0113mumu p\u0101rvald\u012bbu :: Dienas Bizness"},"content":{"rendered":"<p class=\"text-font font-size--text-xlarge margin-3--bottom font-weight--bold padding-1--top\">87 % Latvijas iedz\u012bvot\u0101ju uzskata, ka valsts un pa\u0161vald\u012bbu uz\u0146\u0113mumiem b\u016btu j\u0101k\u013c\u016bst efekt\u012bv\u0101kiem, vair\u0101k j\u0101str\u0101d\u0101 eksporta tirgos un j\u0101pelna vair\u0101k, lai nodro\u0161in\u0101tu liel\u0101kus ie\u0146\u0113mumus valsts bud\u017eet\u0101 un mazin\u0101tu nepiecie\u0161am\u012bbu paaugstin\u0101t nodok\u013cus, noskaidrots iedz\u012bvot\u0101ju aptauj\u0101, kas \u012bstenota Baltijas Korporat\u012bv\u0101s p\u0101rvald\u012bbas instit\u016bta (BICG) iniciat\u012bvas \u201cCelt valsti, nevis nodok\u013cus\u201d ietvaros.<\/p>\n<p class=\"text-font font-size--text-xlarge margin-3--bottom\">T\u0101pat 62% iedz\u012bvot\u0101ju atbalsta valsts uz\u0146\u0113mumu kot\u0113\u0161anu bir\u017e\u0101. Tikai 12 % uzskata, ka valsts un pa\u0161vald\u012bbu uz\u0146\u0113mumi Latvij\u0101 tiek p\u0101rvald\u012bti efekt\u012bvi un str\u0101d\u0101 labi, savuk\u0101rt 47 % nor\u0101da, ka da\u013ca uz\u0146\u0113mumu str\u0101d\u0101 labi, bet da\u013ca &#8211; neefekt\u012bvi. Iedz\u012bvot\u0101ji uzskata, ka gad\u012bjum\u0101, ja valsts bud\u017eet\u0101 tr\u016bkst l\u012bdzek\u013cu aizsardz\u012bbai, vesel\u012bbai vai izgl\u012bt\u012bbai, b\u016btu j\u0101samazina neefekt\u012bvi izdevumi, k\u0101 ar\u012b j\u0101palielina valsts uz\u0146\u0113mumu efektivit\u0101te, p\u0101rvald\u012bba un pe\u013c\u0146a. Iedz\u012bvot\u0101ju aptauja \u012bstenota BICG iniciat\u012bvas \u201cCelt valsti, nevis nodok\u013cus\u201d ietvaros. Iniciat\u012bvas m\u0113r\u0137is ir uzlabot valsts un pa\u0161vald\u012bbu kapit\u0101lsabiedr\u012bbu p\u0101rvald\u012bbu, lai ilgtermi\u0146\u0101 mazin\u0101tu slogu valsts bud\u017eetam un palielin\u0101tu l\u012bdzek\u013cus sabiedr\u012bbai b\u016btiski svar\u012bg\u0101m jom\u0101m &#8211; dro\u0161\u012bbai, vesel\u012bbas apr\u016bpei, un izgl\u012bt\u012bbai.<\/p>\n<p class=\"text-font font-size--text-xlarge margin-3--bottom\">Baltijas Korporat\u012bv\u0101s p\u0101rvald\u012bbas instit\u016bta viceprezidents, vad\u012bt\u0101js Latvij\u0101 Andris Grafs: \u201cPa\u0161laik valsts kapit\u0101lsabiedr\u012bb\u0101m ik gadu no bud\u017eeta tiek novirz\u012bts vair\u0101k nek\u0101 miljards eiro, savuk\u0101rt pa\u0161i uz\u0146\u0113mumi ik gadu invest\u0113 no 700 miljoniem l\u012bdz 1,2 miljardiem eiro. Ja da\u013cu no \u0161\u012bs summas aizst\u0101tu ar finans\u0113jumu no kapit\u0101la tirgus un samazin\u0101tu ikgad\u0113j\u0101s publisk\u0101s invest\u012bcijas valsts uz\u0146\u0113mumiem, simtiem miljonu eiro var\u0113tu novirz\u012bt kritiski svar\u012bg\u0101m nozar\u0113m &#8211; aizsardz\u012bbai, vesel\u012bbas apr\u016bpei un izgl\u012bt\u012bbai. Aptaujas rezult\u0101ti skaidri par\u0101da, ka iedz\u012bvot\u0101ji pieprasa lab\u0101ku valsts uz\u0146\u0113mumu p\u0101rvald\u012bbu, lai izvair\u012btos no turpm\u0101kas stagn\u0101cijas un nodok\u013cu paaugstin\u0101\u0161anas\u201d.<\/p>\n<p class=\"text-font font-size--text-xlarge margin-3--bottom\">Atbildot uz jaut\u0101jumu, kas vald\u012bbai un Saeimai b\u016btu j\u0101dara, lai sabiedr\u012bba ieg\u016btu liel\u0101ko labumu no valsts un pa\u0161vald\u012bbu uz\u0146\u0113mumiem, 40 % nor\u0101da, ka nepiecie\u0161ams uzlabot vad\u012bt\u0101ju atlasi, nodro\u0161inot, lai vald\u0113s un padom\u0113s str\u0101d\u0101 profesion\u0101li, neatkar\u012bgi cilv\u0113ki ar pieredzi biznes\u0101. 25 % atbalsta ideju par valsts uz\u0146\u0113mumu p\u0101rvald\u012bbas centraliz\u0113\u0161anu, lai tos nep\u0101rrauga katra ministrija atsevi\u0161\u0137i, bet viena profesion\u0101la instit\u016bcija ar skaidru atbild\u012bbu. 24 % \u013cautu komerci\u0101liem valsts uz\u0146\u0113mumiem piesaist\u012bt naudu bir\u017e\u0101 &#8211; p\u0101rdodot da\u013cu akciju, lai uz\u0146\u0113mumi var\u0113tu augt, str\u0101d\u0101t eksporta tirgos un peln\u012bt vair\u0101k. T\u0101pat 24 % atbalst\u012btu valsts un pa\u0161vald\u012bbu uz\u0146\u0113mumu saraksta p\u0101rskat\u012b\u0161anu, jo da\u013ca uz\u0146\u0113mumu vairs nepilda neaizst\u0101jamu valsts funkciju un var\u0113tu darboties k\u0101 ikviens uz\u0146\u0113mums br\u012bv\u0101 tirg\u016b. Vienlaikus 21 % uzskata, ka nepiecie\u0161ams stiprin\u0101t padomes lielajos uz\u0146\u0113mumos, lai tie neb\u016btu politiski ietekm\u0113jami un var\u0113tu str\u0101d\u0101t efekt\u012bv\u0101k un caursp\u012bd\u012bgi.<\/p>\n<p class=\"text-font font-size--text-xlarge margin-3--bottom\">Neskatoties uz vald\u012bbas 2023. gada deklar\u0101cij\u0101 pausto ap\u0146em\u0161anos virz\u012bt valsts uz\u0146\u0113mumus uz bir\u017eu un l\u012bdz 2027. gadam sasniegt 9 % akciju tirgus kapitaliz\u0101ciju, progress \u0161aj\u0101 virzien\u0101 nav pan\u0101kts. \u0160\u0101da situ\u0101cija att\u0101lina no m\u0113r\u0137a &#8211; nodro\u0161in\u0101t valsts komerci\u0101lo uz\u0146\u0113mumu ilgtermi\u0146a v\u0113rt\u012bbas pieaugumu &#8211; un noz\u012bm\u0113 \u012bstermi\u0146a politisko amb\u012bciju cel\u0161anu augst\u0101k par sabiedr\u012bbas interes\u0113m.<\/p>\n<p class=\"text-font font-size--text-xlarge margin-3--bottom\">Aptaujas dati r\u0101da, ka 48 % iedz\u012bvot\u0101ju atbalsta valsts uz\u0146\u0113mumu kot\u0113\u0161anu bir\u017e\u0101 ar nosac\u012bjumu, ka valsts saglab\u0101 kontroli \u0161ajos uz\u0146\u0113mumos. V\u0113l 14 % atbalsta valsts uz\u0146\u0113mumu kot\u0113\u0161anu bez nosac\u012bjumiem. T\u0101tad, 62% iedz\u012bvot\u0101ju atbalsta valsts uz\u0146\u0113mumu kot\u0113\u0161anu bir\u017e\u0101. Lai izvair\u012btos no turpm\u0101kas stagn\u0101cijas un nodok\u013cu paaugstin\u0101\u0161anas, ir j\u0101izmanto iesp\u0113jas, kas \u0161obr\u012bd ir tikai vald\u012bbas un pa\u0161vald\u012bbu r\u012bc\u012bb\u0101 &#8211; sak\u0101rtot uz\u0146\u0113mumu p\u0101rvald\u012bbu un komerci\u0101li orient\u0113to valsts un pa\u0161vald\u012bbu uz\u0146\u0113mumu virz\u012b\u0161anu uz bir\u017eu.<\/p>\n<p class=\"text-font font-size--text-xlarge margin-3--bottom\">Ja valsts uz\u0146\u0113mumi tiktu kot\u0113ti bir\u017e\u0101, 35 % b\u016btu gatavi ieg\u0101d\u0101ties Latvenergo vai saist\u012bto uz\u0146\u0113mumu akcijas, 34 % &#8211; LMT\/TET akcijas, 17 % &#8211; Augstsprieguma t\u012bkla akcijas, bet 12 % &#8211; airBaltic akcijas.2024. gada beig\u0101s Latvijas m\u0101jsaimniec\u012bbu kontos atrad\u0101s 11,2 miljardi eiro, t\u0101tad, ir liels potenci\u0101ls produkt\u012bviem ieguld\u012bjumiem Latvijas ekonomik\u0101. Baltijas bir\u017e\u0101 kot\u0113to Latvijas uz\u0146\u0113mumu kapitaliz\u0101cija ir zem 1 % no IKP &#8211; b\u016btiski maz\u0101k nek\u0101 Lietuv\u0101 un Igaunij\u0101, kur akciju tirgus kapitaliz\u0101cija sasniedz 11\u201314 % no IKP.<\/p>\n<p class=\"text-font font-size--text-xlarge margin-3--bottom\">Ar\u012b Latvijas priv\u0101to investoru p\u0113t\u012bjuma \u201cInvestor Pulse 2025\u201d dati apliecina, ka gandr\u012bz 60 % respondentu b\u016btu ieinteres\u0113ti ieguld\u012bt valsts vai pa\u0161vald\u012bbu uz\u0146\u0113mumu emisij\u0101s, ja t\u0101s tiktu pied\u0101v\u0101tas. Turkl\u0101t vair\u0101k nek\u0101 70 % priv\u0101to investoru atbalsta ideju par da\u013c\u0113ju (l\u012bdz 25 %) strat\u0113\u0123iski svar\u012bgu valsts uz\u0146\u0113mumu akciju kot\u0113\u0161anu.<\/p>\n<p class=\"text-font font-size--text-xlarge margin-3--bottom\">Andris Grafs: \u201cSak\u0101rtojot p\u0101rvald\u012bbu valsts uz\u0146\u0113mumos, tie sp\u0113s augt, palielin\u0101t savu v\u0113rt\u012bbu, att\u012bst\u012bt eksportu un g\u016bt liel\u0101ku pe\u013c\u0146u. Valsts komerci\u0101laj\u0101m kapit\u0101lsabiedr\u012bb\u0101m j\u0101b\u016bt ar\u012b akt\u012bv\u0101k\u0101m kapit\u0101la tirg\u016b, ta\u010du tam nepiecie\u0161ami konkr\u0113ti vald\u012bbas un Saeimas politi\u0137u l\u0113mumi. Pret\u0113j\u0101 gad\u012bjum\u0101 turpin\u0101sies stagn\u0101cija, k\u0101 ar\u012b nodok\u013cu paaugstin\u0101\u0161ana n\u0101kotn\u0113 k\u013c\u016bs neizb\u0113gama.\u201d<\/p>\n","protected":false},"excerpt":{"rendered":"87 % Latvijas iedz\u012bvot\u0101ju uzskata, ka valsts un pa\u0161vald\u012bbu uz\u0146\u0113mumiem b\u016btu j\u0101k\u013c\u016bst efekt\u012bv\u0101kiem, vair\u0101k j\u0101str\u0101d\u0101 eksporta tirgos un&hellip;\n","protected":false},"author":2,"featured_media":58288,"comment_status":"","ping_status":"","sticky":false,"template":"","format":"standard","meta":{"footnotes":""},"categories":[5],"tags":[23,869,77,870,28,29,867,32,33,22,30,31,35,39,38,36,37,34,871,868,40,20,26,27,24,25,21],"class_list":{"0":"post-58287","1":"post","2":"type-post","3":"status-publish","4":"format-standard","5":"has-post-thumbnail","7":"category-aktualitates","8":"tag-aktualitates","9":"tag-biznesa-zinas","10":"tag-bizness","11":"tag-bizness-latvija","12":"tag-breaking-news","13":"tag-breakingnews","14":"tag-dienas-zinas","15":"tag-featured-news","16":"tag-featurednews","17":"tag-headlines","18":"tag-latest-news","19":"tag-latestnews","20":"tag-latvia","21":"tag-latvian","22":"tag-latviesu","23":"tag-latviesu-valoda","24":"tag-latviesuvaloda","25":"tag-latvija","26":"tag-latvijas-biznesa-zinas","27":"tag-latvijas-zinas","28":"tag-lv","29":"tag-news","30":"tag-popularakas-zinas","31":"tag-popularakaszinas","32":"tag-top-stories","33":"tag-topstories","34":"tag-zinas"},"share_on_mastodon":{"url":"https:\/\/pubeurope.com\/@lv\/115610443104890726","error":""},"_links":{"self":[{"href":"https:\/\/www.europesays.com\/lv\/wp-json\/wp\/v2\/posts\/58287","targetHints":{"allow":["GET"]}}],"collection":[{"href":"https:\/\/www.europesays.com\/lv\/wp-json\/wp\/v2\/posts"}],"about":[{"href":"https:\/\/www.europesays.com\/lv\/wp-json\/wp\/v2\/types\/post"}],"author":[{"embeddable":true,"href":"https:\/\/www.europesays.com\/lv\/wp-json\/wp\/v2\/users\/2"}],"replies":[{"embeddable":true,"href":"https:\/\/www.europesays.com\/lv\/wp-json\/wp\/v2\/comments?post=58287"}],"version-history":[{"count":0,"href":"https:\/\/www.europesays.com\/lv\/wp-json\/wp\/v2\/posts\/58287\/revisions"}],"wp:featuredmedia":[{"embeddable":true,"href":"https:\/\/www.europesays.com\/lv\/wp-json\/wp\/v2\/media\/58288"}],"wp:attachment":[{"href":"https:\/\/www.europesays.com\/lv\/wp-json\/wp\/v2\/media?parent=58287"}],"wp:term":[{"taxonomy":"category","embeddable":true,"href":"https:\/\/www.europesays.com\/lv\/wp-json\/wp\/v2\/categories?post=58287"},{"taxonomy":"post_tag","embeddable":true,"href":"https:\/\/www.europesays.com\/lv\/wp-json\/wp\/v2\/tags?post=58287"}],"curies":[{"name":"wp","href":"https:\/\/api.w.org\/{rel}","templated":true}]}}