{"id":58294,"date":"2025-11-25T13:00:08","date_gmt":"2025-11-25T13:00:08","guid":{"rendered":"https:\/\/www.europesays.com\/lv\/58294\/"},"modified":"2025-11-25T13:00:08","modified_gmt":"2025-11-25T13:00:08","slug":"saistiba-ar-kontrabandas-baloniem-no-baltkrievijas-latvija-aiztureti-vairaki-lietuvas-pilsoni-2","status":"publish","type":"post","link":"https:\/\/www.europesays.com\/lv\/58294\/","title":{"rendered":"Saist\u012bb\u0101 ar kontrabandas baloniem no Baltkrievijas Latvij\u0101 aiztur\u0113ti vair\u0101ki Lietuvas pilso\u0146i"},"content":{"rendered":"<p>Kop\u0161 robe\u017eas atv\u0113r\u0161anas ceturtdien meteozon\u017eu rad\u012bto risku d\u0113\u013c jau vair\u0101kk\u0101rt ir bijusi aptur\u0113ta Vi\u013c\u0146as lidostas darb\u012bba.<\/p>\n<p>Rea\u0123\u0113jot uz Lietuvas l\u0113mumu sl\u0113gt robe\u017eu, Minskas re\u017e\u012bms aizliedza kravas automa\u0161\u012bn\u0101m ar Lietuvas re\u0123istr\u0101cijas numura z\u012bm\u0113m p\u0101rvietoties pa Baltkrievijas teritoriju. P\u0113c robe\u017eas atv\u0113r\u0161anas Lietuvas kravas automobi\u013ci vals\u012b nav atgriezu\u0161ies.<\/p>\n<p>&#8220;Var teikt, ka t\u0101s kravas automa\u0161\u012bnas, kas izbrauca p\u0113c robe\u017e\u0161\u0137\u0113rso\u0161anas punktu atv\u0113r\u0161anas, atgriez\u0101s Lietuv\u0101. Tie, kas pa\u0161laik atrodas st\u0101vlaukumos, pagaid\u0101m nekur nebrauc,&#8221; sac\u012bja robe\u017esardzes dienesta vad\u012bt\u0101js \u013bubajevs.<\/p>\n<p>&#8220;M\u0113s skaidri redzam hibr\u012bdkara izpausmes,&#8221; \u013bubajevs piebilda.<\/p>\n<p>Vi\u0146\u0161 inform\u0113ja, ka \u0161ogad ir s\u0101ktas 26 pirmstiesas izmekl\u0113\u0161anas par kontrabandu ar baloniem, ir 66 aizdom\u0101s tur\u0113tie, 18 cilv\u0113ki ir aiztur\u0113ti un 22 atz\u012bti par vain\u012bgiem.<\/p>\n<p>Lai aptur\u0113tu gaisa balonu kontrabandu, ar Lietuvas iek\u0161lietu ministra r\u012bkojumu tika izveidota kop\u012bga izmekl\u0113\u0161anas grupa, kur\u0101 ietilpst robe\u017esardzes, policijas, muitas un Finan\u0161u noziegumu izmekl\u0113\u0161anas dienesta darbinieki.<\/p>\n<p>Policijas \u0123ener\u0101lkomis\u0101rs Ar\u016bns Paulausks teica, ka izmekl\u0113\u0161anas grupa apkopo inform\u0101ciju, lai ieg\u016btu kopainu par situ\u0101ciju.<\/p>\n<p>Robe\u017esardzes priek\u0161nieks pazi\u0146oja, ka Lietuvas iek\u0161lietu ministrs Vladislavs Kondratovi\u010ds tuv\u0101kaj\u0101 laik\u0101 prezent\u0113s pl\u0101nu ar &#8220;da\u017e\u0101diem pas\u0101kumiem ne tikai sodu palielin\u0101\u0161anai, bet ar\u012b citiem ierobe\u017eojumiem, kas \u013caus c\u012bn\u012bties pret noziedz\u012bgas darb\u012bbas organizatoriem ar juridiskiem l\u012bdzek\u013ciem.&#8221;<\/p>\n<p>&#8220;Pirmk\u0101rt un galvenok\u0101rt, ir j\u0101palielina sodi un j\u0101rada juridiskie apst\u0101k\u013ci, lai nodro\u0161in\u0101tu, ka kontraband\u0101 iesaist\u012bt\u0101s personas neizvair\u0101s no atbild\u012bbas. Tas attiecas ne tikai uz tiem, kas koordin\u0113 kontrabandas izplat\u012b\u0161anu, bet ar\u012b uz tiem pa\u0161iem s\u012bkajiem darbo\u0146iem. Vairum\u0101 gad\u012bjumu vi\u0146iem izdodas izvair\u012bties no&#8221; atbild\u012bbas, uzsv\u0113ra \u013bubajevs.<\/p>\n","protected":false},"excerpt":{"rendered":"Kop\u0161 robe\u017eas atv\u0113r\u0161anas ceturtdien meteozon\u017eu rad\u012bto risku d\u0113\u013c jau vair\u0101kk\u0101rt ir bijusi aptur\u0113ta Vi\u013c\u0146as lidostas darb\u012bba. Rea\u0123\u0113jot uz&hellip;\n","protected":false},"author":2,"featured_media":57624,"comment_status":"","ping_status":"","sticky":false,"template":"","format":"standard","meta":{"footnotes":""},"categories":[5],"tags":[23,28,29,32,33,22,30,31,35,39,38,36,37,34,1464,40,20,26,27,6542,24,25,5203,21],"class_list":{"0":"post-58294","1":"post","2":"type-post","3":"status-publish","4":"format-standard","5":"has-post-thumbnail","7":"category-aktualitates","8":"tag-aktualitates","9":"tag-breaking-news","10":"tag-breakingnews","11":"tag-featured-news","12":"tag-featurednews","13":"tag-headlines","14":"tag-latest-news","15":"tag-latestnews","16":"tag-latvia","17":"tag-latvian","18":"tag-latviesu","19":"tag-latviesu-valoda","20":"tag-latviesuvaloda","21":"tag-latvija","22":"tag-lietuva","23":"tag-lv","24":"tag-news","25":"tag-popularakas-zinas","26":"tag-popularakaszinas","27":"tag-robezsardze","28":"tag-top-stories","29":"tag-topstories","30":"tag-valsts-robezsardze","31":"tag-zinas"},"share_on_mastodon":{"url":"https:\/\/pubeurope.com\/@lv\/115610466644475165","error":""},"_links":{"self":[{"href":"https:\/\/www.europesays.com\/lv\/wp-json\/wp\/v2\/posts\/58294","targetHints":{"allow":["GET"]}}],"collection":[{"href":"https:\/\/www.europesays.com\/lv\/wp-json\/wp\/v2\/posts"}],"about":[{"href":"https:\/\/www.europesays.com\/lv\/wp-json\/wp\/v2\/types\/post"}],"author":[{"embeddable":true,"href":"https:\/\/www.europesays.com\/lv\/wp-json\/wp\/v2\/users\/2"}],"replies":[{"embeddable":true,"href":"https:\/\/www.europesays.com\/lv\/wp-json\/wp\/v2\/comments?post=58294"}],"version-history":[{"count":0,"href":"https:\/\/www.europesays.com\/lv\/wp-json\/wp\/v2\/posts\/58294\/revisions"}],"wp:featuredmedia":[{"embeddable":true,"href":"https:\/\/www.europesays.com\/lv\/wp-json\/wp\/v2\/media\/57624"}],"wp:attachment":[{"href":"https:\/\/www.europesays.com\/lv\/wp-json\/wp\/v2\/media?parent=58294"}],"wp:term":[{"taxonomy":"category","embeddable":true,"href":"https:\/\/www.europesays.com\/lv\/wp-json\/wp\/v2\/categories?post=58294"},{"taxonomy":"post_tag","embeddable":true,"href":"https:\/\/www.europesays.com\/lv\/wp-json\/wp\/v2\/tags?post=58294"}],"curies":[{"name":"wp","href":"https:\/\/api.w.org\/{rel}","templated":true}]}}