{"id":58305,"date":"2025-11-25T13:12:14","date_gmt":"2025-11-25T13:12:14","guid":{"rendered":"https:\/\/www.europesays.com\/lv\/58305\/"},"modified":"2025-11-25T13:12:14","modified_gmt":"2025-11-25T13:12:14","slug":"domaju-ka-esam-uz-viena-vilna-ar-jauno-treneri-basketbols-sportacentrs-com","status":"publish","type":"post","link":"https:\/\/www.europesays.com\/lv\/58305\/","title":{"rendered":"&#8221;Dom\u0101ju, ka esam uz viena vi\u013c\u0146a ar jauno treneri&#8221; \u2013 Basketbols \u2013 Sportacentrs.com"},"content":{"rendered":"<p>Pirmdien Latvijas v\u012brie\u0161u basketbola izlase s\u0101ka gatavoties 2027. gada Pasaules kausa kvalifik\u0101cijas cikla pirmaj\u0101m div\u0101m sp\u0113l\u0113m, kas notiks piektdien m\u0101j\u0101s un pirmdien viesos. Lukas Banki vad\u012bb\u0101 Blumbergs neizpeln\u012bj\u0101s izsaukumu uz izlasi, lai gan sp\u0113l\u0113ja sp\u0113c\u012bgos \u0101rvalstu \u010dempion\u0101tos, bet Alonso vi\u0146u uzaicin\u0101jis uz savu pirmo nometni.<\/p>\n<p>&#8220;Ar Luku nebija izveidoju\u0161\u0101s draudz\u012bgas attiec\u012bbas. Non\u0101c\u0101m pie l\u0113muma, lai neboj\u0101tu iek\u0161\u0113jo klimatu, es nepiedal\u012b\u0161os nometn\u0113s,&#8221; par nesp\u0113l\u0113\u0161anu iepriek\u0161\u0113jos sasaukumos teica Blumbergs.<\/p>\n<p>Ar Alonso vi\u0146am bijusi saruna novembra s\u0101kum\u0101, un abiem izveidojusies savstarp\u0113ja sapratne. &#8220;Sapratu vi\u0146a sp\u0113les stilu, dom\u0101ju, ka esam uz viena vi\u013c\u0146a,&#8221; secin\u0101ja 27 gadus vecais basketbolists.<\/p>\n<p>Neskatoties uz to, ka ar daudziem no \u0161\u012b sasaukuma kandid\u0101tiem vi\u0146\u0161 nav sp\u0113l\u0113jis kop\u0101, Blumbergs uzskata, ka var diezgan \u0101tri iejusties komand\u0101.<\/p>\n<p>&#8220;Nav nek\u0101du \u012bpa\u0161u probl\u0113mu, jo visu dz\u012bvi sp\u0113l\u0113ju basketbolu. Tikai j\u0101iet un j\u0101dara,&#8221; atzina latvie\u0161u uzbruc\u0113js.<\/p>\n<p>Kop\u0101 ar vi\u0146u Izmiras &#8220;Petkim Spor&#8221; komand\u0101 sp\u0113l\u0113 N\u012bderlandes basketbolists Janniks Franke, kur\u0161 piektdien R\u012bgas ar\u0113n\u0101 c\u012bn\u012bsies pret latvie\u0161iem.<\/p>\n<p>&#8220;Vi\u0146am ir \u013coti \u0101trs sp\u0113les stils &#8211; skrien un met. P\u0113c iesp\u0113jas vair\u0101k un p\u0113c iesp\u0113jas \u0101tr\u0101k. Vi\u0146am k\u0101 labam met\u0113jam t\u0101ds sp\u0113les stils piest\u0101v,&#8221; skaidroja Blumbergs.<\/p>\n<p>&#8220;Man pa\u0161am ar\u012b pat\u012bk \u0101trs basketbols, kur\u0101 varu uzbrukt no vis\u0101m iesp\u0113jamaj\u0101m viet\u0101m. Pat\u012bk skriet, viegli kust\u0113ties,&#8221; turpin\u0101ja basketbolists.<\/p>\n<p>P\u0113c iepriek\u0161\u0113j\u0101s sezonas Stambulas &#8220;Galatasaray&#8221; rind\u0101s Blumbergs palicis Turcij\u0101, kur non\u0101cis Izmiras komand\u0101.<\/p>\n<p>&#8220;Esmu apmierin\u0101ts ar to vietu, kur \u0161obr\u012bd esmu. Komandai v\u0113l pa\u0161ai j\u0101saprot m\u016bsu sp\u0113les stils, jo neesam v\u0113l sal\u0101goju\u0161ies un laukum\u0101 ir v\u0113l diezgan liels haoss,&#8221; teica Blumbergs.<\/p>\n<p>Latvie\u0161i c\u012b\u0146u par ce\u013caz\u012bmi uz Katar\u0101 paredz\u0113to Pasaules kausa izc\u012b\u0146as fin\u0101lturn\u012bru s\u0101ks kvalifik\u0101cijas Eiropas zonas F grup\u0101, pa div\u0101m reiz\u0113m sacen\u0161oties ar N\u012bderlandes, Polijas un Austrijas komand\u0101m.<\/p>\n<p>F grupas tr\u012bs lab\u0101k\u0101s komandas, \u0146emot l\u012bdzi visu sp\u0113\u013cu rezult\u0101tus, otraj\u0101 posm\u0101 apvienosies ar E grupas (V\u0101cija, Horv\u0101tija, Izra\u0113la, Kipra) lab\u0101ko trijnieku. Tr\u012bs lab\u0101k\u0101s komandas ieg\u016bs ties\u012bbas sp\u0113l\u0113t Pasaules kausa fin\u0101lturn\u012br\u0101.<\/p>\n<p>Izmantotie resursi:<br \/>LETA<\/p>\n","protected":false},"excerpt":{"rendered":"Pirmdien Latvijas v\u012brie\u0161u basketbola izlase s\u0101ka gatavoties 2027. gada Pasaules kausa kvalifik\u0101cijas cikla pirmaj\u0101m div\u0101m sp\u0113l\u0113m, kas notiks&hellip;\n","protected":false},"author":2,"featured_media":58306,"comment_status":"","ping_status":"","sticky":false,"template":"","format":"standard","meta":{"footnotes":""},"categories":[5],"tags":[23,145,28,29,32,33,22,30,31,35,39,38,36,37,34,40,20,26,27,24,25,21],"class_list":{"0":"post-58305","1":"post","2":"type-post","3":"status-publish","4":"format-standard","5":"has-post-thumbnail","7":"category-aktualitates","8":"tag-aktualitates","9":"tag-basketbols","10":"tag-breaking-news","11":"tag-breakingnews","12":"tag-featured-news","13":"tag-featurednews","14":"tag-headlines","15":"tag-latest-news","16":"tag-latestnews","17":"tag-latvia","18":"tag-latvian","19":"tag-latviesu","20":"tag-latviesu-valoda","21":"tag-latviesuvaloda","22":"tag-latvija","23":"tag-lv","24":"tag-news","25":"tag-popularakas-zinas","26":"tag-popularakaszinas","27":"tag-top-stories","28":"tag-topstories","29":"tag-zinas"},"share_on_mastodon":{"url":"https:\/\/pubeurope.com\/@lv\/115610513742615577","error":""},"_links":{"self":[{"href":"https:\/\/www.europesays.com\/lv\/wp-json\/wp\/v2\/posts\/58305","targetHints":{"allow":["GET"]}}],"collection":[{"href":"https:\/\/www.europesays.com\/lv\/wp-json\/wp\/v2\/posts"}],"about":[{"href":"https:\/\/www.europesays.com\/lv\/wp-json\/wp\/v2\/types\/post"}],"author":[{"embeddable":true,"href":"https:\/\/www.europesays.com\/lv\/wp-json\/wp\/v2\/users\/2"}],"replies":[{"embeddable":true,"href":"https:\/\/www.europesays.com\/lv\/wp-json\/wp\/v2\/comments?post=58305"}],"version-history":[{"count":0,"href":"https:\/\/www.europesays.com\/lv\/wp-json\/wp\/v2\/posts\/58305\/revisions"}],"wp:featuredmedia":[{"embeddable":true,"href":"https:\/\/www.europesays.com\/lv\/wp-json\/wp\/v2\/media\/58306"}],"wp:attachment":[{"href":"https:\/\/www.europesays.com\/lv\/wp-json\/wp\/v2\/media?parent=58305"}],"wp:term":[{"taxonomy":"category","embeddable":true,"href":"https:\/\/www.europesays.com\/lv\/wp-json\/wp\/v2\/categories?post=58305"},{"taxonomy":"post_tag","embeddable":true,"href":"https:\/\/www.europesays.com\/lv\/wp-json\/wp\/v2\/tags?post=58305"}],"curies":[{"name":"wp","href":"https:\/\/api.w.org\/{rel}","templated":true}]}}