{"id":58309,"date":"2025-11-25T13:16:08","date_gmt":"2025-11-25T13:16:08","guid":{"rendered":"https:\/\/www.europesays.com\/lv\/58309\/"},"modified":"2025-11-25T13:16:08","modified_gmt":"2025-11-25T13:16:08","slug":"krievija-uzbrukusi-ukrainai-ar-464-droniem-un-22-raketem","status":"publish","type":"post","link":"https:\/\/www.europesays.com\/lv\/58309\/","title":{"rendered":"Krievija uzbrukusi Ukrainai ar 464 droniem un 22 ra\u0137et\u0113m"},"content":{"rendered":"<p>438 droni tika notriekti vai neitraliz\u0113ti ar radioelektroniskiem l\u012bdzek\u013ciem. Tika neitraliz\u0113tas ar\u012b 14 ra\u0137etes.<\/p>\n<p><a href=\"https:\/\/www.tvnet.lv\/term\/555452\/krievija\" class=\"topicLink\" target=\"_blank\" rel=\"nofollow noopener\">Krievija<\/a> uzbruka ar \u010detr\u0101m hiperska\u0146as ra\u0137et\u0113m H-47M2 &#8220;Kin\u017eal&#8221;, septi\u0146\u0101m sp\u0101rnotaj\u0101m ra\u0137et\u0113m &#8220;Iskander&#8221;-K, asto\u0146\u0101m ra\u0137et\u0113m &#8220;Kalibr&#8221; un trim ballistiskaj\u0101m ra\u0137et\u0113m &#8220;Iskander-M&#8221;.<\/p>\n<p>No 464 droniem aptuveni 260 bija &#8220;Shahed&#8221; tipa trieciendroni.<\/p>\n<blockquote class=\"quote ck-widget\" contenteditable=\"false\">\n<p>Ukrainai izdev\u0101s neitraliz\u0113t vienu H-47M2 &#8220;Kin\u017eal&#8221;, piecas &#8220;Iskander&#8221;-K, piecas &#8220;Kalibr&#8221; un visas tr\u012bs &#8220;Iskander-M&#8221; ra\u0137etes.<\/p>\n<\/blockquote>\n<p>Ra\u0137e\u0161u un 26 uzbrukuma lidrobotu tr\u0101p\u012bjumi fiks\u0113ti 15 viet\u0101s, un v\u0113l 12 viet\u0101s nog\u0101zu\u0161\u0101s atl\u016bzas.<\/p>\n","protected":false},"excerpt":{"rendered":"438 droni tika notriekti vai neitraliz\u0113ti ar radioelektroniskiem l\u012bdzek\u013ciem. Tika neitraliz\u0113tas ar\u012b 14 ra\u0137etes. Krievija uzbruka ar \u010detr\u0101m&hellip;\n","protected":false},"author":2,"featured_media":58310,"comment_status":"","ping_status":"","sticky":false,"template":"","format":"standard","meta":{"footnotes":""},"categories":[14],"tags":[23,57,3700,28,29,32,33,22,234,74,30,31,35,39,38,36,37,34,40,20,26,27,24,25,276,54,55,56,21,58],"class_list":{"0":"post-58309","1":"post","2":"type-post","3":"status-publish","4":"format-standard","5":"has-post-thumbnail","7":"category-zinas-no-arvalstim","8":"tag-aktualitates","9":"tag-arvalstim","10":"tag-autoritarisma-ena-par-eiropu","11":"tag-breaking-news","12":"tag-breakingnews","13":"tag-featured-news","14":"tag-featurednews","15":"tag-headlines","16":"tag-krievija","17":"tag-krievijas-iebrukums-ukraina","18":"tag-latest-news","19":"tag-latestnews","20":"tag-latvia","21":"tag-latvian","22":"tag-latviesu","23":"tag-latviesu-valoda","24":"tag-latviesuvaloda","25":"tag-latvija","26":"tag-lv","27":"tag-news","28":"tag-popularakas-zinas","29":"tag-popularakaszinas","30":"tag-top-stories","31":"tag-topstories","32":"tag-ukraina","33":"tag-world","34":"tag-world-news","35":"tag-worldnews","36":"tag-zinas","37":"tag-zinas-no-arvalstim"},"share_on_mastodon":{"url":"https:\/\/pubeurope.com\/@lv\/115610529467309716","error":""},"_links":{"self":[{"href":"https:\/\/www.europesays.com\/lv\/wp-json\/wp\/v2\/posts\/58309","targetHints":{"allow":["GET"]}}],"collection":[{"href":"https:\/\/www.europesays.com\/lv\/wp-json\/wp\/v2\/posts"}],"about":[{"href":"https:\/\/www.europesays.com\/lv\/wp-json\/wp\/v2\/types\/post"}],"author":[{"embeddable":true,"href":"https:\/\/www.europesays.com\/lv\/wp-json\/wp\/v2\/users\/2"}],"replies":[{"embeddable":true,"href":"https:\/\/www.europesays.com\/lv\/wp-json\/wp\/v2\/comments?post=58309"}],"version-history":[{"count":0,"href":"https:\/\/www.europesays.com\/lv\/wp-json\/wp\/v2\/posts\/58309\/revisions"}],"wp:featuredmedia":[{"embeddable":true,"href":"https:\/\/www.europesays.com\/lv\/wp-json\/wp\/v2\/media\/58310"}],"wp:attachment":[{"href":"https:\/\/www.europesays.com\/lv\/wp-json\/wp\/v2\/media?parent=58309"}],"wp:term":[{"taxonomy":"category","embeddable":true,"href":"https:\/\/www.europesays.com\/lv\/wp-json\/wp\/v2\/categories?post=58309"},{"taxonomy":"post_tag","embeddable":true,"href":"https:\/\/www.europesays.com\/lv\/wp-json\/wp\/v2\/tags?post=58309"}],"curies":[{"name":"wp","href":"https:\/\/api.w.org\/{rel}","templated":true}]}}