{"id":58316,"date":"2025-11-25T13:22:16","date_gmt":"2025-11-25T13:22:16","guid":{"rendered":"https:\/\/www.europesays.com\/lv\/58316\/"},"modified":"2025-11-25T13:22:16","modified_gmt":"2025-11-25T13:22:16","slug":"karuma-sierini-bus-pieejami-dienvidkorejas-veikalos","status":"publish","type":"post","link":"https:\/\/www.europesays.com\/lv\/58316\/","title":{"rendered":"&#8220;K\u0101ruma&#8221; sieri\u0146i b\u016bs pieejami Dienvidkorejas veikalos"},"content":{"rendered":"<p>Komp\u0101nija s\u0101kusi sadarb\u012bbu ar izplat\u012bt\u0101ju Dienvidkorej\u0101, kas nodro\u0161in\u0101s biezpiena sieri\u0146u tirdzniec\u012bbu Dienvidkorejas liel\u0101kaj\u0101 e-komercijas platform\u0101 &#8220;Coupang&#8221; un virkn\u0113 nelielu veikali\u0146u. P\u0101rredzam\u0101 n\u0101kotn\u0113 pl\u0101nota ar\u012b &#8220;K\u0101ruma&#8221; tirdzniec\u012bba k\u0101d\u0101 no liel\u0101kajiem valsts tirdzniec\u012bbas t\u012bkliem.<\/p>\n<p>\u0160obr\u012bd v\u0113l tranz\u012bt\u0101 eso\u0161o pirmo &#8220;K\u0101rums&#8221; s\u016bt\u012bjumu uz Dienvidkoreju veido popul\u0101r\u0101k\u0101s se\u0161as &#8220;K\u0101ruma&#8221; biezpiena sieri\u0146u gar\u0161as &#8211; vani\u013cas, \u0161okol\u0101des, zeme\u0146u, mango un kokosriekstu, k\u0101 ar\u012b tr\u012bs gar\u0161u sieri\u0146i multikast\u0113s pa septi\u0146iem sieri\u0146iem.<\/p>\n<p>Sadarb\u012bba ar \u0161o klientu izveidota ar Latvijas Piensaimnieku centr\u0101l\u0101s savien\u012bbas atbalstu projekta &#8220;Inform\u0101cijas un veicin\u0101\u0161anas pas\u0101kumi par lauksaimniec\u012bbas produktiem Dienvidkorej\u0101, Malaizij\u0101 un Kan\u0101d\u0101&#8221;.<\/p>\n<p>&#8220;K\u0101ruma&#8221; sieri\u0146i kopum\u0101 pieejami vair\u0101k nek\u0101 20 valst\u012bs pasaul\u0113, no kur\u0101m Eirop\u0101 tirdzniec\u012bbas t\u012bklos &#8220;Kaufland&#8221;, &#8220;Ledo&#8221;, &#8220;Kliver&#8221; un &#8220;MixMarkt&#8221; V\u0101cij\u0101, &#8220;Alfamega&#8221; Kipr\u0101, &#8220;Coop&#8221;, &#8220;Eurospar&#8221; un &#8220;Meny&#8221; Norv\u0113\u0123ij\u0101, un &#8220;Supervalu&#8221; t\u012bkl\u0101 \u012arij\u0101. \u0160ogad jauno tirgu vid\u016b ir Malta, Serbija un <a href=\"https:\/\/www.tvnet.lv\/term\/555734\/dienvidkoreja\" class=\"topicLink\" target=\"_blank\" rel=\"nofollow noopener\">Dienvidkoreja<\/a>.<\/p>\n","protected":false},"excerpt":{"rendered":"Komp\u0101nija s\u0101kusi sadarb\u012bbu ar izplat\u012bt\u0101ju Dienvidkorej\u0101, kas nodro\u0161in\u0101s biezpiena sieri\u0146u tirdzniec\u012bbu Dienvidkorejas liel\u0101kaj\u0101 e-komercijas platform\u0101 &#8220;Coupang&#8221; un virkn\u0113&hellip;\n","protected":false},"author":2,"featured_media":58317,"comment_status":"","ping_status":"","sticky":false,"template":"","format":"standard","meta":{"footnotes":""},"categories":[14],"tags":[23,57,28,29,2378,32,33,22,3476,30,31,35,39,38,36,37,34,40,20,26,27,24,25,54,55,56,21,58],"class_list":{"0":"post-58316","1":"post","2":"type-post","3":"status-publish","4":"format-standard","5":"has-post-thumbnail","7":"category-zinas-no-arvalstim","8":"tag-aktualitates","9":"tag-arvalstim","10":"tag-breaking-news","11":"tag-breakingnews","12":"tag-dienvidkoreja","13":"tag-featured-news","14":"tag-featurednews","15":"tag-headlines","16":"tag-karums","17":"tag-latest-news","18":"tag-latestnews","19":"tag-latvia","20":"tag-latvian","21":"tag-latviesu","22":"tag-latviesu-valoda","23":"tag-latviesuvaloda","24":"tag-latvija","25":"tag-lv","26":"tag-news","27":"tag-popularakas-zinas","28":"tag-popularakaszinas","29":"tag-top-stories","30":"tag-topstories","31":"tag-world","32":"tag-world-news","33":"tag-worldnews","34":"tag-zinas","35":"tag-zinas-no-arvalstim"},"share_on_mastodon":{"url":"https:\/\/pubeurope.com\/@lv\/115610553085913380","error":""},"_links":{"self":[{"href":"https:\/\/www.europesays.com\/lv\/wp-json\/wp\/v2\/posts\/58316","targetHints":{"allow":["GET"]}}],"collection":[{"href":"https:\/\/www.europesays.com\/lv\/wp-json\/wp\/v2\/posts"}],"about":[{"href":"https:\/\/www.europesays.com\/lv\/wp-json\/wp\/v2\/types\/post"}],"author":[{"embeddable":true,"href":"https:\/\/www.europesays.com\/lv\/wp-json\/wp\/v2\/users\/2"}],"replies":[{"embeddable":true,"href":"https:\/\/www.europesays.com\/lv\/wp-json\/wp\/v2\/comments?post=58316"}],"version-history":[{"count":0,"href":"https:\/\/www.europesays.com\/lv\/wp-json\/wp\/v2\/posts\/58316\/revisions"}],"wp:featuredmedia":[{"embeddable":true,"href":"https:\/\/www.europesays.com\/lv\/wp-json\/wp\/v2\/media\/58317"}],"wp:attachment":[{"href":"https:\/\/www.europesays.com\/lv\/wp-json\/wp\/v2\/media?parent=58316"}],"wp:term":[{"taxonomy":"category","embeddable":true,"href":"https:\/\/www.europesays.com\/lv\/wp-json\/wp\/v2\/categories?post=58316"},{"taxonomy":"post_tag","embeddable":true,"href":"https:\/\/www.europesays.com\/lv\/wp-json\/wp\/v2\/tags?post=58316"}],"curies":[{"name":"wp","href":"https:\/\/api.w.org\/{rel}","templated":true}]}}