{"id":58333,"date":"2025-11-25T13:42:08","date_gmt":"2025-11-25T13:42:08","guid":{"rendered":"https:\/\/www.europesays.com\/lv\/58333\/"},"modified":"2025-11-25T13:42:08","modified_gmt":"2025-11-25T13:42:08","slug":"sito-vasara-bija-tikai-verotaja-loma-basketbols-sportacentrs-com","status":"publish","type":"post","link":"https:\/\/www.europesays.com\/lv\/58333\/","title":{"rendered":"&#8220;Sito vasar\u0101 bija tikai v\u0113rot\u0101ja lom\u0101&#8221; \u2013 Basketbols \u2013 Sportacentrs.com"},"content":{"rendered":"<p>Da\u013ca Latvijas izlases basketbolistu uz pirmo treni\u0146u ierad\u0101s gandr\u012bz uzreiz p\u0113c izk\u0101p\u0161anas no lidma\u0161\u012bnas, bet \u010cavaram l\u012bdz \u0161im p\u0113d\u0113jais ma\u010ds 16. novembr\u012b, l\u012bdz ar to pievieno\u0161an\u0101s valstsvien\u012bbai notikusi bez steigas.<\/p>\n<p>K\u0101 zin\u0101ms, izlases jaunais galvenais treneris Sito Alonso izlases darbu v\u0113roja ar\u012b sagatavo\u0161an\u0101s proces\u0101 Eiropas \u010dempion\u0101tam. \u010cavars gan atzina, ka tobr\u012bd sp\u0101\u0146a kl\u0101tb\u016btne nebija j\u016btama.<\/p>\n<p>\u2033Vi\u0146\u0161 toreiz bija tikai v\u0113rot\u0101ja lom\u0101 un treni\u0146u darb\u0101 neiesaist\u012bj\u0101s. Pirms \u0161\u012b treni\u0146a mums katram bija individu\u0101la saruna ar treneriem. Ar mani aprun\u0101j\u0101s Sito un Roberts \u0160telmahers. Izst\u0101st\u012bja, k\u0101 sp\u0113l\u0113sim, ko no manis sagaida \u2013 uzbrukum\u0101 un aizsardz\u012bb\u0101. Lai b\u016btu viegl\u0101k ies\u0101kt darbu,\u2033 sac\u012bja \u010cavars.<\/p>\n<p>Centra sp\u0113l\u0113t\u0101js gan atzina, ka n\u0101kam\u0101 trenera kl\u0101tb\u016btne vasaras treni\u0146os komandas darbu neesot ietekm\u0113jusi: \u2033Mums ik pa laikam atn\u0101k k\u0101ds v\u0113rot\u0101js \u2013 jaunatnes treneri vai citi speci\u0101listi, piem\u0113ram, Ainars Bagatskis. M\u0113s Sito uztv\u0113r\u0101m k\u0101 k\u0101rt\u0113jo treneri, kur\u0161 v\u0113las nov\u0113rot m\u016bsu darbu.\u2033<\/p>\n<p>Latvijas izlases nometn\u0113 atgriezies t\u0101s k\u0101dreiz\u0113jais galvenais treneris Roberts \u0160telmahers. Tiesa, \u010cavars atzina, ka ar\u012b ar biju\u0161o izlases st\u016brmani v\u0113l neesot izdevies p\u0101rm\u012bt daudz v\u0101rdu.<\/p>\n<p>Alonso jau iepriek\u0161 intervij\u0101 Latvijas Telev\u012bzijai izteic\u0101s, ka nev\u0113las izjaukt Lukas Banki izveidot\u0101s iestr\u0101dnes. P\u0113c pirm\u0101 treni\u0146a un p\u0101rrun\u0101m ar treneri \u0161\u0101dam apgalvojumam piekr\u012bt ar\u012b \u010cavars: \u2033Konkr\u0113t\u0101s kombin\u0101cij\u0101s, protams, neiedzi\u013cin\u0101simies. Da\u017eu sadarb\u012bbu nosaukumi un tendences ir l\u012bdz\u012bgas. Dom\u0101ju, ka n\u0101kamajos treni\u0146os ievies\u012bsim v\u0113l liel\u0101ku skaidr\u012bbu. Dom\u0101ju, ka b\u016bs labi.\u2033<\/p>\n<p>It\u0101\u013cu speci\u0101lista aizsardz\u012bbas sh\u0113m\u0101s \u010cavars bie\u017ei vien tika izmantots, k\u0101 garais sp\u0113l\u0113t\u0101js, kur\u0161 p\u0113c bloka uz br\u012bdi paliek perimetr\u0101 un tad raujas atpaka\u013c laukuma dzi\u013cum\u0101.<\/p>\n<p>\u2033Cik sapratu, \u0161eit b\u016bs da\u017e\u0101das aizsardz\u012bbas sh\u0113mas. \u0160odien piesk\u0101r\u0101mies z\u012bm\u0113jumam, kur\u0101 es tik daudz soda laukumu nepametu. Bet kopum\u0101 pl\u0101nojam piem\u0113roties katram pretiniekam,\u2033 sac\u012bja \u010cavars, piebilstot, ka pirmaj\u0101 treni\u0146\u0101 gaid\u0101mie pretinieki v\u0113l netika analiz\u0113ti.<\/p>\n<p>Piektdien ce\u013cu Latvijas izlas\u0113 nosl\u0113gs t\u0101s kapteinis Dairis Bert\u0101ns. \u010cavars tika aicin\u0101ts nosaukt galveno asoci\u0101ciju par l\u012bdz\u0161in\u0113jo kapteini gan laukum\u0101, gan \u0101rpus t\u0101.<\/p>\n<p>\u2033Vispirms \u2013 l\u012bderis un piem\u0113rs. Tad izcils basketbolists. Ja run\u0101jam par spilgt\u0101kajiem mirk\u013ciem laukum\u0101, dro\u0161i vien epizodes, kur\u0101s vi\u0146\u0161 groz\u0101 ieliek no aug\u0161as, jo tas tik bie\u017ei negad\u0101s,\u2033 ar smaidu noteica \u010cavars.<\/p>\n<p>Latvijas izlase 28. novembr\u012b ar ma\u010du pret N\u012bderlandi jaun\u0101 galven\u0101 trenera vad\u012bb\u0101 s\u0101ks Pasaules kausa kvalifik\u0101cijas ciklu. Ma\u010da s\u0101kums paredz\u0113ts plkst. 19.30.<\/p>\n<p>Latvijas kandid\u0101ti<\/p>\n<tr>Poz\u012bcijaSp\u0113l\u0113t\u0101jsGadsAugumsKlubsSp\/Pti<\/tr>\n<tr class=\"even\">\n<td>Aizsargs<\/td>\n<td>Dairis Bert\u0101ns<\/td>\n<td>1989.<\/td>\n<td>193 cm<\/td>\n<td>VEF R\u012bga<\/td>\n<td>158\/1433<\/td>\n<\/tr>\n<tr class=\"odd\">\n<td\/>\n<td>Rihards Loma\u017es<\/td>\n<td>1996.<\/td>\n<td>193 cm<\/td>\n<td>Nept\u016bnas (Lietuva)<\/td>\n<td>55\/678<\/td>\n<\/tr>\n<tr class=\"even\">\n<td\/>\n<td>Art\u016brs Kurucs<\/td>\n<td>2000.<\/td>\n<td>191 cm<\/td>\n<td>Breogan (Sp\u0101nija)<\/td>\n<td>44\/233<\/td>\n<\/tr>\n<tr class=\"odd\">\n<td\/>\n<td>Toms Leimanis<\/td>\n<td>1994.<\/td>\n<td>190 cm<\/td>\n<td>bez kluba<\/td>\n<td>14\/67<\/td>\n<\/tr>\n<tr class=\"even\">\n<td\/>\n<td>Kristaps \u0136ilps<\/td>\n<td>2001.<\/td>\n<td>194 cm<\/td>\n<td>VEF R\u012bga<\/td>\n<td>8\/19<\/td>\n<\/tr>\n<tr class=\"odd\">\n<td\/>\n<td>Toms Skuja<\/td>\n<td>2002.<\/td>\n<td>188 cm<\/td>\n<td>Ludwigsburg (V\u0101cija)<\/td>\n<td>6\/9<\/td>\n<\/tr>\n<tr class=\"even\">\n<td\/>\n<td>Adrians And\u017eevs<\/td>\n<td>2007.<\/td>\n<td>188 cm<\/td>\n<td>VEF R\u012bga<\/td>\n<td\/><\/tr>\n<tr class=\"odd\">\n<td>Uzbruc\u0113js<\/td>\n<td>Mareks Mejeris<\/td>\n<td>1991.<\/td>\n<td>207 cm<\/td>\n<td>Stal Ostrow (Polija)<\/td>\n<td>123\/551<\/td>\n<\/tr>\n<tr class=\"even\">\n<td\/>\n<td>M\u0101rcis \u0160teinbergs<\/td>\n<td>2001.<\/td>\n<td>206 cm<\/td>\n<td>Manresa (Sp\u0101nija)<\/td>\n<td>26\/84<\/td>\n<\/tr>\n<tr class=\"odd\">\n<td\/>\n<td>Oj\u0101rs Sili\u0146\u0161<\/td>\n<td>1993.<\/td>\n<td>202 cm<\/td>\n<td>Legia Warszawa (Polija)<\/td>\n<td>25\/145<\/td>\n<\/tr>\n<tr class=\"even\">\n<td\/>\n<td>Roberts Blumbergs<\/td>\n<td>1998.<\/td>\n<td>208 cm<\/td>\n<td>Petkim Spor (Turcija)<\/td>\n<td>1\/6<\/td>\n<\/tr>\n<tr class=\"odd\">\n<td\/>\n<td>Ri\u010dards Aizpurs<\/td>\n<td>2008.<\/td>\n<td>198 cm<\/td>\n<td>Stella Azzurra (It\u0101lija)<\/td>\n<td\/><\/tr>\n<tr class=\"even\">\n<td>Centrs<\/td>\n<td>Kl\u0101vs \u010cavars<\/td>\n<td>1996.<\/td>\n<td>208 cm<\/td>\n<td>Sabah (Azerbaid\u017e\u0101na)<\/td>\n<td>57\/216<\/td>\n<\/tr>\n<tr class=\"odd\">\n<td\/>\n<td>An\u017eejs Pase\u010d\u0146iks<\/td>\n<td>1995.<\/td>\n<td>216 cm<\/td>\n<td>Lioneers (Taiv\u0101na)<\/td>\n<td>30\/230<\/td>\n<\/tr>\n<tr class=\"even\">\n<td\/>\n<td>K\u0101rlis \u0160ili\u0146\u0161<\/td>\n<td>1997.<\/td>\n<td>208 cm<\/td>\n<td>Trabzonspor (Turcija)<\/td>\n<td>11\/56<\/td>\n<\/tr>\n","protected":false},"excerpt":{"rendered":"Da\u013ca Latvijas izlases basketbolistu uz pirmo treni\u0146u ierad\u0101s gandr\u012bz uzreiz p\u0113c izk\u0101p\u0161anas no lidma\u0161\u012bnas, bet \u010cavaram l\u012bdz \u0161im&hellip;\n","protected":false},"author":2,"featured_media":58334,"comment_status":"","ping_status":"","sticky":false,"template":"","format":"standard","meta":{"footnotes":""},"categories":[5],"tags":[23,145,28,29,32,33,22,30,31,35,39,38,36,37,34,40,20,26,27,24,25,21],"class_list":{"0":"post-58333","1":"post","2":"type-post","3":"status-publish","4":"format-standard","5":"has-post-thumbnail","7":"category-aktualitates","8":"tag-aktualitates","9":"tag-basketbols","10":"tag-breaking-news","11":"tag-breakingnews","12":"tag-featured-news","13":"tag-featurednews","14":"tag-headlines","15":"tag-latest-news","16":"tag-latestnews","17":"tag-latvia","18":"tag-latvian","19":"tag-latviesu","20":"tag-latviesu-valoda","21":"tag-latviesuvaloda","22":"tag-latvija","23":"tag-lv","24":"tag-news","25":"tag-popularakas-zinas","26":"tag-popularakaszinas","27":"tag-top-stories","28":"tag-topstories","29":"tag-zinas"},"share_on_mastodon":{"url":"https:\/\/pubeurope.com\/@lv\/115610632013750429","error":""},"_links":{"self":[{"href":"https:\/\/www.europesays.com\/lv\/wp-json\/wp\/v2\/posts\/58333","targetHints":{"allow":["GET"]}}],"collection":[{"href":"https:\/\/www.europesays.com\/lv\/wp-json\/wp\/v2\/posts"}],"about":[{"href":"https:\/\/www.europesays.com\/lv\/wp-json\/wp\/v2\/types\/post"}],"author":[{"embeddable":true,"href":"https:\/\/www.europesays.com\/lv\/wp-json\/wp\/v2\/users\/2"}],"replies":[{"embeddable":true,"href":"https:\/\/www.europesays.com\/lv\/wp-json\/wp\/v2\/comments?post=58333"}],"version-history":[{"count":0,"href":"https:\/\/www.europesays.com\/lv\/wp-json\/wp\/v2\/posts\/58333\/revisions"}],"wp:featuredmedia":[{"embeddable":true,"href":"https:\/\/www.europesays.com\/lv\/wp-json\/wp\/v2\/media\/58334"}],"wp:attachment":[{"href":"https:\/\/www.europesays.com\/lv\/wp-json\/wp\/v2\/media?parent=58333"}],"wp:term":[{"taxonomy":"category","embeddable":true,"href":"https:\/\/www.europesays.com\/lv\/wp-json\/wp\/v2\/categories?post=58333"},{"taxonomy":"post_tag","embeddable":true,"href":"https:\/\/www.europesays.com\/lv\/wp-json\/wp\/v2\/tags?post=58333"}],"curies":[{"name":"wp","href":"https:\/\/api.w.org\/{rel}","templated":true}]}}