{"id":58363,"date":"2025-11-25T14:22:10","date_gmt":"2025-11-25T14:22:10","guid":{"rendered":"https:\/\/www.europesays.com\/lv\/58363\/"},"modified":"2025-11-25T14:22:10","modified_gmt":"2025-11-25T14:22:10","slug":"asv-abu-dabi-notur-sarunas-ar-krievijas-un-ukrainas-delegacijam","status":"publish","type":"post","link":"https:\/\/www.europesays.com\/lv\/58363\/","title":{"rendered":"ASV Ab\u016b Dab\u012b notur sarunas ar Krievijas un Ukrainas deleg\u0101cij\u0101m"},"content":{"rendered":"<p>Prec\u012bzs sarunu saturs nav piln\u012bb\u0101 skaidrs, un nav zin\u0101ms, kas bija Krievijas deleg\u0101cijas sast\u0101v\u0101. <a href=\"https:\/\/www.apollo.lv\/term\/555410\/asv\" class=\"topicLink\" target=\"_blank\" rel=\"nofollow noopener\">ASV<\/a> amatpersona &#8220;Reuters&#8221; piebilda, ka Driskols, kur\u0161 ir k\u013cuvis par galveno fig\u016bru ASV diplom\u0101tiskajos centienos, Ab\u016b Dab\u012b pl\u0101no tikties ar\u012b ar Ukrainas p\u0101rst\u0101vjiem.<\/p>\n<p>K\u0101 zi\u0146o &#8220;Financial Times&#8221;, Driskolam paredz\u0113ta tik\u0161an\u0101s ar Ukrainas milit\u0101r\u0101 izl\u016bkdienesta (GUR) vad\u012bt\u0101ju Kirilu Budanovu, ta\u010du GUR nav sniedzis koment\u0101rus par \u0161o inform\u0101ciju.<\/p>\n<p>\u0160\u012b tik\u0161an\u0101s notiek p\u0113c sv\u0113tdien notur\u0113taj\u0101m ASV un Ukrainas deleg\u0101ciju sarun\u0101m \u017den\u0113v\u0101. Abas puses t\u0101s atzinu\u0161as par veiksm\u012bg\u0101m: ASV valsts sekret\u0101rs Marko Rubio \u0161o tik\u0161anos raksturojis k\u0101 &#8220;visprodukt\u012bv\u0101ko vis\u0101 desmit m\u0113ne\u0161u darb\u0101&#8221; miera procesa gait\u0101, kam\u0113r Ukrainas deleg\u0101cijas vad\u012bt\u0101js prezidenta biroja vad\u012bt\u0101js Andrijs Jermaks paudis, ka dialogs bijis &#8220;\u013coti produkt\u012bvs&#8221;.<\/p>\n<p>P\u0113c \u017den\u0113vas sarun\u0101m ASV valsts sekret\u0101rs Marko Rubio pazi\u0146oja, ka ASV pl\u0101n\u0101 tiks veiktas zin\u0101mas izmai\u0146as, jo pan\u0101kta vieno\u0161an\u0101s par liel\u0101ko da\u013cu ASV pl\u0101na punktu un kori\u0123\u0113ta iev\u0113rojama da\u013ca str\u012bd\u012bgo punktu.<\/p>\n<p>To vid\u016b ir jaut\u0101jums par karav\u012bru skaitu Ukrainas armij\u0101, jaut\u0101jums par Zapori\u017ejas atomelektrostaciju, g\u016bstek\u0146u apmai\u0146as form\u0101ts un noties\u0101to atg\u016b\u0161ana.<\/p>\n<p>Tom\u0113r deleg\u0101cijas vienoju\u0161\u0101s, ka par teritorij\u0101m un to, lai Ukrainas nepievieno\u0161an\u0101s NATO tiktu iek\u013cauta konstit\u016bcij\u0101, j\u0101run\u0101 un j\u0101vienojas Ukrainas un ASV prezidentu l\u012bmen\u012b, nor\u0101da izdevums.<\/p>\n<p>Abu prezidentu tik\u0161an\u0101s var\u0113tu notikt jau \u0161oned\u0113\u013c vai n\u0101kamned\u0113\u013c. Tiesa, vieno\u0161an\u0101s par konkr\u0113tu datumu \u017den\u0113v\u0101 netika pan\u0101kta.<\/p>\n","protected":false},"excerpt":{"rendered":"Prec\u012bzs sarunu saturs nav piln\u012bb\u0101 skaidrs, un nav zin\u0101ms, kas bija Krievijas deleg\u0101cijas sast\u0101v\u0101. ASV amatpersona &#8220;Reuters&#8221; piebilda,&hellip;\n","protected":false},"author":2,"featured_media":58364,"comment_status":"","ping_status":"","sticky":false,"template":"","format":"standard","meta":{"footnotes":""},"categories":[14],"tags":[23,57,292,28,29,32,33,22,74,30,31,35,39,38,36,37,34,40,20,26,27,24,25,276,54,55,56,21,58],"class_list":{"0":"post-58363","1":"post","2":"type-post","3":"status-publish","4":"format-standard","5":"has-post-thumbnail","7":"category-zinas-no-arvalstim","8":"tag-aktualitates","9":"tag-arvalstim","10":"tag-asv","11":"tag-breaking-news","12":"tag-breakingnews","13":"tag-featured-news","14":"tag-featurednews","15":"tag-headlines","16":"tag-krievijas-iebrukums-ukraina","17":"tag-latest-news","18":"tag-latestnews","19":"tag-latvia","20":"tag-latvian","21":"tag-latviesu","22":"tag-latviesu-valoda","23":"tag-latviesuvaloda","24":"tag-latvija","25":"tag-lv","26":"tag-news","27":"tag-popularakas-zinas","28":"tag-popularakaszinas","29":"tag-top-stories","30":"tag-topstories","31":"tag-ukraina","32":"tag-world","33":"tag-world-news","34":"tag-worldnews","35":"tag-zinas","36":"tag-zinas-no-arvalstim"},"share_on_mastodon":{"url":"https:\/\/pubeurope.com\/@lv\/115610789025592665","error":""},"_links":{"self":[{"href":"https:\/\/www.europesays.com\/lv\/wp-json\/wp\/v2\/posts\/58363","targetHints":{"allow":["GET"]}}],"collection":[{"href":"https:\/\/www.europesays.com\/lv\/wp-json\/wp\/v2\/posts"}],"about":[{"href":"https:\/\/www.europesays.com\/lv\/wp-json\/wp\/v2\/types\/post"}],"author":[{"embeddable":true,"href":"https:\/\/www.europesays.com\/lv\/wp-json\/wp\/v2\/users\/2"}],"replies":[{"embeddable":true,"href":"https:\/\/www.europesays.com\/lv\/wp-json\/wp\/v2\/comments?post=58363"}],"version-history":[{"count":0,"href":"https:\/\/www.europesays.com\/lv\/wp-json\/wp\/v2\/posts\/58363\/revisions"}],"wp:featuredmedia":[{"embeddable":true,"href":"https:\/\/www.europesays.com\/lv\/wp-json\/wp\/v2\/media\/58364"}],"wp:attachment":[{"href":"https:\/\/www.europesays.com\/lv\/wp-json\/wp\/v2\/media?parent=58363"}],"wp:term":[{"taxonomy":"category","embeddable":true,"href":"https:\/\/www.europesays.com\/lv\/wp-json\/wp\/v2\/categories?post=58363"},{"taxonomy":"post_tag","embeddable":true,"href":"https:\/\/www.europesays.com\/lv\/wp-json\/wp\/v2\/tags?post=58363"}],"curies":[{"name":"wp","href":"https:\/\/api.w.org\/{rel}","templated":true}]}}