{"id":58378,"date":"2025-11-25T15:07:08","date_gmt":"2025-11-25T15:07:08","guid":{"rendered":"https:\/\/www.europesays.com\/lv\/58378\/"},"modified":"2025-11-25T15:07:08","modified_gmt":"2025-11-25T15:07:08","slug":"video-%e2%9f%a9-vokala-grupa-framest-izdevusi-ziemassvetku-singlu-un-videoklipu","status":"publish","type":"post","link":"https:\/\/www.europesays.com\/lv\/58378\/","title":{"rendered":"VIDEO \u27e9 Vok\u0101l\u0101 grupa \u201cFramest\u201d izdevusi Ziemassv\u0113tku singlu un videoklipu"},"content":{"rendered":"<p>\u201cAr \u0161o dziesmu v\u0113l\u0113j\u0101mies atcer\u0113ties pa\u0161i un atg\u0101din\u0101t ar\u012b saviem klaus\u012bt\u0101jiem tie\u0161i par gada nogales br\u012bnumaino saj\u016btu, kad viss \u0161\u0137iet vismaz nedaudz t\u012br\u0101ks, gai\u0161\u0101ks, dv\u0113selisk\u0101ks,\u201d saka J\u0101nis \u0136irsis. \u201c\u0160aj\u0101 laik\u0101 alla\u017e ir saj\u016bta, ka tiek dota iesp\u0113ja s\u0101kt no jauna, no t\u012bras lapas\u2026\u201d<\/p>\n<p>Ar \u0161o singlu grupa aicina uz t\u016bres \u201cFramest Ziemassv\u0113tkos\u201d koncertiem, kuros svin ar\u012b savu 20 gadu jubileju. Sopr\u0101ns Be\u0101te Zviedre, alts R\u016bta D\u016bduma, tenors Mikus Abaroni\u0146\u0161, baritons J\u0101nis \u0136irsis un bass Roberts Memm\u0113ns 30. novembr\u012b uzst\u0101sies Jelgavas kult\u016bras nam\u0101, 12. decembr\u012b \u2013 Liep\u0101jas koncertz\u0101l\u0113 \u201cLielais dzintars\u201d, 19. un 20. decembr\u012b \u2013 kinote\u0101tr\u012b \u201cSplendid Palace\u201d R\u012bg\u0101, bet 25. decembr\u012b \u2013 Dzintaru koncertz\u0101l\u0113.<\/p>\n<p>Koncertos klaus\u012bt\u0101jiem tiks pied\u0101v\u0101ta pla\u0161a muzik\u0101l\u0101 palete \u2013 no starptautiski atpaz\u012bstamas Ziemassv\u0113tku klasikas l\u012bdz labi zin\u0101mu latvie\u0161u autoru kompoz\u012bciju aran\u017e\u0113jumiem, neizpaliekot ar\u012b pa\u0161u grupas dal\u012bbnieku ori\u0123in\u0101ldarbiem ar jaun\u0101ko singlu \u201cPiedzim\u0161ana\u201d priek\u0161gal\u0101.<\/p>\n<p>Gatavojoties koncertiem grupa rad\u012bjusi programmu, kur\u0101 j\u016btams l\u012bdzsvars starp nostal\u0123isku siltumu, m\u016bsdien\u012bgu skan\u0113jumu un augstu vok\u0101lo meistar\u012bbu, kas ir apvien\u012bbas \u201cFramest\u201d galven\u0101s v\u0113rt\u012bbas. Katrs izpild\u012btais ska\u0146darbs iec\u0113r\u0113ts k\u0101 neliels sv\u0113tku br\u012bnums \u2013 t\u012brs, emocion\u0101ls, dv\u0113selisks un dom\u0101ts ikvienam klaus\u012bt\u0101jam.<\/p>\n<p>Bi\u013cetes uz t\u016bres \u201cFramest Ziemassv\u0113tkos\u201d koncertiem nop\u0113rkamas \u201cBi\u013ce\u0161u parad\u012bzes\u201d kas\u0113s vai bilesuparadize.lv.<\/p>\n<p>\u201cFramest\u201d koncertos Latvij\u0101 un \u0101rvalst\u012bs ori\u0123in\u0101l\u0101s a cappella aran\u017eij\u0101s alla\u017e izskan gan pa\u0161u, gan citu komponistu ska\u0146darbi no klasikas un d\u017eeza l\u012bdz popm\u016bzikai un v\u0113l citiem m\u016bzikas \u017eanriem. Izdoti jau \u010detri grupas studijas albumi: \u201cSv\u0113tki ledus pil\u012b\u201d (2012), \u201cAll That Jazz\u201d (2014), \u201cAmber Jazz\u201d (2015) un \u201cFramest 2.0\u201d (2025).<\/p>\n","protected":false},"excerpt":{"rendered":"\u201cAr \u0161o dziesmu v\u0113l\u0113j\u0101mies atcer\u0113ties pa\u0161i un atg\u0101din\u0101t ar\u012b saviem klaus\u012bt\u0101jiem tie\u0161i par gada nogales br\u012bnumaino saj\u016btu, kad&hellip;\n","protected":false},"author":2,"featured_media":58379,"comment_status":"","ping_status":"","sticky":false,"template":"","format":"standard","meta":{"footnotes":""},"categories":[19],"tags":[89,6162,90,35,39,38,36,37,34,40,103,9565],"class_list":{"0":"post-58378","1":"post","2":"type-post","3":"status-publish","4":"format-standard","5":"has-post-thumbnail","7":"category-izklaide","8":"tag-entertainment","9":"tag-framest","10":"tag-izklaide","11":"tag-latvia","12":"tag-latvian","13":"tag-latviesu","14":"tag-latviesu-valoda","15":"tag-latviesuvaloda","16":"tag-latvija","17":"tag-lv","18":"tag-muzika","19":"tag-muzikas-notikumi"},"share_on_mastodon":{"url":"https:\/\/pubeurope.com\/@lv\/115610966016193898","error":""},"_links":{"self":[{"href":"https:\/\/www.europesays.com\/lv\/wp-json\/wp\/v2\/posts\/58378","targetHints":{"allow":["GET"]}}],"collection":[{"href":"https:\/\/www.europesays.com\/lv\/wp-json\/wp\/v2\/posts"}],"about":[{"href":"https:\/\/www.europesays.com\/lv\/wp-json\/wp\/v2\/types\/post"}],"author":[{"embeddable":true,"href":"https:\/\/www.europesays.com\/lv\/wp-json\/wp\/v2\/users\/2"}],"replies":[{"embeddable":true,"href":"https:\/\/www.europesays.com\/lv\/wp-json\/wp\/v2\/comments?post=58378"}],"version-history":[{"count":0,"href":"https:\/\/www.europesays.com\/lv\/wp-json\/wp\/v2\/posts\/58378\/revisions"}],"wp:featuredmedia":[{"embeddable":true,"href":"https:\/\/www.europesays.com\/lv\/wp-json\/wp\/v2\/media\/58379"}],"wp:attachment":[{"href":"https:\/\/www.europesays.com\/lv\/wp-json\/wp\/v2\/media?parent=58378"}],"wp:term":[{"taxonomy":"category","embeddable":true,"href":"https:\/\/www.europesays.com\/lv\/wp-json\/wp\/v2\/categories?post=58378"},{"taxonomy":"post_tag","embeddable":true,"href":"https:\/\/www.europesays.com\/lv\/wp-json\/wp\/v2\/tags?post=58378"}],"curies":[{"name":"wp","href":"https:\/\/api.w.org\/{rel}","templated":true}]}}