{"id":58380,"date":"2025-11-25T15:10:12","date_gmt":"2025-11-25T15:10:12","guid":{"rendered":"https:\/\/www.europesays.com\/lv\/58380\/"},"modified":"2025-11-25T15:10:12","modified_gmt":"2025-11-25T15:10:12","slug":"aris-jansons-uzmanibu-uz-sliezu-celiem","status":"publish","type":"post","link":"https:\/\/www.europesays.com\/lv\/58380\/","title":{"rendered":"\u0100ris Jansons: Uzman\u012bbu uz slie\u017eu ce\u013ciem!"},"content":{"rendered":"<p>Po\u013ciem ir paveicies t\u0101d\u0101 zi\u0146\u0101, ka pirms ned\u0113\u013cas uz dzelzce\u013ca notiku\u0161\u0101s divas diversijas nav laup\u012bju\u0161as cilv\u0113ku dz\u012bv\u012bbas. Pa apdraud\u0113juma piemekl\u0113to dzelzce\u013ca l\u012bniju, kas ved no Var\u0161avas caur Lub\u013cinu l\u012bdz valsts robe\u017eai, <a rel=\"noopener nofollow\" target=\"_blank\" href=\"https:\/\/wiadomosci.wp.pl\/minister-infrastruktury-nasze-sluzby-nie-dadza-sie-przestraszyc-7222828508892032a\" data-rel-date-range=\"[]\">kurs\u0113 ap 115 vilcienu dien\u0101.<\/a> Vien\u0101 no gad\u012bjumiem izvair\u012bties no katastrofas \u013c\u0101va ma\u0161\u012bnista modr\u012bba, ce\u013ca l\u012bkum\u0101 iev\u0113rojot sliedes gabala tr\u016bkumu.<\/p>\n<p>\u0145emot v\u0113r\u0101, ka izraudz\u012bt\u0101 diversijas vieta nav nejau\u0161a, ir pamats teikt, ka notiku\u0161ais ir viens no hibr\u012bda uzbrukumiem Polijai, kas k\u013c\u016bst intens\u012bv\u0101ki. S\u0101kum\u0101 satrauca atsevi\u0161\u0137i ugunsgr\u0113ki, tagad tie izskat\u0101s vair\u0101k koordin\u0113ti. S\u0101kum\u0101 valsts robe\u017eu nel\u016bgti \u0161\u0137\u0113rsoja atsevi\u0161\u0137i droni, tad \u0161\u0101du dronu skaits pieauga.<\/p>\n<p class=\"MsoNormal\">Dzelzce\u013ca diversijas vieta atrodas galvenaj\u0101 tranz\u012bta mar\u0161rut\u0101, kas ved uz Ukrainu. Polijas premjerministrs Donalds Tusks atzinis, ka \u0161is mar\u0161ruts cita starp\u0101 tiek izmantots iero\u010du transport\u0113\u0161anai uz Ukrainu. \u0160eit transport\u0113 ar\u012b ener\u0123ijas resursus un apr\u012bkojumu, kas nepiecie\u0161ams aizsardz\u012bbai pret Krieviju. Tas ir ar\u012b ce\u013c\u0161, ko izmanto daudzi pasa\u017eieru un \u0101trgaitas vilcieni. Nevar izsl\u0113gt, ka slie\u017eu ce\u013cu boj\u0101t\u0101ji grib\u0113ja izrais\u012bt vilciena av\u0101riju, pat lielu katastrofu.<\/p>\n<p>Lai turpin\u0101tu las\u012bt, ieg\u0101d\u0101jies abonementu.<\/p>\n<p class=\"fs-4\">L\u016bdzu, uzgaidi!<\/p>\n<p class=\"fs-5\">Piel\u0101gojam Tev piem\u0113rot\u0101ko abon\u0113\u0161anas pied\u0101v\u0101jumu&#8230;<\/p>\n<p class=\"lh-1 fs-6 text-muted pt-3 mt-5\">Abon\u0113\u0161anas pied\u0101v\u0101jums nav redzams? L\u016bdzu, izsl\u0113dz rekl\u0101mu blo\u0137\u0113t\u0101ju vai  p\u0101rl\u0101d\u0113 lapu.<br \/>Jaut\u0101jumu gad\u012bjum\u0101 raksti <a href=\"https:\/\/www.delfi.lv\/52106703\/versijas\/120096420\/mailto:konts@delfi.lv\" class=\"text-primary\" rel=\"nofollow noopener\" target=\"_blank\">konts@delfi.lv<\/a><\/p>\n<p class=\"m-0\">Seko &#8220;Delfi&#8221; ar\u012b  <a target=\"_blank\" href=\"https:\/\/www.instagram.com\/delfi.lv\/\" rel=\"nofollow noopener\">Instagram<\/a>  un <a target=\"_blank\" href=\"https:\/\/www.youtube.com\/channel\/UCw5foWtcJvAbUm64rv7jwUQ\" rel=\"nofollow noopener\">YouTube<\/a>  profil\u0101 \u2013 pievienojies, lai uzzin\u0101tu svar\u012bg\u0101ko un interesant\u0101ko pirmais!<\/p>\n<p>Publik\u0101cijas saturs vai t\u0101s jebk\u0101da apjoma da\u013ca ir aizsarg\u0101ts autorties\u012bbu objekts Autorties\u012bbu likuma izpratn\u0113, un t\u0101 izmanto\u0161ana bez izdev\u0113ja at\u013caujas ir aizliegta. Vair\u0101k lasi  <a target=\"_blank\" href=\"https:\/\/www.delfi.lv\/noteikumi#autortiesibas\" rel=\"nofollow noopener\">\u0161eit<\/a><script async src=\"\/\/www.instagram.com\/embed.js\"><\/script><\/p>\n","protected":false},"excerpt":{"rendered":"Po\u013ciem ir paveicies t\u0101d\u0101 zi\u0146\u0101, ka pirms ned\u0113\u013cas uz dzelzce\u013ca notiku\u0161\u0101s divas diversijas nav laup\u012bju\u0161as cilv\u0113ku dz\u012bv\u012bbas. Pa&hellip;\n","protected":false},"author":2,"featured_media":58381,"comment_status":"","ping_status":"","sticky":false,"template":"","format":"standard","meta":{"footnotes":""},"categories":[14],"tags":[23,12829,57,28,29,5728,2283,32,33,22,74,30,31,35,39,38,36,37,34,40,20,4955,72,26,27,24,25,54,55,56,21,58],"class_list":{"0":"post-58380","1":"post","2":"type-post","3":"status-publish","4":"format-standard","5":"has-post-thumbnail","7":"category-zinas-no-arvalstim","8":"tag-aktualitates","9":"tag-aris-jansons","10":"tag-arvalstim","11":"tag-breaking-news","12":"tag-breakingnews","13":"tag-delfi-plus","14":"tag-donalds-tusks","15":"tag-featured-news","16":"tag-featurednews","17":"tag-headlines","18":"tag-krievijas-iebrukums-ukraina","19":"tag-latest-news","20":"tag-latestnews","21":"tag-latvia","22":"tag-latvian","23":"tag-latviesu","24":"tag-latviesu-valoda","25":"tag-latviesuvaloda","26":"tag-latvija","27":"tag-lv","28":"tag-news","29":"tag-par-aktualo","30":"tag-polija","31":"tag-popularakas-zinas","32":"tag-popularakaszinas","33":"tag-top-stories","34":"tag-topstories","35":"tag-world","36":"tag-world-news","37":"tag-worldnews","38":"tag-zinas","39":"tag-zinas-no-arvalstim"},"share_on_mastodon":{"url":"https:\/\/pubeurope.com\/@lv\/115610977850181182","error":""},"_links":{"self":[{"href":"https:\/\/www.europesays.com\/lv\/wp-json\/wp\/v2\/posts\/58380","targetHints":{"allow":["GET"]}}],"collection":[{"href":"https:\/\/www.europesays.com\/lv\/wp-json\/wp\/v2\/posts"}],"about":[{"href":"https:\/\/www.europesays.com\/lv\/wp-json\/wp\/v2\/types\/post"}],"author":[{"embeddable":true,"href":"https:\/\/www.europesays.com\/lv\/wp-json\/wp\/v2\/users\/2"}],"replies":[{"embeddable":true,"href":"https:\/\/www.europesays.com\/lv\/wp-json\/wp\/v2\/comments?post=58380"}],"version-history":[{"count":0,"href":"https:\/\/www.europesays.com\/lv\/wp-json\/wp\/v2\/posts\/58380\/revisions"}],"wp:featuredmedia":[{"embeddable":true,"href":"https:\/\/www.europesays.com\/lv\/wp-json\/wp\/v2\/media\/58381"}],"wp:attachment":[{"href":"https:\/\/www.europesays.com\/lv\/wp-json\/wp\/v2\/media?parent=58380"}],"wp:term":[{"taxonomy":"category","embeddable":true,"href":"https:\/\/www.europesays.com\/lv\/wp-json\/wp\/v2\/categories?post=58380"},{"taxonomy":"post_tag","embeddable":true,"href":"https:\/\/www.europesays.com\/lv\/wp-json\/wp\/v2\/tags?post=58380"}],"curies":[{"name":"wp","href":"https:\/\/api.w.org\/{rel}","templated":true}]}}