{"id":58416,"date":"2025-11-25T16:32:09","date_gmt":"2025-11-25T16:32:09","guid":{"rendered":"https:\/\/www.europesays.com\/lv\/58416\/"},"modified":"2025-11-25T16:32:09","modified_gmt":"2025-11-25T16:32:09","slug":"indrasis-atstaj-cehijas-klubu-mlada-boleslav","status":"publish","type":"post","link":"https:\/\/www.europesays.com\/lv\/58416\/","title":{"rendered":"Indra\u0161is atst\u0101j \u010cehijas klubu &#8220;Mlada Boleslav&#8221;"},"content":{"rendered":"<p>Vieno\u0161an\u0101s p\u0101rtraukta p\u0113c abpus\u0113jas vieno\u0161an\u0101s.<\/p>\n<p>Indra\u0161is sezonu s\u0101ka bez kluba un pievienojas &#8220;Mlada Boleslav&#8221; septembra beig\u0101s. Vi\u0146\u0161 Malda Boleslavas komand\u0101 14 sp\u0113l\u0113s tika pie vienas rezultat\u012bvas piesp\u0113les un iekr\u0101ja negat\u012bvu lietder\u012bbas koeficientu -2.<\/p>\n<p>Pag\u0101ju\u0161aj\u0101 sezon\u0101 35 gadus vecais uzbruc\u0113js sp\u0113l\u0113ja Zviedrijas vice\u010dempion\u0113 J\u0113vles &#8220;Brynas&#8221;, 48 Zviedrijas virsl\u012bgas sp\u0113l\u0113s sakr\u0101jot 29 (6+23) rezultativit\u0101tes punktus, bet 17 &#8220;play-off&#8221; ma\u010dos &#8211; \u010detrus (1+3) punktus.<\/p>\n<p>Pirms pievieno\u0161an\u0101s &#8220;Brynas&#8221; Indra\u0161is pavad\u012bja vienu sezonu V\u0101cijas augst\u0101k\u0101s hokeja l\u012bgas (DEL) komand\u0101 \u0160veningenes &#8220;Wild Wings&#8221;, bet pirms tam vi\u0146\u0161 sezonu nosl\u0113dza \u0160veic\u0113 &#8220;Biel-Bienne&#8221; komand\u0101.<\/p>\n<p>Karjeras laik\u0101 r\u012bdzinieks \u0101rvalst\u012bs ir p\u0101rst\u0101v\u0113jis Kontinent\u0101l\u0101s hokeja l\u012bgas (KHL) klubus R\u012bgas &#8220;Dinamo&#8221;, Krievijas klubus Maskavas &#8220;Dinamo&#8221;, Maskavas apgabala &#8220;Vitjaz&#8221; un Vladivostokas &#8220;Admiral&#8221;, k\u0101 ar\u012b ir sp\u0113l\u0113jis \u0160veices vien\u012bb\u0101 &#8220;Biel-Bienne&#8221; un V\u0101cijas augst\u0101k\u0101s hokeja l\u012bgas (DEL) komand\u0101 \u0160veningenes &#8220;Wild Wings&#8221;, divas p\u0113d\u0113j\u0101s sezonas pavadot &#8220;Brynas&#8221; rind\u0101s.<\/p>\n<p>Pieredz\u0113ju\u0161ais uzbruc\u0113js ir p\u0101rst\u0101v\u0113jis Latvijas izlasi 11 pasaules \u010dempion\u0101tos, ta\u010du \u0161ogad meistarsac\u012bkst\u0113s nesp\u0113l\u0113ja \u0123imenes apsv\u0113rumu d\u0113\u013c.<\/p>\n","protected":false},"excerpt":{"rendered":"Vieno\u0161an\u0101s p\u0101rtraukta p\u0113c abpus\u0113jas vieno\u0161an\u0101s. Indra\u0161is sezonu s\u0101ka bez kluba un pievienojas &#8220;Mlada Boleslav&#8221; septembra beig\u0101s. Vi\u0146\u0161 Malda&hellip;\n","protected":false},"author":2,"featured_media":58417,"comment_status":"","ping_status":"","sticky":false,"template":"","format":"standard","meta":{"footnotes":""},"categories":[17],"tags":[836,838,394,721,35,39,38,36,37,34,40,1533,67],"class_list":{"0":"post-58416","1":"post","2":"type-post","3":"status-publish","4":"format-standard","5":"has-post-thumbnail","7":"category-sports","8":"tag-hokeja-jaunumi","9":"tag-hokejisti-arzemes","10":"tag-hokejs","11":"tag-hokejs-pasaule","12":"tag-latvia","13":"tag-latvian","14":"tag-latviesu","15":"tag-latviesu-valoda","16":"tag-latviesuvaloda","17":"tag-latvija","18":"tag-lv","19":"tag-miks-indrasis","20":"tag-sports"},"share_on_mastodon":{"url":"https:\/\/pubeurope.com\/@lv\/115611300209028063","error":""},"_links":{"self":[{"href":"https:\/\/www.europesays.com\/lv\/wp-json\/wp\/v2\/posts\/58416","targetHints":{"allow":["GET"]}}],"collection":[{"href":"https:\/\/www.europesays.com\/lv\/wp-json\/wp\/v2\/posts"}],"about":[{"href":"https:\/\/www.europesays.com\/lv\/wp-json\/wp\/v2\/types\/post"}],"author":[{"embeddable":true,"href":"https:\/\/www.europesays.com\/lv\/wp-json\/wp\/v2\/users\/2"}],"replies":[{"embeddable":true,"href":"https:\/\/www.europesays.com\/lv\/wp-json\/wp\/v2\/comments?post=58416"}],"version-history":[{"count":0,"href":"https:\/\/www.europesays.com\/lv\/wp-json\/wp\/v2\/posts\/58416\/revisions"}],"wp:featuredmedia":[{"embeddable":true,"href":"https:\/\/www.europesays.com\/lv\/wp-json\/wp\/v2\/media\/58417"}],"wp:attachment":[{"href":"https:\/\/www.europesays.com\/lv\/wp-json\/wp\/v2\/media?parent=58416"}],"wp:term":[{"taxonomy":"category","embeddable":true,"href":"https:\/\/www.europesays.com\/lv\/wp-json\/wp\/v2\/categories?post=58416"},{"taxonomy":"post_tag","embeddable":true,"href":"https:\/\/www.europesays.com\/lv\/wp-json\/wp\/v2\/tags?post=58416"}],"curies":[{"name":"wp","href":"https:\/\/api.w.org\/{rel}","templated":true}]}}