{"id":58422,"date":"2025-11-25T16:58:08","date_gmt":"2025-11-25T16:58:08","guid":{"rendered":"https:\/\/www.europesays.com\/lv\/58422\/"},"modified":"2025-11-25T16:58:08","modified_gmt":"2025-11-25T16:58:08","slug":"latvija-ratifice-eiropas-cilveka-tiesibu-un-pamatbrivibu-aizsardzibas-konvencijas-protokolu","status":"publish","type":"post","link":"https:\/\/www.europesays.com\/lv\/58422\/","title":{"rendered":"Latvija ratific\u0113 Eiropas Cilv\u0113ka ties\u012bbu un pamatbr\u012bv\u012bbu aizsardz\u012bbas konvencijas protokolu"},"content":{"rendered":"<p>Protokols Latvij\u0101 st\u0101sies sp\u0113k\u0101 n\u0101kam\u0101 gada 1. mart\u0101. 6. novembr\u012b sp\u0113k\u0101 st\u0101j\u0101s likums par Cilv\u0113ka ties\u012bbu un pamatbr\u012bv\u012bbu aizsardz\u012bbas konvencijas 16. protokolu, ar kuru Saeima atbalst\u012bja Latvijas pievieno\u0161anos protokolam.<\/p>\n<p>L\u012bdz ar protokola st\u0101\u0161anos sp\u0113k\u0101 Latvij\u0101 Augst\u0101kajai tiesai un Satversmes tiesai b\u016bs ties\u012bbas l\u016bgt Eiropas Cilv\u0113kties\u012bbu tiesu (ECT) sniegt konsultat\u012bvu atzinumu par b\u016btiskiem Eiropas Cilv\u0113ka ties\u012bbu un pamatbr\u012bv\u012bbu aizsardz\u012bbas konvencij\u0101 vai t\u0101s protokolos garant\u0113to ties\u012bbu un br\u012bv\u012bbu interpret\u0101cijas vai piem\u0113ro\u0161anas jaut\u0101jumiem.<\/p>\n<p>ECT konsultat\u012bvaj\u0101 atzinum\u0101 izdar\u012btie secin\u0101jumi nav juridiski saisto\u0161i, tom\u0113r tie dod ieskatu un vadl\u012bnijas konvencij\u0101 un t\u0101s protokolos garant\u0113to ties\u012bbu interpret\u0101cijai un piem\u0113ro\u0161anai str\u012bd\u012bgos un iepriek\u0161 neatrisin\u0101tos jaut\u0101jumos.<\/p>\n<p>Protokols parakst\u012b\u0161anai atv\u0113rts 2013. gada 2. oktobr\u012b, un tas st\u0101j\u0101s sp\u0113k\u0101 2018. gada 1. august\u0101, kad tam bija pievienoju\u0161\u0101s desmit konvencijas dal\u012bbvalstis. Patlaban protokolu ir ratific\u0113ju\u0161as 26 konvencijas dal\u012bbvalstis: Alb\u0101nija, Andora, Arm\u0113nija, Azerbaid\u017e\u0101na, Be\u013c\u0123ija, Bosnija un Hercegovina, Francija, Grie\u0137ija, Gruzija, Igaunija, Lietuva, Luksemburga, Melnkalne, Moldova, Monako, N\u012bderlande, Rum\u0101nija, Sanmar\u012bno, Slov\u0101kija, Slov\u0113nija, Somija, Sp\u0101nija, Ukraina, Zieme\u013cma\u0137edonija, Zviedrija un Latvija. Protokolu parakst\u012bju\u0161as v\u0113l tr\u012bs konvencijas dal\u012bbvalstis: It\u0101lija, Norv\u0113\u0123ija un Turcija.<\/p>\n","protected":false},"excerpt":{"rendered":"Protokols Latvij\u0101 st\u0101sies sp\u0113k\u0101 n\u0101kam\u0101 gada 1. mart\u0101. 6. novembr\u012b sp\u0113k\u0101 st\u0101j\u0101s likums par Cilv\u0113ka ties\u012bbu un pamatbr\u012bv\u012bbu&hellip;\n","protected":false},"author":2,"featured_media":54784,"comment_status":"","ping_status":"","sticky":false,"template":"","format":"standard","meta":{"footnotes":""},"categories":[14],"tags":[23,464,57,28,29,32,33,22,30,31,35,39,38,36,37,34,40,20,26,27,24,25,54,55,56,21,58],"class_list":{"0":"post-58422","1":"post","2":"type-post","3":"status-publish","4":"format-standard","5":"has-post-thumbnail","7":"category-zinas-no-arvalstim","8":"tag-aktualitates","9":"tag-arlietu-ministrija","10":"tag-arvalstim","11":"tag-breaking-news","12":"tag-breakingnews","13":"tag-featured-news","14":"tag-featurednews","15":"tag-headlines","16":"tag-latest-news","17":"tag-latestnews","18":"tag-latvia","19":"tag-latvian","20":"tag-latviesu","21":"tag-latviesu-valoda","22":"tag-latviesuvaloda","23":"tag-latvija","24":"tag-lv","25":"tag-news","26":"tag-popularakas-zinas","27":"tag-popularakaszinas","28":"tag-top-stories","29":"tag-topstories","30":"tag-world","31":"tag-world-news","32":"tag-worldnews","33":"tag-zinas","34":"tag-zinas-no-arvalstim"},"share_on_mastodon":{"url":"https:\/\/pubeurope.com\/@lv\/115611402459787133","error":""},"_links":{"self":[{"href":"https:\/\/www.europesays.com\/lv\/wp-json\/wp\/v2\/posts\/58422","targetHints":{"allow":["GET"]}}],"collection":[{"href":"https:\/\/www.europesays.com\/lv\/wp-json\/wp\/v2\/posts"}],"about":[{"href":"https:\/\/www.europesays.com\/lv\/wp-json\/wp\/v2\/types\/post"}],"author":[{"embeddable":true,"href":"https:\/\/www.europesays.com\/lv\/wp-json\/wp\/v2\/users\/2"}],"replies":[{"embeddable":true,"href":"https:\/\/www.europesays.com\/lv\/wp-json\/wp\/v2\/comments?post=58422"}],"version-history":[{"count":0,"href":"https:\/\/www.europesays.com\/lv\/wp-json\/wp\/v2\/posts\/58422\/revisions"}],"wp:featuredmedia":[{"embeddable":true,"href":"https:\/\/www.europesays.com\/lv\/wp-json\/wp\/v2\/media\/54784"}],"wp:attachment":[{"href":"https:\/\/www.europesays.com\/lv\/wp-json\/wp\/v2\/media?parent=58422"}],"wp:term":[{"taxonomy":"category","embeddable":true,"href":"https:\/\/www.europesays.com\/lv\/wp-json\/wp\/v2\/categories?post=58422"},{"taxonomy":"post_tag","embeddable":true,"href":"https:\/\/www.europesays.com\/lv\/wp-json\/wp\/v2\/tags?post=58422"}],"curies":[{"name":"wp","href":"https:\/\/api.w.org\/{rel}","templated":true}]}}