{"id":58518,"date":"2025-11-25T19:08:09","date_gmt":"2025-11-25T19:08:09","guid":{"rendered":"https:\/\/www.europesays.com\/lv\/58518\/"},"modified":"2025-11-25T19:08:09","modified_gmt":"2025-11-25T19:08:09","slug":"latvijas-boksa-savieniba-klust-par-pasaules-boksa-organizacijas-biedru-bokss-sportacentrs-com","status":"publish","type":"post","link":"https:\/\/www.europesays.com\/lv\/58518\/","title":{"rendered":"Latvijas Boksa savien\u012bba k\u013c\u016bst par Pasaules boksa organiz\u0101cijas biedru \u2013 Bokss \u2013 Sportacentrs.com"},"content":{"rendered":"<p>&#8220;Latvijas Boksa savien\u012bbas uz\u0146em\u0161ana World Boxing ir \u013coti b\u016btisks pav\u0113rsiens. Ceru, ka l\u012bdz ar \u0161o soli, Latvijas boksa transform\u0101cijas process var tikt uzskat\u012bts par nosl\u0113gtu. Ja 2025. gada s\u0101kum\u0101 Latvij\u0101 darboj\u0101s divas konkur\u0113jo\u0161as, valsts neatz\u012btas feder\u0101cijas, tad \u0161aj\u0101 laik\u0101 mums ir izdevies apvienoties, ieg\u016bt valsts atz\u012btas feder\u0101cijas statusu un pilnv\u0113rt\u012bgi atgriezties Latvijas Olimpisk\u0101s komitejas sast\u0101v\u0101. LBS uz\u0146em\u0161ana World Boxing sast\u0101v\u0101 simboliski iez\u012bm\u0113 \u0161o p\u0101rmai\u0146u nosl\u0113gumu.<\/p>\n<p>V\u0113los pateikt lielu paldies saviem kol\u0113\u0123iem LBS vald\u0113 par komandas darbu un kop\u012bgo strat\u0113\u0123isko redz\u0113jumu, k\u0101 ar\u012b visiem LBS biedriem par sapratni, paciet\u012bbu un atbalstu \u0161aj\u0101 neb\u016bt ne vieglaj\u0101 proces\u0101. Mums j\u0101turpina str\u0101d\u0101t un att\u012bst\u012bties, saglab\u0101jot skaidru redz\u0113jumu par LBS pamatm\u0113r\u0137iem un konstrukt\u012bvu pieeju to sasnieg\u0161an\u0101,&#8221; nor\u0101da Gatis Gudermanis, Latvijas Boksa savien\u012bbas prezidents.<\/p>\n<p>World Boxing ir starptautiska boksa organiz\u0101cija, kas dibin\u0101ta 2023. gada 13. apr\u012bl\u012b ar m\u0113r\u0137i nodro\u0161in\u0101t caurskat\u0101mu, sportistu interes\u0113m atbilsto\u0161u un starptautiski atz\u012btu amatierboksa p\u0101rvald\u012bbu. Organiz\u0101cijas galven\u0101 m\u012btne atrodas Lozann\u0101, \u0160veic\u0113. T\u0101s galvenais uzdevums ir nodro\u0161in\u0101t stabilu, neatkar\u012bgu un augstiem \u0113tikas, god\u012bgas sp\u0113les un dro\u0161\u012bbas standartiem atbilsto\u0161u olimpisk\u0101 boksa n\u0101kotni.<\/p>\n<p>Pa\u0161laik World Boxing apvieno 136 nacion\u0101l\u0101s feder\u0101cijas. 2025. gada 26. febru\u0101r\u012b Starptautisk\u0101 Olimpisk\u0101 komiteja organiz\u0101cijai pie\u0161\u0137\u012bra provizorisku atz\u012b\u0161anu k\u0101 glob\u0101lajai boksa p\u0101rvald\u012bbas instit\u016bcijai \u2013 b\u016btisku soli ce\u013c\u0101 uz pilnv\u0113rt\u012bgu olimpisk\u0101 statusa atjauno\u0161anu. World Boxing turpina akt\u012bvi str\u0101d\u0101t pie p\u0101rvald\u012bbas stiprin\u0101\u0161anas, sacens\u012bbu sist\u0113mas att\u012bst\u012bbas, starptautisko noteikumu harmoniz\u0113\u0161anas, k\u0101 ar\u012b antidopinga un sporta \u0113tikas politikas pilnveides.<\/p>\n<p>Organiz\u0101cija uztur ofici\u0101los amatieru pasaules reitingus un nodro\u0161ina caursp\u012bd\u012bgu sacens\u012bbu kalend\u0101ru, lai sportisti un feder\u0101cijas var\u0113tu dro\u0161i pl\u0101not dal\u012bbu augsta l\u012bme\u0146a turn\u012bros.<\/p>\n<p>2025. gada 4. apr\u012bl\u012b par Latvijas Boksa savien\u012bbas prezidentu tika iev\u0113l\u0113ts Gatis Gudermanis, par viceprezidentiem M\u0101ris Martinsons un Ansis P\u016bce. Vald\u0113 iev\u0113l\u0113ti Aivars Zelti\u0146\u0161, Aivis Tints, Andris Morozovs un Zane Drozda. Savuk\u0101rt 2025. gada 23. j\u016blij\u0101 LBS biedru sapulc\u0113 par jauno \u0123ener\u0101lsekret\u0101ru iev\u0113l\u0113ts \u0145ikita Versockis, kur\u0161 no 2025. gada 15. augusta pilda ar\u012b valdes locek\u013ca pien\u0101kumus.<\/p>\n<p>Latvijas Boksa savien\u012bba dibin\u0101ta ar m\u0113r\u0137i atbalst\u012bt un att\u012bst\u012bt boksu Latvij\u0101. T\u0101 populariz\u0113 boksu gan k\u0101 tautas sporta veidu, ar kuru iesp\u0113jams nodarboties pa\u0161aizsardz\u012bbas nol\u016bkos un fizisk\u0101s sagatavot\u012bbas uzlabo\u0161anai, gan ar\u012b k\u0101 augstu sasniegumu sporta discipl\u012bnu ar dal\u012bbu Eiropas, pasaules \u010dempion\u0101tos un ar\u012b olimpiskaj\u0101s sp\u0113l\u0113s. Savien\u012bba veicina b\u0113rnu un jaunie\u0161u iesaisti boks\u0101, organiz\u0113 sacens\u012bbas un p\u0101rst\u0101v Latvijas boksu starptautisk\u0101 l\u012bmen\u012b, m\u0113r\u0137tiec\u012bgi str\u0101d\u0101jot pie ilgtsp\u0113j\u012bgas un profesion\u0101las boksa vides att\u012bst\u012bbas.<\/p>\n<p>Inform\u0101ciju sagatavoja:<br \/>\u0145ikita Versockis<br \/>\u0122ener\u0101lsekret\u0101rs<br \/>Latvijas Boksa savien\u012bba<\/p>\n","protected":false},"excerpt":{"rendered":"&#8220;Latvijas Boksa savien\u012bbas uz\u0146em\u0161ana World Boxing ir \u013coti b\u016btisks pav\u0113rsiens. Ceru, ka l\u012bdz ar \u0161o soli, Latvijas boksa&hellip;\n","protected":false},"author":2,"featured_media":58519,"comment_status":"","ping_status":"","sticky":false,"template":"","format":"standard","meta":{"footnotes":""},"categories":[17],"tags":[2153,35,39,38,36,37,34,40,67],"class_list":{"0":"post-58518","1":"post","2":"type-post","3":"status-publish","4":"format-standard","5":"has-post-thumbnail","7":"category-sports","8":"tag-bokss","9":"tag-latvia","10":"tag-latvian","11":"tag-latviesu","12":"tag-latviesu-valoda","13":"tag-latviesuvaloda","14":"tag-latvija","15":"tag-lv","16":"tag-sports"},"share_on_mastodon":{"url":"https:\/\/pubeurope.com\/@lv\/115611913575534533","error":""},"_links":{"self":[{"href":"https:\/\/www.europesays.com\/lv\/wp-json\/wp\/v2\/posts\/58518","targetHints":{"allow":["GET"]}}],"collection":[{"href":"https:\/\/www.europesays.com\/lv\/wp-json\/wp\/v2\/posts"}],"about":[{"href":"https:\/\/www.europesays.com\/lv\/wp-json\/wp\/v2\/types\/post"}],"author":[{"embeddable":true,"href":"https:\/\/www.europesays.com\/lv\/wp-json\/wp\/v2\/users\/2"}],"replies":[{"embeddable":true,"href":"https:\/\/www.europesays.com\/lv\/wp-json\/wp\/v2\/comments?post=58518"}],"version-history":[{"count":0,"href":"https:\/\/www.europesays.com\/lv\/wp-json\/wp\/v2\/posts\/58518\/revisions"}],"wp:featuredmedia":[{"embeddable":true,"href":"https:\/\/www.europesays.com\/lv\/wp-json\/wp\/v2\/media\/58519"}],"wp:attachment":[{"href":"https:\/\/www.europesays.com\/lv\/wp-json\/wp\/v2\/media?parent=58518"}],"wp:term":[{"taxonomy":"category","embeddable":true,"href":"https:\/\/www.europesays.com\/lv\/wp-json\/wp\/v2\/categories?post=58518"},{"taxonomy":"post_tag","embeddable":true,"href":"https:\/\/www.europesays.com\/lv\/wp-json\/wp\/v2\/tags?post=58518"}],"curies":[{"name":"wp","href":"https:\/\/api.w.org\/{rel}","templated":true}]}}