{"id":58530,"date":"2025-11-25T19:20:09","date_gmt":"2025-11-25T19:20:09","guid":{"rendered":"https:\/\/www.europesays.com\/lv\/58530\/"},"modified":"2025-11-25T19:20:09","modified_gmt":"2025-11-25T19:20:09","slug":"ronaldu-vares-spelet-pasaules-kausa-finalturnira-pirmaja-maca","status":"publish","type":"post","link":"https:\/\/www.europesays.com\/lv\/58530\/","title":{"rendered":"Ronaldu var\u0113s sp\u0113l\u0113t Pasaules kausa fin\u0101lturn\u012bra pirmaj\u0101 ma\u010d\u0101"},"content":{"rendered":"<p>FIFA diskvalifik\u0101cija neattiecas uz p\u0101rbaudes sp\u0113l\u0113m.<\/p>\n<p>FIFA Ronaldu piesprieda tr\u012bs sp\u0113\u013cu diskvalifik\u0101ciju, no kur\u0101m divas tiks atliktas, bet pirm\u0101s sp\u0113les diskvalifik\u0101cija jau ir izciesta Portug\u0101les ma\u010d\u0101 ar Arm\u0113niju, kur\u0101 portug\u0101\u013ci kvalific\u0113j\u0101s fin\u0101lturn\u012bram.<\/p>\n<p>&#8220;Saska\u0146\u0101 ar FIFA Disciplin\u0101rkodeksa 27. pantu atliku\u0161o divu sp\u0113\u013cu sods ir aptur\u0113ts uz viena gada p\u0101rbaudes laiku,&#8221; FIFA inform\u0113ja AFP tai sniegtaj\u0101 pazi\u0146ojum\u0101.<\/p>\n<p>&#8220;Ja Ronaldu p\u0101rbaudes laik\u0101 veiks v\u0113l vienu l\u012bdz\u012bga rakstura un smaguma p\u0101rk\u0101pumu, disciplin\u0101raj\u0101 l\u0113mum\u0101 noteikt\u0101 diskvalifik\u0101cijas atlik\u0161ana tiks uzskat\u012bta par autom\u0101tiski atceltu, un atliku\u0161\u0101s divas sp\u0113les b\u016bs j\u0101izcie\u0161 Portug\u0101les izlases n\u0101kamaj\u0101s ofici\u0101laj\u0101s sp\u0113l\u0113s,&#8221; teikts pazi\u0146ojum\u0101.<\/p>\n<p>Pasaules visu laiku rezultat\u012bv\u0101kais v\u012brie\u0161u futbola izla\u0161u v\u0101rtu guv\u0113js Ronaldu, kura kont\u0101 ir 143 g\u016bti v\u0101rti, n\u0101kamvasar pl\u0101no sp\u0113l\u0113t sav\u0101 sestaj\u0101 Pasaules kausa izc\u012b\u0146\u0101.<\/p>\n<p>Biju\u0161ais Madrides &#8220;Real&#8221; un Man\u010destras &#8220;United&#8221; uzbruc\u0113js, kur\u0161 pa\u0161laik sp\u0113l\u0113 Sa\u016bda Ar\u0101bijas komand\u0101 &#8220;Al Nassr&#8221;, Portug\u0101les izlases rind\u0101s Pasaules kaus\u0101 v\u0113l nav uzvar\u0113jis, ta\u010du ir triumf\u0113jis 2016. gada Eiropas \u010dempion\u0101t\u0101.<\/p>\n<p>Pasaules kausa grupu turn\u012bra izloze notiks 5. decembr\u012b.<\/p>\n<p>Pasaules kausa fin\u0101lturn\u012brs Kan\u0101d\u0101, Meksik\u0101 un ASV norisin\u0101sies 2026. gada j\u016bnij\u0101 un j\u016blij\u0101.<\/p>\n<p>2026. gad\u0101 Pasaules kausa fin\u0101lturn\u012br\u0101 pirmoreiz 32 komandu viet\u0101 sp\u0113l\u0113s 48 izlases.<\/p>\n","protected":false},"excerpt":{"rendered":"FIFA diskvalifik\u0101cija neattiecas uz p\u0101rbaudes sp\u0113l\u0113m. FIFA Ronaldu piesprieda tr\u012bs sp\u0113\u013cu diskvalifik\u0101ciju, no kur\u0101m divas tiks atliktas, bet&hellip;\n","protected":false},"author":2,"featured_media":49445,"comment_status":"","ping_status":"","sticky":false,"template":"","format":"standard","meta":{"footnotes":""},"categories":[17],"tags":[676,1375,35,39,38,36,37,34,40,15639,67],"class_list":{"0":"post-58530","1":"post","2":"type-post","3":"status-publish","4":"format-standard","5":"has-post-thumbnail","7":"category-sports","8":"tag-futbols","9":"tag-futbols-pasaule","10":"tag-latvia","11":"tag-latvian","12":"tag-latviesu","13":"tag-latviesu-valoda","14":"tag-latviesuvaloda","15":"tag-latvija","16":"tag-lv","17":"tag-ronaldo","18":"tag-sports"},"share_on_mastodon":{"url":"https:\/\/pubeurope.com\/@lv\/115611960786943342","error":""},"_links":{"self":[{"href":"https:\/\/www.europesays.com\/lv\/wp-json\/wp\/v2\/posts\/58530","targetHints":{"allow":["GET"]}}],"collection":[{"href":"https:\/\/www.europesays.com\/lv\/wp-json\/wp\/v2\/posts"}],"about":[{"href":"https:\/\/www.europesays.com\/lv\/wp-json\/wp\/v2\/types\/post"}],"author":[{"embeddable":true,"href":"https:\/\/www.europesays.com\/lv\/wp-json\/wp\/v2\/users\/2"}],"replies":[{"embeddable":true,"href":"https:\/\/www.europesays.com\/lv\/wp-json\/wp\/v2\/comments?post=58530"}],"version-history":[{"count":0,"href":"https:\/\/www.europesays.com\/lv\/wp-json\/wp\/v2\/posts\/58530\/revisions"}],"wp:featuredmedia":[{"embeddable":true,"href":"https:\/\/www.europesays.com\/lv\/wp-json\/wp\/v2\/media\/49445"}],"wp:attachment":[{"href":"https:\/\/www.europesays.com\/lv\/wp-json\/wp\/v2\/media?parent=58530"}],"wp:term":[{"taxonomy":"category","embeddable":true,"href":"https:\/\/www.europesays.com\/lv\/wp-json\/wp\/v2\/categories?post=58530"},{"taxonomy":"post_tag","embeddable":true,"href":"https:\/\/www.europesays.com\/lv\/wp-json\/wp\/v2\/tags?post=58530"}],"curies":[{"name":"wp","href":"https:\/\/api.w.org\/{rel}","templated":true}]}}