{"id":58548,"date":"2025-11-25T20:10:09","date_gmt":"2025-11-25T20:10:09","guid":{"rendered":"https:\/\/www.europesays.com\/lv\/58548\/"},"modified":"2025-11-25T20:10:09","modified_gmt":"2025-11-25T20:10:09","slug":"baltkrievija-iespejams-plano-konfiscet-aizturetos-lietuvas-kravas-auto","status":"publish","type":"post","link":"https:\/\/www.europesays.com\/lv\/58548\/","title":{"rendered":"Baltkrievija, iesp\u0113jams, pl\u0101no konfisc\u0113t aiztur\u0113tos Lietuvas kravas auto"},"content":{"rendered":"<p>Lietuvas kravu p\u0101rvad\u0101t\u0101ju automobi\u013ci joproj\u0101m netiek izlaisti no st\u0101vlaukumiem Baltkrievij\u0101, otrdien pazi\u0146oja Lietuvas autop\u0101rvad\u0101t\u0101ju asoci\u0101cijas &#8220;Linava&#8221; un Starptautisk\u0101s p\u0101rvad\u0101jumu un lo\u0123istikas savien\u012bbas vad\u012bt\u0101ji, nor\u0101dot, ka izskan\u0113ju\u0161as baumas par Baltkrievijas varasiest\u0101\u017eu pl\u0101niem konfisc\u0113t Lietuvas kravas automa\u0161\u012bnas.<\/p>\n<p>&#8220;Linava&#8221; prezidents Erlands Mik\u0113ns teica, ka Baltkrievijas medijos un \u0161oferu vid\u016b izplat\u0101s baumas, ka tuv\u0101kaj\u0101 laik\u0101 diktatora Aleksandra Luka\u0161enko re\u017e\u012bms var\u0113tu s\u0101kt kravas automobi\u013cu konfisk\u0101ciju.<\/p>\n<p>&#8220;Baltkrievijas mediji zi\u0146o, ka iestr\u0113gu\u0161o kravas automa\u0161\u012bnu vad\u012bt\u0101jiem dota ned\u0113\u013ca laika, lai pa\u0146emtu no transportl\u012bdzek\u013ciem person\u012bg\u0101s mantas. Izdzird\u0113jusi inform\u0101ciju par iesp\u0113jamu atk\u0101rtotu robe\u017eas sl\u0113g\u0161anu Lietuv\u0101, Baltkrievija ac\u012bmredzot \u0137eras pie \u0161ant\u0101\u017eas un pl\u0101no s\u0101kt konfisk\u0101cijas procesus,&#8221; zi\u0146u a\u0123ent\u016brai ELTA sac\u012bja &#8220;Linava&#8221; vad\u012bt\u0101js, uzsverot, ka \u0161\u012b inform\u0101cija ir neofici\u0101la.<\/p>\n<p>&#8220;Ac\u012bmredzot vi\u0146i m\u0113\u0123ina rea\u0123\u0113t uz to, ka m\u016bsu vald\u012bba apsver atkal sl\u0113gt robe\u017eu,&#8221; sac\u012bja p\u0101rvad\u0101t\u0101ju p\u0101rst\u0101vis.<\/p>\n<p>&#8220;Linava&#8221; cen\u0161as nomierin\u0101t kaisl\u012bbas, ta\u010du Mik\u0113ns atzina, ka situ\u0101cija ir tik saspringta, ka asoci\u0101cija vairs nesp\u0113j neko main\u012bt un autop\u0101rvad\u0101t\u0101ji, kurus ietekm\u0113jusi robe\u017eas sl\u0113g\u0161ana, ir gatavi protest\u0113t.<\/p>\n<p>&#8220;M\u0113s k\u0101 asoci\u0101cija noteikti neorganiz\u0113sim protestu. M\u0113s cen\u0161amies mazin\u0101t spriedzi un mekl\u0113t dialogu ar vald\u012bbu. M\u0113s to dar\u0101m ar atsevi\u0161\u0137iem ministriem un Nacion\u0101lo kr\u012b\u017eu vad\u012bbas centru, ta\u010du situ\u0101cija ir saasin\u0101jusies l\u012bdz t\u0101dai pak\u0101pei, ka m\u0113s vairs neko nevaram dar\u012bt,&#8221; vi\u0146\u0161 apliecin\u0101ja.<\/p>\n<p>&#8220;Tikm\u0113r p\u0101rvad\u0101t\u0101ji ir neparedzami. Es nevaru pateikt, kas notiks, bet ir piln\u012bgi iesp\u0113jams, ka kaut k\u0101ds protests patie\u0161\u0101m b\u016bs,&#8221; pazi\u0146oja asoci\u0101cijas prezidents.<\/p>\n<p>K\u0101 vi\u0146\u0161 paskaidroja, re\u0101l\u0101 situ\u0101cija Baltkrievijas pus\u0113 v\u0113l nav main\u012bjusies un kravas automa\u0161\u012bnas neizbrauc no st\u0101vviet\u0101m, un Minskas re\u017e\u012bms pieprasa tik\u0161anos \u0100rlietu ministriju l\u012bmen\u012b.<\/p>\n<p>&#8220;Es uzsveru, ka ne oblig\u0101ti ministriem vajadz\u0113tu tikties. Tiesa, vi\u0146i l\u016bdz tik\u0161anos politisk\u0101, ministru l\u012bmen\u012b,&#8221; apgalvoja Mik\u0113ns.<\/p>\n<p>&#8220;Es uzskatu, ka diplom\u0101tiskajiem centieniem ir j\u0101dod aug\u013ci. Ja viena puse vainos otru, rezult\u0101tu neb\u016bs. Es neredzu citu ce\u013cu k\u0101 vien sarun\u0101ties. Pat ar teroristiem notiek sarunas, un \u0161eit, neatkar\u012bgi no re\u017e\u012bma, ir j\u0101b\u016bt kaut k\u0101d\u0101m attiec\u012bb\u0101m, lai situ\u0101cija main\u012btos,&#8221; vi\u0146\u0161 teica.<\/p>\n<p>Otrdien asoci\u0101cija atk\u0101rtoti aicin\u0101ja vald\u012bbu akt\u012bvi r\u012bkoties, lai Baltkrievij\u0101 iestr\u0113gu\u0161os kravas automobi\u013cus nog\u0101d\u0101tu atpaka\u013c Lietuv\u0101. Pazi\u0146ojum\u0101 teikts, ka gad\u012bjum\u0101, ja vald\u012bba ner\u012bkosies, p\u0101rvad\u0101t\u0101ji var atkal apsv\u0113rt iesp\u0113ju r\u012bkot protestu.<\/p>\n<p>Ar\u012b Starptautisk\u0101s p\u0101rvad\u0101jumu un lo\u0123istikas savien\u012bbas \u0123ener\u0101lsekret\u0101rs Povils Dri\u017es apliecin\u0101ja, ka re\u0101l\u0101 situ\u0101cija Baltkrievij\u0101 nav main\u012bjusies, ta\u010du vienlaikus vi\u0146\u0161 teica, ka savien\u012bbas biedru vid\u016b nav v\u0113rojama gatavo\u0161an\u0101s protestiem.<\/p>\n<p>&#8220;M\u0113s adekv\u0101ti nov\u0113rt\u0113jam situ\u0101ciju un zin\u0101m, k\u0101p\u0113c pirms da\u017e\u0101m ned\u0113\u013c\u0101m tika pie\u0146emti l\u0113mumi, lai gan to iesp\u0113jam\u0101s sekas netika izv\u0113rt\u0113tas,&#8221; Dri\u017es teica sarun\u0101 ar ELTA, piebilstot, ka &#8220;j\u016bs neredz\u0113siet savien\u012bbu iel\u0101s&#8221;.<\/p>\n<p>Tom\u0113r Dri\u017es uzsv\u0113ra, ka vi\u0146a vad\u012bt\u0101 apvien\u012bba un t\u0101s biedri ar\u012b nepiekr\u012bt vald\u012bbas r\u012bc\u012bbai.<\/p>\n<p>&#8220;Tagad mums ir j\u0101risina \u0161is jaut\u0101jums un j\u0101dom\u0101, ko dar\u012bt. M\u0113s neredzam nek\u0101dus re\u0101lus risin\u0101jumus no vald\u012bbas puses. No t\u0101, ko dzirdam publiskaj\u0101 telp\u0101 un par ko esam inform\u0113ti, es saprotu, ka nek\u0101du t\u0101l\u0101ku pl\u0101nu nav,&#8221; pauda Dri\u017es.<\/p>\n<p>&#8220;Atkal tiek run\u0101ts par robe\u017eas sl\u0113g\u0161anu, bet netiek run\u0101ts par to, k\u0101 no Baltkrievijas izvest Lietuvas uz\u0146\u0113mumu darbiniekus un \u012bpa\u0161umu&#8221;, vi\u0146\u0161 piebilda, pie\u013caujot, ka sarun\u0101s var\u0113tu iesaist\u012bt k\u0101du tre\u0161o pusi.<\/p>\n<p>Gad\u012bjum\u0101, ja l\u0113mumu pie\u0146\u0113m\u0113ji Lietuv\u0101 nev\u0113las politisk\u0101 l\u012bmen\u012b sadarboties ar Baltkrieviju, situ\u0101ciju var atrisin\u0101t, v\u0113r\u0161oties pie k\u0101das tre\u0161\u0101s valsts, piem\u0113ram, Polijas, vi\u0146\u0161 st\u0101st\u012bja.<\/p>\n<p>&#8220;Baltkrievijas puse v\u0113las jaut\u0101jumu p\u0101rcelt uz \u0100rlietu ministriju l\u012bmeni, savuk\u0101rt m\u016bsu vald\u012bba saka, ka \u0161aj\u0101 l\u012bmen\u012b nekomunic\u0113s, bet, iesp\u0113jams, ir ar\u012b citi varianti, kas b\u016btu piem\u0113roti gan Lietuvas, gan Baltkrievijas pusei,&#8221; Dri\u017es sac\u012bja.<\/p>\n<p>&#8220;Vien\u012bgais jaut\u0101jums ir, vai \u0161\u0101di varianti tiek apsv\u0113rti? Es dom\u0101ju, ka b\u016btu iesp\u0113jams izmantot k\u0101du tre\u0161o pusi. Varb\u016bt mums vajadz\u0113tu l\u016bgt pal\u012bdz\u012bbu k\u0101dai citai valstij, kurai ir sakari ar Baltkrieviju. Piem\u0113ram, Polijai. M\u0113s jau esam ar vi\u0146iem sazin\u0101ju\u0161ies par robe\u017eu atv\u0113r\u0161anu un sl\u0113g\u0161anu, varb\u016bt m\u0113s var\u0113tu vienoties par to pa\u0161u jaut\u0101jumu &#8211; par m\u016bsu \u012bpa\u0161umu konfisk\u0101ciju. Tiesa, t\u0101 ir vald\u012bbas prerogat\u012bva, jo m\u0113s nepie\u0146emam nek\u0101dus l\u0113mumus,&#8221; ierosin\u0101ja Starptautisk\u0101s p\u0101rvad\u0101jumu un lo\u0123istikas savien\u012bbas \u0123ener\u0101lsekret\u0101rs.<\/p>\n<p>P\u0113c tam, kad ruden\u012b pastiprin\u0101j\u0101s cigare\u0161u kontrabandas balonu pl\u016bsma no Baltkrievijas, kas vair\u0101kk\u0101rt trauc\u0113ja lidostu darbu, Lietuvas vald\u012bba oktobr\u012b uz m\u0113nesi &#8211; l\u012bdz 30. novembrim &#8211; sl\u0113dza p\u0113d\u0113jos divus robe\u017ekontroles punktus uz robe\u017eas ar Baltkrieviju &#8211; Medininkus un \u0160al\u010dininkus.<\/p>\n<p>Ta\u010du, atsaucoties uz tehnisk\u0101m sarun\u0101m ar Minsku un kontrabandas meteozon\u017eu skaita samazin\u0101\u0161anos, pag\u0101ju\u0161aj\u0101 ned\u0113\u013c\u0101 Lietuvas vald\u012bba nol\u0113ma atjaunot abu sl\u0113gto robe\u017ekontroles punktu darb\u012bbu.<\/p>\n<p>Kop\u0161 robe\u017eas atv\u0113r\u0161anas ceturtdien meteozon\u017eu rad\u012bto risku d\u0113\u013c jau vair\u0101kk\u0101rt ir bijusi aptur\u0113ta Vi\u013c\u0146as lidostas darb\u012bba.<\/p>\n<p>Rea\u0123\u0113jot uz Lietuvas l\u0113mumu sl\u0113gt robe\u017eu, Minskas re\u017e\u012bms aizliedza kravas automa\u0161\u012bn\u0101m ar Lietuvas re\u0123istr\u0101cijas numura z\u012bm\u0113m p\u0101rvietoties pa Baltkrievijas teritoriju un t\u0101m j\u0101uzturas speci\u0101los st\u0101vlaukumos, par kuriem j\u0101maks\u0101 120 eiro dien\u0101. Ja st\u0101vlaukuma maksa netiks apmaks\u0101ta, Minska ir draud\u0113jusi konfisc\u0113t transportl\u012bdzek\u013cus. P\u0113c robe\u017eas atv\u0113r\u0161anas Lietuvas kravas automobi\u013ci valst\u012b nav atgriezu\u0161ies.<\/p>\n<p>Lietuvas premjerministre Inga Ruginiene ir pie\u013c\u0101vusi, ka robe\u017eu ar Baltkrieviju atkal var\u0113tu sl\u0113gt, ja situ\u0101cija neuzlabosies.<\/p>\n","protected":false},"excerpt":{"rendered":"Lietuvas kravu p\u0101rvad\u0101t\u0101ju automobi\u013ci joproj\u0101m netiek izlaisti no st\u0101vlaukumiem Baltkrievij\u0101, otrdien pazi\u0146oja Lietuvas autop\u0101rvad\u0101t\u0101ju asoci\u0101cijas &#8220;Linava&#8221; un Starptautisk\u0101s&hellip;\n","protected":false},"author":2,"featured_media":58549,"comment_status":"","ping_status":"","sticky":false,"template":"","format":"standard","meta":{"footnotes":""},"categories":[14],"tags":[129,4007,3360,1209,23,57,28,29,32,33,22,30,31,35,39,38,36,37,34,40,20,26,27,4008,3361,1210,4009,3362,1211,24,25,54,55,56,21,58],"class_list":{"0":"post-58548","1":"post","2":"type-post","3":"status-publish","4":"format-standard","5":"has-post-thumbnail","7":"category-zinas-no-arvalstim","8":"tag-__typenameadvicekeyword","9":"tag-id616","10":"tag-id789","11":"tag-id824","12":"tag-aktualitates","13":"tag-arvalstim","14":"tag-breaking-news","15":"tag-breakingnews","16":"tag-featured-news","17":"tag-featurednews","18":"tag-headlines","19":"tag-latest-news","20":"tag-latestnews","21":"tag-latvia","22":"tag-latvian","23":"tag-latviesu","24":"tag-latviesu-valoda","25":"tag-latviesuvaloda","26":"tag-latvija","27":"tag-lv","28":"tag-news","29":"tag-popularakas-zinas","30":"tag-popularakaszinas","31":"tag-slugbaltkrievija","32":"tag-sluglietuva","33":"tag-slugpolitika","34":"tag-titlebaltkrievija","35":"tag-titlelietuva","36":"tag-titlepolitika","37":"tag-top-stories","38":"tag-topstories","39":"tag-world","40":"tag-world-news","41":"tag-worldnews","42":"tag-zinas","43":"tag-zinas-no-arvalstim"},"share_on_mastodon":{"url":"","error":"Validation failed: Text character limit of 500 exceeded"},"_links":{"self":[{"href":"https:\/\/www.europesays.com\/lv\/wp-json\/wp\/v2\/posts\/58548","targetHints":{"allow":["GET"]}}],"collection":[{"href":"https:\/\/www.europesays.com\/lv\/wp-json\/wp\/v2\/posts"}],"about":[{"href":"https:\/\/www.europesays.com\/lv\/wp-json\/wp\/v2\/types\/post"}],"author":[{"embeddable":true,"href":"https:\/\/www.europesays.com\/lv\/wp-json\/wp\/v2\/users\/2"}],"replies":[{"embeddable":true,"href":"https:\/\/www.europesays.com\/lv\/wp-json\/wp\/v2\/comments?post=58548"}],"version-history":[{"count":0,"href":"https:\/\/www.europesays.com\/lv\/wp-json\/wp\/v2\/posts\/58548\/revisions"}],"wp:featuredmedia":[{"embeddable":true,"href":"https:\/\/www.europesays.com\/lv\/wp-json\/wp\/v2\/media\/58549"}],"wp:attachment":[{"href":"https:\/\/www.europesays.com\/lv\/wp-json\/wp\/v2\/media?parent=58548"}],"wp:term":[{"taxonomy":"category","embeddable":true,"href":"https:\/\/www.europesays.com\/lv\/wp-json\/wp\/v2\/categories?post=58548"},{"taxonomy":"post_tag","embeddable":true,"href":"https:\/\/www.europesays.com\/lv\/wp-json\/wp\/v2\/tags?post=58548"}],"curies":[{"name":"wp","href":"https:\/\/api.w.org\/{rel}","templated":true}]}}