{"id":58564,"date":"2025-11-25T20:32:14","date_gmt":"2025-11-25T20:32:14","guid":{"rendered":"https:\/\/www.europesays.com\/lv\/58564\/"},"modified":"2025-11-25T20:32:14","modified_gmt":"2025-11-25T20:32:14","slug":"canucks-gatavojas-mainit-kursu-blugers-starp-kandidatiem-uz-aizmainisanu","status":"publish","type":"post","link":"https:\/\/www.europesays.com\/lv\/58564\/","title":{"rendered":"&#8220;Canucks&#8221; gatavojas main\u012bt kursu \u2013 B\u013cugers starp kandid\u0101tiem uz aizmain\u012b\u0161anu"},"content":{"rendered":"<p>Vank\u016bveras &#8220;<a rel=\"noopener nofollow\" target=\"_blank\" href=\"https:\/\/www.delfi.lv\/temas\/36296139\/canucks\" tag-id=\"36296139\">Canucks<\/a>&#8221; p\u0113d\u0113jo ned\u0113\u013cu neveiksmes Nacion\u0101laj\u0101 hokeja l\u012bg\u0101 (<a rel=\"noopener nofollow\" target=\"_blank\" href=\"https:\/\/www.delfi.lv\/temas\/35213925\/nhl\" tag-id=\"35213925\">NHL<\/a>) k\u013cuvu\u0161as par ide\u0101lu augsni spekul\u0101cij\u0101m, un medijs &#8220;The Athletic&#8221; zi\u0146o, ka pieaug varb\u016bt\u012bba Teodora B\u013cugera aizmain\u012b\u0161anai jau tuv\u0101kaj\u0101s ned\u0113\u013c\u0101s vai m\u0113ne\u0161os.<\/p>\n<p>&#8220;Sportsnet&#8221; \u017eurn\u0101lista Eliota Fr\u012bdmana publiskot\u0101 inform\u0101cija par to, ka Vank\u016bvera ir gatava \u0161\u0137irties no pieredz\u0113ju\u0161iem sp\u0113l\u0113t\u0101jiem, kuriem dr\u012bzum\u0101 nosl\u0113gsies l\u012bgums, sakr\u012bt ar &#8220;The Athletic&#8221; dzird\u0113to. Klub\u0101 notiek r\u016bp\u012bga dom\u0101\u0161ana par n\u0101kamo posmu, un t\u0101s centr\u0101 ir v\u0113lme k\u013c\u016bt jaun\u0101kiem, elast\u012bg\u0101kiem un ilgtermi\u0146\u0101 konkur\u0113tsp\u0113j\u012bg\u0101kiem. Tas noz\u012bm\u0113, ka komanda vairs nev\u0113las maks\u0101t algu kvalitat\u012bviem lomu sp\u0113l\u0113t\u0101jiem, kuri nav starp l\u012bderiem. Komanda dr\u012bz\u0101k v\u0113las ieg\u016bt talant\u012bgus sp\u0113l\u0113t\u0101jus, kurus att\u012bst\u012bt, l\u012bdz vi\u0146i b\u016bs gatavi c\u012bn\u012bties par uzvar\u0101m.<\/p>\n<p class=\"m-0\">Seko &#8220;Delfi&#8221; ar\u012b  <a target=\"_blank\" href=\"https:\/\/www.instagram.com\/delfi.lv\/\" rel=\"nofollow noopener\">Instagram<\/a>  un <a target=\"_blank\" href=\"https:\/\/www.youtube.com\/channel\/UCw5foWtcJvAbUm64rv7jwUQ\" rel=\"nofollow noopener\">YouTube<\/a>  profil\u0101 \u2013 pievienojies, lai uzzin\u0101tu svar\u012bg\u0101ko un interesant\u0101ko pirmais!<\/p>\n<p>Publik\u0101cijas saturs vai t\u0101s jebk\u0101da apjoma da\u013ca ir aizsarg\u0101ts autorties\u012bbu objekts Autorties\u012bbu likuma izpratn\u0113, un t\u0101 izmanto\u0161ana bez izdev\u0113ja at\u013caujas ir aizliegta. Vair\u0101k lasi  <a target=\"_blank\" href=\"https:\/\/www.delfi.lv\/noteikumi#autortiesibas\" rel=\"nofollow noopener\">\u0161eit<\/a><script async src=\"\/\/www.instagram.com\/embed.js\"><\/script><\/p>\n","protected":false},"excerpt":{"rendered":"Vank\u016bveras &#8220;Canucks&#8221; p\u0113d\u0113jo ned\u0113\u013cu neveiksmes Nacion\u0101laj\u0101 hokeja l\u012bg\u0101 (NHL) k\u013cuvu\u0161as par ide\u0101lu augsni spekul\u0101cij\u0101m, un medijs &#8220;The Athletic&#8221;&hellip;\n","protected":false},"author":2,"featured_media":58565,"comment_status":"","ping_status":"","sticky":false,"template":"","format":"standard","meta":{"footnotes":""},"categories":[17],"tags":[5256,15647,35,39,38,36,37,34,40,835,67,2695],"class_list":{"0":"post-58564","1":"post","2":"type-post","3":"status-publish","4":"format-standard","5":"has-post-thumbnail","7":"category-sports","8":"tag-canucks","9":"tag-evanders-keins","10":"tag-latvia","11":"tag-latvian","12":"tag-latviesu","13":"tag-latviesu-valoda","14":"tag-latviesuvaloda","15":"tag-latvija","16":"tag-lv","17":"tag-nhl","18":"tag-sports","19":"tag-teodors-blugers"},"share_on_mastodon":{"url":"https:\/\/pubeurope.com\/@lv\/115612243931875304","error":""},"_links":{"self":[{"href":"https:\/\/www.europesays.com\/lv\/wp-json\/wp\/v2\/posts\/58564","targetHints":{"allow":["GET"]}}],"collection":[{"href":"https:\/\/www.europesays.com\/lv\/wp-json\/wp\/v2\/posts"}],"about":[{"href":"https:\/\/www.europesays.com\/lv\/wp-json\/wp\/v2\/types\/post"}],"author":[{"embeddable":true,"href":"https:\/\/www.europesays.com\/lv\/wp-json\/wp\/v2\/users\/2"}],"replies":[{"embeddable":true,"href":"https:\/\/www.europesays.com\/lv\/wp-json\/wp\/v2\/comments?post=58564"}],"version-history":[{"count":0,"href":"https:\/\/www.europesays.com\/lv\/wp-json\/wp\/v2\/posts\/58564\/revisions"}],"wp:featuredmedia":[{"embeddable":true,"href":"https:\/\/www.europesays.com\/lv\/wp-json\/wp\/v2\/media\/58565"}],"wp:attachment":[{"href":"https:\/\/www.europesays.com\/lv\/wp-json\/wp\/v2\/media?parent=58564"}],"wp:term":[{"taxonomy":"category","embeddable":true,"href":"https:\/\/www.europesays.com\/lv\/wp-json\/wp\/v2\/categories?post=58564"},{"taxonomy":"post_tag","embeddable":true,"href":"https:\/\/www.europesays.com\/lv\/wp-json\/wp\/v2\/tags?post=58564"}],"curies":[{"name":"wp","href":"https:\/\/api.w.org\/{rel}","templated":true}]}}