{"id":58570,"date":"2025-11-25T20:57:08","date_gmt":"2025-11-25T20:57:08","guid":{"rendered":"https:\/\/www.europesays.com\/lv\/58570\/"},"modified":"2025-11-25T20:57:08","modified_gmt":"2025-11-25T20:57:08","slug":"vai-jaunaks-auto-latvija-vienmer-ir-labaks-analizejam-tehnologijas-cenas-un-praktiskumu-lente-lv-2","status":"publish","type":"post","link":"https:\/\/www.europesays.com\/lv\/58570\/","title":{"rendered":"Vai jaun\u0101ks auto Latvij\u0101 vienm\u0113r ir lab\u0101ks? Analiz\u0113jam tehnolo\u0123ijas, cenas un praktiskumu\u00a0\u2014\u00a0Lente.lv"},"content":{"rendered":"<p>Vai jaun\u0101ks auto vienm\u0113r ir lab\u0101ks? P\u0101rdomas par tehnolo\u0123ij\u0101m, cen\u0101m un praktiskumu Latvijas apst\u0101k\u013cos<\/p>\n<p>Automa\u0161\u012bnu pasaule ir nep\u0101rtraukt\u0101 att\u012bst\u012bb\u0101, kur katra jaun\u0101 paaudze sola progres\u012bv\u0101kas tehnolo\u0123ijas un dizaina jaunin\u0101jumus. Pirc\u0113jus bie\u017ei vien valdzina spo\u017e\u0101kie un jaun\u0101kie mode\u013ci, ta\u010du vai \u0161\u012b tieksme p\u0113c jaun\u0101k\u0101 ir vienm\u0113r pr\u0101t\u012bg\u0101k\u0101 izv\u0113le, \u012bpa\u0161i Latvijas specifiskajos ce\u013cu un klimata apst\u0101k\u013cos? Lai gan jauni auto izce\u013cas ar pievilc\u012bgu dizainu, zem virsb\u016bves nereti sl\u0113pjas jau p\u0101rbaud\u012bti risin\u0101jumi, kas ne vienm\u0113r p\u0101rsteidz ar revolucion\u0101riem jaunin\u0101jumiem. K\u0101 uzsver auto eksperti, m\u016bsdien\u0101s ra\u017eot\u0101ji arvien vair\u0101k konkur\u0113 tie\u0161i ar tehnolo\u0123ij\u0101m, jo \u012bpa\u0161i strauji att\u012bst\u0101s elektronikas komponentes. Tie\u0161i multimediju sist\u0113mas un displeji bie\u017ei vien k\u013c\u016bst par faktoru, kas automa\u0161\u012bnu padara par novecoju\u0161u, pat ja t\u0101s brauk\u0161anas \u012bpa\u0161\u012bbas joproj\u0101m ir teicamas. Tom\u0113r j\u0101atz\u012bst, ka ne vienm\u0113r modern\u0101kais noz\u012bm\u0113 ar\u012b praktisk\u0101kais. Da\u017ek\u0101rt ra\u017eot\u0101ji p\u0101rsp\u012bl\u0113 ar inovat\u012bviem risin\u0101jumiem, piem\u0113ram, sk\u0101rienjut\u012bg\u0101m virsm\u0101m klimata kontroles vad\u012bbai vai st\u016bres pog\u0101m. \u0160\u0101di risin\u0101jumi var likt dizaineriem p\u0101rdom\u0101t un atgriezties pie tradicion\u0101l\u0101kiem un lietot\u0101jam draudz\u012bg\u0101kiem risin\u0101jumiem, lai nezaud\u0113tu klientus.<\/p>\n<p>Automa\u0161\u012bnu dz\u012bves cikls un moderniz\u0101cijas noz\u012bme<\/p>\n<p>Automa\u0161\u012bnu ra\u017eo\u0161anas nozare darbojas cikliski. Mode\u013cu paaudzes, tehnolo\u0123ijas un dizaina valodas nep\u0101rtraukti main\u0101s. Parasti visaugst\u0101ko popularit\u0101tes punktu mode\u013ci sasniedz otraj\u0101 un tre\u0161aj\u0101 ra\u017eo\u0161anas gad\u0101. V\u0113l\u0101k piepras\u012bjums s\u0101k samazin\u0101ties, jo konkurenti nep\u0101rtraukti lai\u017e tirg\u016b jaunus produktus. Lai saglab\u0101tu mode\u013ca aktualit\u0101ti, ra\u017eot\u0101ji t\u0101 dz\u012bves cikla vid\u016b veic moderniz\u0101ciju, papildinot automobili ar jaun\u0101kaj\u0101m tehnolo\u0123ij\u0101m. Laikam ritot, pirc\u0113jiem tiek pied\u0101v\u0101tas ar\u012b da\u017e\u0101das atlaides, kas attiec\u012bgo modeli padara v\u0113l izdev\u012bg\u0101ku. P\u0113c se\u0161iem l\u012bdz asto\u0146iem gadiem tirg\u016b non\u0101k jaun\u0101 paaudze, un cikls atk\u0101rtojas. Pat r\u016bp\u012bgi atjaunin\u0101ts auto sp\u0113j rad\u012bt saj\u016btu, ka tapis jauns modelis, jo tiek pilnveidots gan dizains, gan tehnolo\u0123iskie risin\u0101jumi.<\/p>\n<p>Elektronika un brauk\u0161anas \u012bpa\u0161\u012bbas: m\u016bsdienu auto konkurence<\/p>\n<p>Eksperti, kas ikdien\u0101 test\u0113 automa\u0161\u012bnas, nor\u0101da, ka brauk\u0161anas \u012bpa\u0161\u012bbas un praktiskums z\u012bmolu vid\u016b ir l\u012bdzsvarojies. T\u0101d\u0113\u013c m\u016bsdien\u0101s ra\u017eot\u0101ji galvenok\u0101rt konkur\u0113 ar tehnolo\u0123ij\u0101m. Viesturs Leitholds, port\u0101la iAuto \u017eurn\u0101lists un Latvijas Gada auto konkursa \u017e\u016brijas biedrs, uzsver, ka visstrauj\u0101k att\u012bst\u0101s tie\u0161i elektronikas komponentes. Vi\u0146apr\u0101t, ja displeji un multimediju sist\u0113mas iepaliek aiz konkurentiem, da\u017ei \u0161o auto uzskat\u012bs par novecoju\u0161u, neatkar\u012bgi no t\u0101, cik labi tas brauc.<\/p>\n<p>M\u0101ris Gaugers, port\u0101la kursors.lv auto\u017eurn\u0101lists, piebilst, ka automa\u0161\u012bnas k\u013c\u016bst tehnolo\u0123iski progres\u012bv\u0101kas, iek\u013caujot vair\u0101k dro\u0161\u012bbas sist\u0113mu un \u0101tr\u0101kas multimediju sist\u0113mas. Ra\u017eot\u0101ji past\u0101v\u012bgi cen\u0161as izgudrot kaut ko jaunu, lai demonstr\u0113tu tehnolo\u0123isko att\u012bst\u012bbu. Tom\u0113r reiz\u0113m \u0161ie risin\u0101jumi var b\u016bt p\u0101rsp\u012bl\u0113ti, k\u0101 piem\u0113ram, sk\u0101rienjut\u012bg\u0101s pogas uz st\u016bres vai klimata kontroles vad\u012bba. \u0160\u0101di risin\u0101jumi var likt dizaineriem atgriezties pie praktisk\u0101kiem risin\u0101jumiem, lai nezaud\u0113tu klientus.<\/p>\n<p>Hibr\u012bdu att\u012bst\u012bba un pirc\u0113ju priorit\u0101tes<\/p>\n<p>Viens no b\u016btisk\u0101kajiem progress ir pan\u0101kts hibr\u012bda piedzi\u0146as jom\u0101. Agr\u0101k da\u013ca autobrauc\u0113ju pret hibr\u012bdiem izjuta pamatotu nepatiku, jo brauk\u0161anas saj\u016btas ne vienm\u0113r bija pat\u012bkamas, tr\u016bka dinamikas. Tagad ra\u017eot\u0101ji koncentr\u0113jas ne tikai uz skait\u013ciem, bet ar\u012b uz brauk\u0161anas pieredzi, un siner\u0123ija starp iek\u0161dedzes un elektromotoriem ir labi sabalans\u0113ta.<\/p>\n<p>Neskatoties uz tehnolo\u0123iskajiem jaunin\u0101jumiem, pirc\u0113jiem vissvar\u012bg\u0101kais faktors joproj\u0101m ir cena. Liel\u0101 piepras\u012bjuma d\u0113\u013c jauno mode\u013cu cenas gandr\u012bz vienm\u0113r ir augst\u0101kas nek\u0101 priek\u0161te\u010diem, da\u013c\u0113ji t\u0101p\u0113c, ka tie ir apr\u012bkoti ar modern\u0101kaj\u0101m tehnolo\u0123ij\u0101m. Tom\u0113r tas nav neapstr\u012bdams likums. Lietotu auto tirgus Latvij\u0101 ir pieauguma tendenc\u0113, un cenas par lietot\u0101m automa\u0161\u012bn\u0101m Latvij\u0101 bie\u017ei vien ir zem\u0101kas nek\u0101 cit\u0101s Eiropas valst\u012bs. Tom\u0113r j\u0101\u0146em v\u0113r\u0101, ka pied\u0101v\u0101juma ierobe\u017eojumi, piem\u0113ram, saist\u012bb\u0101 ar jaunu automa\u0161\u012bnu ra\u017eo\u0161anas apjoma samazin\u0101\u0161anos, var veicin\u0101t cenu pieaugumu ar\u012b lietoto automa\u0161\u012bnu tirg\u016b.<\/p>\n","protected":false},"excerpt":{"rendered":"Vai jaun\u0101ks auto vienm\u0113r ir lab\u0101ks? P\u0101rdomas par tehnolo\u0123ij\u0101m, cen\u0101m un praktiskumu Latvijas apst\u0101k\u013cos Automa\u0161\u012bnu pasaule ir nep\u0101rtraukt\u0101&hellip;\n","protected":false},"author":2,"featured_media":58571,"comment_status":"","ping_status":"","sticky":false,"template":"","format":"standard","meta":{"footnotes":""},"categories":[16],"tags":[11032,3663,6769,77,76,9155,35,39,38,36,37,34,12533,40],"class_list":{"0":"post-58570","1":"post","2":"type-post","3":"status-publish","4":"format-standard","5":"has-post-thumbnail","7":"category-bizness","8":"tag-auto-cenas-latvija","9":"tag-auto-izvele","10":"tag-auto-tehnologijas","11":"tag-bizness","12":"tag-business","13":"tag-jauns-auto","14":"tag-latvia","15":"tag-latvian","16":"tag-latviesu","17":"tag-latviesu-valoda","18":"tag-latviesuvaloda","19":"tag-latvija","20":"tag-lieto-auto-tirgus","21":"tag-lv"},"share_on_mastodon":{"url":"https:\/\/pubeurope.com\/@lv\/115612342244166505","error":""},"_links":{"self":[{"href":"https:\/\/www.europesays.com\/lv\/wp-json\/wp\/v2\/posts\/58570","targetHints":{"allow":["GET"]}}],"collection":[{"href":"https:\/\/www.europesays.com\/lv\/wp-json\/wp\/v2\/posts"}],"about":[{"href":"https:\/\/www.europesays.com\/lv\/wp-json\/wp\/v2\/types\/post"}],"author":[{"embeddable":true,"href":"https:\/\/www.europesays.com\/lv\/wp-json\/wp\/v2\/users\/2"}],"replies":[{"embeddable":true,"href":"https:\/\/www.europesays.com\/lv\/wp-json\/wp\/v2\/comments?post=58570"}],"version-history":[{"count":0,"href":"https:\/\/www.europesays.com\/lv\/wp-json\/wp\/v2\/posts\/58570\/revisions"}],"wp:featuredmedia":[{"embeddable":true,"href":"https:\/\/www.europesays.com\/lv\/wp-json\/wp\/v2\/media\/58571"}],"wp:attachment":[{"href":"https:\/\/www.europesays.com\/lv\/wp-json\/wp\/v2\/media?parent=58570"}],"wp:term":[{"taxonomy":"category","embeddable":true,"href":"https:\/\/www.europesays.com\/lv\/wp-json\/wp\/v2\/categories?post=58570"},{"taxonomy":"post_tag","embeddable":true,"href":"https:\/\/www.europesays.com\/lv\/wp-json\/wp\/v2\/tags?post=58570"}],"curies":[{"name":"wp","href":"https:\/\/api.w.org\/{rel}","templated":true}]}}