{"id":58579,"date":"2025-11-25T21:06:09","date_gmt":"2025-11-25T21:06:09","guid":{"rendered":"https:\/\/www.europesays.com\/lv\/58579\/"},"modified":"2025-11-25T21:06:09","modified_gmt":"2025-11-25T21:06:09","slug":"gribu-lai-ta-ir-normala-parasta-spele","status":"publish","type":"post","link":"https:\/\/www.europesays.com\/lv\/58579\/","title":{"rendered":"\u201cGribu, lai t\u0101 ir norm\u0101la, parasta sp\u0113le\u201d"},"content":{"rendered":"<p>\u201c\u0160obr\u012bd ir cit\u0101d\u0101kas saj\u016btas nek\u0101 parasti, bet taj\u0101 pa\u0161\u0101&#13;<br \/>\nlaik\u0101 v\u0113l interesant\u0101k, var sp\u0113lei pieiet ar cit\u0101m emocij\u0101m. Gribu, lai t\u0101 ir&#13;<br \/>\nnorm\u0101la, parasta sp\u0113le,\u201d preses konferenc\u0113 pirms savas nosl\u0113dzo\u0161\u0101s sp\u0113les&#13;<br \/>\nLatvijas basketbola izlas\u0113 pirmdien nor\u0101d\u012bja Dairis Bert\u0101ns. <\/p>\n<p>Latvijas izlases kapteinis ar\u012b izteic\u0101s, ka ir \u013coti priec\u012bgs&#13;<br \/>\npar to, ka vi\u0146a p\u0113d\u0113j\u0101 sp\u0113le izlas\u0113 b\u016bs pie trenera Sito Alonso: \u201cPie vi\u0146a&#13;<br \/>\nsp\u0113l\u0113jot, man ir biju\u0161as lieliskas sezonas &#8211; prieks, ka izdosies aizvad\u012bt&#13;<br \/>\np\u0113d\u0113jo sp\u0113li tie\u0161i ar vi\u0146u.\u201d<\/p>\n<p>Jaut\u0101ts par to, kuram it j\u0101b\u016bt n\u0101kamajam kapteinim, Dairis&#13;<br \/>\nizteic\u0101s, ka \u0161im l\u0113mumam ir j\u0101n\u0101k no komandas. \u201cVi\u0146am ir j\u0101b\u016bt l\u012bderim ne tikai&#13;<br \/>\nlaukum\u0101, bet ar\u012b \u0123erbtuv\u0113,\u201d nor\u0101d\u012bja Bert\u0101ns, piebilstot, ka viens no&#13;<br \/>\nkandid\u0101tiem uz kaptei\u0146a godu var\u0113tu b\u016bt Rihards Loma\u017es. <\/p>\n<p>Savuk\u0101rt jaunais izlases treneris Alonso izteic\u0101s, ka ir&#13;<br \/>\n\u013coti laim\u012bgs un motiv\u0113ts b\u016bt \u0161aj\u0101 amat\u0101.. \u201cIr gr\u016bti tik \u012bs\u0101 laik\u0101 iem\u0101c\u012bt savu&#13;<br \/>\nbasketbola filozofiju. \u0160obr\u012bd m\u0113\u0123inu izprast sp\u0113l\u0113t\u0101jus, iepaz\u012bt vi\u0146us, redz\u0113t,&#13;<br \/>\nk\u0101 vi\u0146i str\u0101d\u0101. M\u0113s nevaram visu vienk\u0101r\u0161i uzreiz main\u012bt. Ejam soli pa solim.&#13;<br \/>\nPitmais treni\u0146\u0161 bija \u013coti labs.,\u201d pauda treneris. <\/p>\n<p>Run\u0101jot par to, k\u0101du sp\u0113les stilu var\u0113tu redz\u0113t vi\u0146a vad\u012bb\u0101,&#13;<br \/>\nAlonso izteic\u0101s: \u201cMan ir \u012bpa\u0161s raksturs un veids, k\u0101 str\u0101d\u0101ju &#8211; m\u0113\u0123inu to&#13;<br \/>\npaskaidrot sp\u0113l\u0113t\u0101jiem. Man pat\u012bk agres\u012bva aizsardz\u012bba. Gribu izveidot komandu,&#13;<br \/>\nkas var izn\u012bcin\u0101t jebkuru uzbrukumu. Man pat\u012bk uzbrukt no aizsardz\u012bbas.&#13;<br \/>\nSavuk\u0101rt uzbrkum\u0101 mums j\u0101b\u016bt dinamiskiem &#8211; iev\u0113rojot zin\u0101mus taktiskos&#13;<br \/>\nnoteikumus, j\u0101sp\u0113l\u0113 br\u012bvi.\u201d<\/p>\n<p>Alonso velt\u012bja ar\u012b \u013coti atzin\u012bgus v\u0101rdus Dairim Bert\u0101nam:&#13;<br \/>\n\u201cAr Dairi str\u0101d\u0101ju divus gadus Bilbao &#8211; visiem st\u0101st\u012bju par vi\u0146u&#13;<br \/>\nprofesionalit\u0101ti. Esmu priec\u012bgs ar vi\u0146u b\u016bt kop\u0101 p\u0113d\u0113j\u0101 sp\u0113le izlas\u0113 (..) Vi\u0146\u0161&#13;<br \/>\nir viens no visu laiku lab\u0101kajiem sp\u0113l\u0113t\u0101jiem Latvijas basketbola v\u0113stur\u0113.&#13;<br \/>\nT\u0101dus sp\u0113l\u0113t\u0101jus k\u0101 vi\u0146\u0161 ir gr\u016bti atrast.\u201d <\/p>\n<p>Atbildot uz jaut\u0101jumu par to, vai piektdienas sp\u0113l\u0113 emocijas&#13;<br \/>\nneg\u016bs virsroku p\u0101r sportiskajiem uzdevumiem, treneris bija p\u0101rliecin\u0101ts, ka&#13;<br \/>\nm\u016bsu basketbolisti atrad\u012bs pareizo l\u012bdzsvaru: &#13;<br \/>\n\u201cMums ir j\u0101sp\u0113l\u0113 ar emocij\u0101m, bet nedr\u012bkstam aizmirst ar\u012b par to, ka&#13;<br \/>\nm\u016bsu atbild\u012bba ir par sniegumu laukum\u0101. Es dom\u0101ju, ka ar\u012b sp\u0113l\u0113t\u0101ji grib\u0113s&#13;<br \/>\npar\u0101d\u012bt lab\u0101ko sniegumu un velt\u012bt \u0161o sp\u0113li Dairim.\u201d<\/p>\n<p>Bert\u0101ns l\u012bdz \u0161im izlas\u0113 aizvad\u012bjis 158 sp\u0113les. Savas&#13;<br \/>\nkarjeras laik\u0101 vi\u0146\u0161 piedal\u012bj\u0101s piecos Eiropas \u010dempion\u0101tos un ar\u012b 2023. gada&#13;<br \/>\npasaules kaus\u0101. <\/p>\n<p>Latvijas basketbola izlase \u0161aj\u0101 izla\u0161u log\u0101 aizvad\u012bs divas&#13;<br \/>\nsp\u0113les &#8211; piektdien m\u0101j\u0101s pret N\u012bderlandes izlasi, savuk\u0101rt pirmdien ma\u010ds pret&#13;<br \/>\nAustriju. <\/p>\n<p>Sp\u0113le pret N\u012bderlandi b\u016bs debija ne tikai Sito Alonso, bet&#13;<br \/>\nar\u012b diviem sp\u0113l\u0113t\u0101jiem &#8211; pirmo reizi uz izlasi uzaicin\u0101ti ar\u012b sasp\u0113les vad\u012bt\u0101js&#13;<br \/>\nAdrians And\u017eevs un uzbruc\u0113js Ri\u010dards Aizpurs.<\/p>\n","protected":false},"excerpt":{"rendered":"\u201c\u0160obr\u012bd ir cit\u0101d\u0101kas saj\u016btas nek\u0101 parasti, bet taj\u0101 pa\u0161\u0101&#13; laik\u0101 v\u0113l interesant\u0101k, var sp\u0113lei pieiet ar cit\u0101m emocij\u0101m.&hellip;\n","protected":false},"author":2,"featured_media":58580,"comment_status":"","ping_status":"","sticky":false,"template":"","format":"standard","meta":{"footnotes":""},"categories":[5],"tags":[129,126,3769,1304,23,28,29,32,33,22,30,31,35,39,38,36,37,34,40,20,26,27,1305,3770,127,1306,3771,128,24,25,21],"class_list":{"0":"post-58579","1":"post","2":"type-post","3":"status-publish","4":"format-standard","5":"has-post-thumbnail","7":"category-aktualitates","8":"tag-__typenameadvicekeyword","9":"tag-id770","10":"tag-id813","11":"tag-id970","12":"tag-aktualitates","13":"tag-breaking-news","14":"tag-breakingnews","15":"tag-featured-news","16":"tag-featurednews","17":"tag-headlines","18":"tag-latest-news","19":"tag-latestnews","20":"tag-latvia","21":"tag-latvian","22":"tag-latviesu","23":"tag-latviesu-valoda","24":"tag-latviesuvaloda","25":"tag-latvija","26":"tag-lv","27":"tag-news","28":"tag-popularakas-zinas","29":"tag-popularakaszinas","30":"tag-slug360-zinas","31":"tag-slugbasketbols","32":"tag-slugsports","33":"tag-title360-zinas","34":"tag-titlebasketbols","35":"tag-titlesports","36":"tag-top-stories","37":"tag-topstories","38":"tag-zinas"},"share_on_mastodon":{"url":"https:\/\/pubeurope.com\/@lv\/115612377746759796","error":""},"_links":{"self":[{"href":"https:\/\/www.europesays.com\/lv\/wp-json\/wp\/v2\/posts\/58579","targetHints":{"allow":["GET"]}}],"collection":[{"href":"https:\/\/www.europesays.com\/lv\/wp-json\/wp\/v2\/posts"}],"about":[{"href":"https:\/\/www.europesays.com\/lv\/wp-json\/wp\/v2\/types\/post"}],"author":[{"embeddable":true,"href":"https:\/\/www.europesays.com\/lv\/wp-json\/wp\/v2\/users\/2"}],"replies":[{"embeddable":true,"href":"https:\/\/www.europesays.com\/lv\/wp-json\/wp\/v2\/comments?post=58579"}],"version-history":[{"count":0,"href":"https:\/\/www.europesays.com\/lv\/wp-json\/wp\/v2\/posts\/58579\/revisions"}],"wp:featuredmedia":[{"embeddable":true,"href":"https:\/\/www.europesays.com\/lv\/wp-json\/wp\/v2\/media\/58580"}],"wp:attachment":[{"href":"https:\/\/www.europesays.com\/lv\/wp-json\/wp\/v2\/media?parent=58579"}],"wp:term":[{"taxonomy":"category","embeddable":true,"href":"https:\/\/www.europesays.com\/lv\/wp-json\/wp\/v2\/categories?post=58579"},{"taxonomy":"post_tag","embeddable":true,"href":"https:\/\/www.europesays.com\/lv\/wp-json\/wp\/v2\/tags?post=58579"}],"curies":[{"name":"wp","href":"https:\/\/api.w.org\/{rel}","templated":true}]}}