{"id":58617,"date":"2025-11-25T22:25:12","date_gmt":"2025-11-25T22:25:12","guid":{"rendered":"https:\/\/www.europesays.com\/lv\/58617\/"},"modified":"2025-11-25T22:25:12","modified_gmt":"2025-11-25T22:25:12","slug":"foto-%e2%9f%a9-lielais-noslegums-ir-klat-ka-izaugusi-populara-seriala-stranger-things-aktieri","status":"publish","type":"post","link":"https:\/\/www.europesays.com\/lv\/58617\/","title":{"rendered":"FOTO \u27e9 Lielais nosl\u0113gums ir kl\u0101t! K\u0101 izaugu\u0161i popul\u0101r\u0101 seri\u0101la &#8220;Stranger Things&#8221; aktieri"},"content":{"rendered":"<p>Piekt\u0101 un nosl\u0113dzo\u0161\u0101 sezona norisin\u0101s 1987. gada ruden\u012b. \u201cHokinsa ir &#8220;uz\u0161\u0137\u0113rsta&#8221;, un m\u016bsu varo\u0146us vieno kop\u012bgs m\u0113r\u0137is: atrast un nogalin\u0101t Veknu (atveido D\u017eeimijs Kempbels Bauers),\u201d teikts seri\u0101la aprakst\u0101. \u201cTa\u010du vi\u0146\u0161 ir pazudis \u2014 vi\u0146a atra\u0161an\u0101s vieta un pl\u0101ni nav zin\u0101mi. Misiju sare\u017e\u0123\u012b tas, ka vald\u012bba pils\u0113tai noteikusi milit\u0101ru izol\u0101ciju un Elevenas (seri\u0101l\u0101 Milija Bobija Brauna) mekl\u0113\u0161anu, liekot vi\u0146ai atkal sl\u0113pties. Tuvojoties Vila (Noa \u0160naps) pazu\u0161anas gadadienai, atgrie\u017eas ar\u012b smag\u0101, dr\u016bm\u0101 saj\u016bta. Nosl\u0113dzo\u0161\u0101 kauja ir tepat aiz st\u016bra, l\u012bdz ar to ar\u012b tumsa &#8211; sp\u0113c\u012bg\u0101ka un n\u0101v\u0113jo\u0161\u0101ka par visu, ar ko seri\u0101la varo\u0146i l\u012bdz \u0161im sask\u0101ru\u0161ies. Lai izbeigtu \u0161o murgu, vi\u0146iem b\u016bs vajadz\u012bgi visi \u2014 visa komanda \u2014, esot vienotiem kop\u0101 v\u0113l p\u0113d\u0113jo reizi&#8230;\u201d<\/p>\n<p>Seri\u0101la veidot\u0101ji br\u0101\u013ci Mets un Ross Daferi (The Duffer brothers) jau 1. sezon\u0101 uzrakst\u012bja 25 lappu\u0161u mitolo\u0123ijas dokumentu, kas iedzi\u013cin\u0101s &#8220;Apgriezt\u0101s pasaules&#8221; (Upside Down) v\u0113stur\u0113. &#8220;M\u0113s aptuveni zin\u0101m, kas notiek Apgrieztaj\u0101 pasaul\u0113, bet gribam, lai t\u0101 paliek neizprotama. Gribam, lai t\u0101 ir nosl\u0113pumaina,&#8221; skaidroja Mets Dafers. \u201cBet [Netflix][ vaic\u0101ja: &#8220;J\u0101, bet vai j\u016bs varat to uzrakst\u012bt?&#8221; Un t\u0101 m\u0113s visu pierakst\u012bj\u0101m.\u201d<\/p>\n<p>Lai gan skat\u012bt\u0101ji 4. sezon\u0101 uzzin\u0101ja diezgan daudz par Apgriezto pasauli, seri\u0101la 5. sezon\u0101 b\u016bs v\u0113l vair\u0101k atkl\u0101jumu.<\/p>\n<p>Un, kam\u0113r gaid\u0101m seri\u0101la atgrie\u0161anos, kas pieejams ar\u012b LMT telekomunik\u0101ciju pamatpakalpojumu komplektos, pal\u016bkosimies, k\u0101 10 gadu laik\u0101 main\u012bju\u0161ies galvenie varo\u0146i.<\/p>\n<p>Raksts tapis sadarb\u012bb\u0101 ar &#8220;LMT Viedtelev\u012bziju&#8221;<\/p>\n","protected":false},"excerpt":{"rendered":"Piekt\u0101 un nosl\u0113dzo\u0161\u0101 sezona norisin\u0101s 1987. gada ruden\u012b. \u201cHokinsa ir &#8220;uz\u0161\u0137\u0113rsta&#8221;, un m\u016bsu varo\u0146us vieno kop\u012bgs m\u0113r\u0137is: atrast&hellip;\n","protected":false},"author":2,"featured_media":58618,"comment_status":"","ping_status":"","sticky":false,"template":"","format":"standard","meta":{"footnotes":""},"categories":[19],"tags":[89,90,35,39,38,36,37,34,40,5898],"class_list":{"0":"post-58617","1":"post","2":"type-post","3":"status-publish","4":"format-standard","5":"has-post-thumbnail","7":"category-izklaide","8":"tag-entertainment","9":"tag-izklaide","10":"tag-latvia","11":"tag-latvian","12":"tag-latviesu","13":"tag-latviesu-valoda","14":"tag-latviesuvaloda","15":"tag-latvija","16":"tag-lv","17":"tag-tv-izklaide"},"share_on_mastodon":{"url":"https:\/\/pubeurope.com\/@lv\/115612688249279078","error":""},"_links":{"self":[{"href":"https:\/\/www.europesays.com\/lv\/wp-json\/wp\/v2\/posts\/58617","targetHints":{"allow":["GET"]}}],"collection":[{"href":"https:\/\/www.europesays.com\/lv\/wp-json\/wp\/v2\/posts"}],"about":[{"href":"https:\/\/www.europesays.com\/lv\/wp-json\/wp\/v2\/types\/post"}],"author":[{"embeddable":true,"href":"https:\/\/www.europesays.com\/lv\/wp-json\/wp\/v2\/users\/2"}],"replies":[{"embeddable":true,"href":"https:\/\/www.europesays.com\/lv\/wp-json\/wp\/v2\/comments?post=58617"}],"version-history":[{"count":0,"href":"https:\/\/www.europesays.com\/lv\/wp-json\/wp\/v2\/posts\/58617\/revisions"}],"wp:featuredmedia":[{"embeddable":true,"href":"https:\/\/www.europesays.com\/lv\/wp-json\/wp\/v2\/media\/58618"}],"wp:attachment":[{"href":"https:\/\/www.europesays.com\/lv\/wp-json\/wp\/v2\/media?parent=58617"}],"wp:term":[{"taxonomy":"category","embeddable":true,"href":"https:\/\/www.europesays.com\/lv\/wp-json\/wp\/v2\/categories?post=58617"},{"taxonomy":"post_tag","embeddable":true,"href":"https:\/\/www.europesays.com\/lv\/wp-json\/wp\/v2\/tags?post=58617"}],"curies":[{"name":"wp","href":"https:\/\/api.w.org\/{rel}","templated":true}]}}