{"id":58621,"date":"2025-11-25T22:31:15","date_gmt":"2025-11-25T22:31:15","guid":{"rendered":"https:\/\/www.europesays.com\/lv\/58621\/"},"modified":"2025-11-25T22:31:15","modified_gmt":"2025-11-25T22:31:15","slug":"ka-bruss-teiktu-lai-iet-dst","status":"publish","type":"post","link":"https:\/\/www.europesays.com\/lv\/58621\/","title":{"rendered":"K\u0101 Br\u016bss teiktu \u2013 lai iet d**st!"},"content":{"rendered":"<p>Holivudas le\u0123endas Br\u016bsa Vilisa vesel\u012bbas st\u0101voklis p\u0113d\u0113jos gados b\u016btiski pasliktin\u0101jies \u2013 vi\u0146am diagnostic\u0113ta frontotempor\u0101l\u0101 demence, kas nav \u0101rst\u0113jama un strauji at\u0146em cilv\u0113kam atmi\u0146u, dom\u0101\u0161anu un sp\u0113ju dz\u012bvot patst\u0101v\u012bgi. Aktiera \u0123imene par diagnozi run\u0101 atkl\u0101ti, ta\u010du neiztiek bez kritikas par vi\u0146a apr\u016bpes organiz\u0113\u0161anu. Nesen Br\u016bsa sieva Emma Hemingas-Vilisa publiski un \u013coti tie\u0161i atbild\u0113ja tiem, kuri vi\u0146u nosoda par v\u012bra p\u0101rvieto\u0161anu uz atsevi\u0161\u0137u apr\u016bpes m\u0101ju, raksta izdevums &#8220;The Independent&#8221;. <\/p>\n<p>Uzst\u0101joties konferenc\u0113 &#8220;End Well 2025&#8221;, kas velt\u012bta cilv\u0113ku dz\u012bves nosl\u0113guma apr\u016bpei, Emma pirmo reizi tik asi pauda savu nost\u0101ju. <\/p>\n<blockquote><p>K\u0101 Br\u016bss teiktu \u2013 lai iet d*st!, <\/p><\/blockquote>\n<p>vi\u0146a sac\u012bja, izraisot auditorij\u0101 ov\u0101cijas. Vi\u0146a nesl\u0113pj, ka pie\u0146emt \u0161\u0101du l\u0113mumu bijis \u0101rk\u0101rt\u012bgi gr\u016bti un emocion\u0101li smagi. &#8220;Ne t\u0101 es biju izt\u0113lojusies m\u016bsu dz\u012bvi. Man bija j\u0101pie\u0146em m\u016bsu \u0123imenei vislab\u0101kais un visdro\u0161\u0101kais l\u0113mums. Es zin\u0101ju, ka, b\u016bdama god\u012bga un atkl\u0101ta, tik\u0161u ties\u0101ta,&#8221; nor\u0101da Hemingas-Vilisa un skaidro, ka Br\u016bss pats b\u016btu v\u0113l\u0113jies, lai vi\u0146u abu meitu ikdiena netiktu trauc\u0113ta ar nep\u0101rtrauktu medic\u012bnisku uzraudz\u012bbu m\u0101j\u0101s.<\/p>\n<p>T\u0101p\u0113c \u0161ovasar \u0123imene pazi\u0146oja, ka aktieris vairs nedz\u012bvo kop\u0101 ar sievu un div\u0101m jaun\u0101kaj\u0101m meit\u0101m. Vi\u0146\u0161 p\u0101rvietots uz vienas st\u0101va m\u0101ju, kur 24 stundas diennakt\u012b str\u0101d\u0101 profesion\u0101lu apr\u016bp\u0113t\u0101ju komanda. <\/p>\n<blockquote><p>Emma ar meit\u0101m \u2013 13 gadus veco Meiblu un 11 gadus veco Evel\u012bnu \u2013 vi\u0146u regul\u0101ri apmekl\u0113, bie\u017ei kop\u0101 ar t\u0113vu \u0113d brokastis, skat\u0101s filmas vai vienk\u0101r\u0161i pavada laiku. Br\u016bsu apciemo ar\u012b p\u0101r\u0113jie b\u0113rni un draugi.<\/p><\/blockquote>\n<p>Tom\u0113r ar\u012b ar vislab\u0101ko apr\u016bpi slim\u012bba dara savu. Vilisa vec\u0101k\u0101 meita R\u016bmera atzinusi, ka t\u0113vs ne vienm\u0113r un ne uzreiz vi\u0146u atpaz\u012bst, ta\u010du tas nemazina vi\u0146u saikni: &#8220;Kad es vi\u0146u apskauju \u2013 atpaz\u012bst vi\u0146\u0161 mani vai ne \u2013 vi\u0146\u0161 j\u016bt m\u012blest\u012bbu, ko es vi\u0146am dodu, un es j\u016btu to atpaka\u013c. Es joproj\u0101m redzu vi\u0146\u0101 dz\u012bv\u012bbas dzirksti.&#8221;<br \/>Emma god\u012bgi st\u0101sta, ka p\u0101rmai\u0146as smagi ietekm\u0113ju\u0161as ar\u012b jaun\u0101k\u0101s meitas. &#8220;Vi\u0146as s\u0113ro. Vi\u0146\u0101m t\u0113ta tik \u013coti pietr\u016bkst. Vi\u0146\u0161 palai\u017e gar\u0101m svar\u012bgus notikumus vi\u0146u dz\u012bv\u0113. Tas ir gr\u016bti,&#8221; vi\u0146a saka, ta\u010du piebilst, ka b\u0113rni ir iztur\u012bgi un m\u0101c\u0101s sadz\u012bvot ar jauno realit\u0101ti.<\/p>\n<p>Br\u016bsa st\u0101voklis liek \u0123imenei gatavoties ar\u012b neizb\u0113gamajam. Emma sarun\u0101s ar medijiem atkl\u0101jusi, ka liel\u0101k\u0101 da\u013ca dokumentu un l\u0113mumu jau ir sak\u0101rtoti, lai kr\u012bzes br\u012bd\u012b nevajadz\u0113tu risin\u0101t birokr\u0101tiju.<\/p>\n<blockquote><p> Vi\u0146a l\u0113musi ar\u012b par \u0101rk\u0101rt\u012bgi smagu, bet zin\u0101tnei noz\u012bm\u012bgu soli \u2013 ziedot Br\u016bsa smadzenes p\u0113tniec\u012bbai.<\/p><\/blockquote>\n<p> &#8220;Tas bija emocion\u0101li sare\u017e\u0123\u012bts, bet zin\u0101tniski nepiecie\u0161ams l\u0113mums. Varb\u016bt k\u0101du dienu tas pal\u012bdz\u0113s cit\u0101m \u0123imen\u0113m,&#8221; pau\u017e Hemingas-Vilisa.<\/p>\n<p>Lasi ar\u012b!<\/p>\n<p>&#13;<br \/>\n&#13;<br \/>\n<a target=\"_blank\" href=\"https:\/\/www.1188.lv\/zinas\/aktiera-brusa-vilisa-sieva-atklaj-cik-patiesiba-demence-smagi-skarusi-vira-veselibu\/53611\" rel=\"nofollow noopener\">Aktiera Br\u016bsa Vilisa sieva atkl\u0101j, cik paties\u012bb\u0101 demence smagi sk\u0101rusi v\u012bra vesel\u012bbu<\/a>&#13;<br \/>\n&#13;<br \/>\n<\/p>\n<p>&#13;<br \/>\n&#13;<br \/>\n<a target=\"_blank\" href=\"https:\/\/www.1188.lv\/zinas\/saderinajusies-brusa-vilisa-un-demijas-muras-meita-talula\/41952\" rel=\"nofollow noopener\">Saderin\u0101jusies Br\u016bsa Vilisa un Demijas M\u016bras meita Talula<\/a>&#13;<br \/>\n&#13;<br \/><\/p>\n","protected":false},"excerpt":{"rendered":"Holivudas le\u0123endas Br\u016bsa Vilisa vesel\u012bbas st\u0101voklis p\u0113d\u0113jos gados b\u016btiski pasliktin\u0101jies \u2013 vi\u0146am diagnostic\u0113ta frontotempor\u0101l\u0101 demence, kas nav \u0101rst\u0113jama&hellip;\n","protected":false},"author":2,"featured_media":58622,"comment_status":"","ping_status":"","sticky":false,"template":"","format":"standard","meta":{"footnotes":""},"categories":[19],"tags":[129,556,1773,15655,89,90,35,39,38,36,37,34,40,15656,1774,557,15657,1775,558],"class_list":{"0":"post-58621","1":"post","2":"type-post","3":"status-publish","4":"format-standard","5":"has-post-thumbnail","7":"category-izklaide","8":"tag-__typenameadvicekeyword","9":"tag-id1040","10":"tag-id1061","11":"tag-id1960","12":"tag-entertainment","13":"tag-izklaide","14":"tag-latvia","15":"tag-latvian","16":"tag-latviesu","17":"tag-latviesu-valoda","18":"tag-latviesuvaloda","19":"tag-latvija","20":"tag-lv","21":"tag-slugbruss-viliss","22":"tag-slugslavenibas","23":"tag-slugveseliba","24":"tag-titlebruss-viliss","25":"tag-titleslavenibas","26":"tag-titleveseliba"},"share_on_mastodon":{"url":"https:\/\/pubeurope.com\/@lv\/115612711861231366","error":""},"_links":{"self":[{"href":"https:\/\/www.europesays.com\/lv\/wp-json\/wp\/v2\/posts\/58621","targetHints":{"allow":["GET"]}}],"collection":[{"href":"https:\/\/www.europesays.com\/lv\/wp-json\/wp\/v2\/posts"}],"about":[{"href":"https:\/\/www.europesays.com\/lv\/wp-json\/wp\/v2\/types\/post"}],"author":[{"embeddable":true,"href":"https:\/\/www.europesays.com\/lv\/wp-json\/wp\/v2\/users\/2"}],"replies":[{"embeddable":true,"href":"https:\/\/www.europesays.com\/lv\/wp-json\/wp\/v2\/comments?post=58621"}],"version-history":[{"count":0,"href":"https:\/\/www.europesays.com\/lv\/wp-json\/wp\/v2\/posts\/58621\/revisions"}],"wp:featuredmedia":[{"embeddable":true,"href":"https:\/\/www.europesays.com\/lv\/wp-json\/wp\/v2\/media\/58622"}],"wp:attachment":[{"href":"https:\/\/www.europesays.com\/lv\/wp-json\/wp\/v2\/media?parent=58621"}],"wp:term":[{"taxonomy":"category","embeddable":true,"href":"https:\/\/www.europesays.com\/lv\/wp-json\/wp\/v2\/categories?post=58621"},{"taxonomy":"post_tag","embeddable":true,"href":"https:\/\/www.europesays.com\/lv\/wp-json\/wp\/v2\/tags?post=58621"}],"curies":[{"name":"wp","href":"https:\/\/api.w.org\/{rel}","templated":true}]}}