{"id":58750,"date":"2025-11-26T06:11:20","date_gmt":"2025-11-26T06:11:20","guid":{"rendered":"https:\/\/www.europesays.com\/lv\/58750\/"},"modified":"2025-11-26T06:11:20","modified_gmt":"2025-11-26T06:11:20","slug":"gaisa-temperatura-noslidejusi-zem-5-gradiem-dienas-laika-vietam-snigs","status":"publish","type":"post","link":"https:\/\/www.europesays.com\/lv\/58750\/","title":{"rendered":"Gaisa temperat\u016bra nosl\u012bd\u0113jusi zem -5 gr\u0101diem; dienas laik\u0101 viet\u0101m snigs"},"content":{"rendered":"<p>Zem\u0101k\u0101 temperat\u016bra plkst. 5 bija -6,7 gr\u0101di Aina\u017eos un -7 gr\u0101di Ventspils lidost\u0101, savuk\u0101rt v\u0113l\u0101 otrdienas vakar\u0101 Zos\u0113nos termometra stabi\u0146\u0161 bija nosl\u012bd\u0113jis l\u012bdz -8 gr\u0101diem.<\/p>\n<p>M\u0101ko\u0146i da\u013c\u0113ji sedz Latvijas debesis, nav iev\u0113rojamu nokri\u0161\u0146u. Autoce\u013ci viet\u0101m slideni. Sniega biezums nov\u0113rojumu stacij\u0101s nep\u0101rsniedz tr\u012bs centimetrus.<\/p>\n<p>P\u016b\u0161 l\u0113ns austrumu, zieme\u013caustrumu v\u0113j\u0161, valsts zieme\u013cu da\u013c\u0101 viet\u0101m valda bezv\u0113j\u0161. Daudzviet d\u016bmaka. Gaisa kvalit\u0101te laba l\u012bdz viduv\u0113ja.<\/p>\n<p>R\u012bg\u0101 p\u016b\u0161 l\u0113ns austrumu v\u0113j\u0161 un termometri r\u0101da -2, -3 gr\u0101dus.<\/p>\n<p>Tre\u0161dien Latgal\u0113 un S\u0113lij\u0101 no dienvidiem ierad\u012bsies pla\u0161a nokri\u0161\u0146u zona &#8211; s\u0101ks snigt, prognoz\u0113 sinopti\u0137i.<\/p>\n<p>Latvijas Vides, \u0123eolo\u0123ijas un meteorolo\u0123ijas centrs valsts dienvidaustrumu da\u013c\u0101 izsludin\u0101jis dzelten\u0101 l\u012bme\u0146a br\u012bdin\u0101jumu par stipru snig\u0161anu &#8211; nakt\u012b uz ceturtdienu sniega sega k\u013c\u016bs par 5-9 centimetriem biez\u0101ka.<\/p>\n<p>Valsts liel\u0101kaj\u0101 da\u013c\u0101 tre\u0161diena paies bez nokri\u0161\u0146iem, saulain\u0101k\u0101 diena gaid\u0101ma zieme\u013crietumu novados.<\/p>\n<p>P\u016b\u0161ot l\u0113nam l\u012bdz m\u0113renam austrumu, zieme\u013caustrumu v\u0113jam, maksim\u0101l\u0101 gaisa temperat\u016bra b\u016bs -2..+3 gr\u0101di.<\/p>\n<p>R\u012bg\u0101 starp m\u0101ko\u0146iem uzsp\u012bd\u0113s saule, nav gaid\u0101mi nokri\u0161\u0146i un p\u016bt\u012bs neliels austrumu, zieme\u013caustrumu v\u0113j\u0161. Gaisa temperat\u016bra b\u016bs aptuveni nulle gr\u0101du.<\/p>\n<p>Laikapst\u0101k\u013cus ietekm\u0113 augsta spiediena apgabals, bet dienvidos no Latvijas atrodas ciklons. Atmosf\u0113ras spiediens 1016-1018 hektopask\u0101li j\u016bras l\u012bmen\u012b.<\/p>\n<p>Maksim\u0101l\u0101 gaisa temperat\u016bra otrdien Latvij\u0101 bija +1..-2 gr\u0101di.<\/p>\n<p>Augst\u0101k\u0101 gaisa temperat\u016bra Eirop\u0101 25. novembr\u012b bija +21..+23 gr\u0101di Sp\u0101nij\u0101, It\u0101lij\u0101 un Grie\u0137ij\u0101, k\u0101 ar\u012b +24 gr\u0101di Kipr\u0101. Zem\u0101k\u0101 gaisa temperat\u016bra nakt\u012b uz tre\u0161dienu -28 gr\u0101di Somijas zieme\u013cos.<\/p>\n","protected":false},"excerpt":{"rendered":"Zem\u0101k\u0101 temperat\u016bra plkst. 5 bija -6,7 gr\u0101di Aina\u017eos un -7 gr\u0101di Ventspils lidost\u0101, savuk\u0101rt v\u0113l\u0101 otrdienas vakar\u0101 Zos\u0113nos&hellip;\n","protected":false},"author":2,"featured_media":58751,"comment_status":"","ping_status":"","sticky":false,"template":"","format":"standard","meta":{"footnotes":""},"categories":[12],"tags":[23,28,29,32,33,22,396,397,30,31,35,39,38,36,37,34,40,20,26,27,24,25,21],"class_list":{"0":"post-58750","1":"post","2":"type-post","3":"status-publish","4":"format-standard","5":"has-post-thumbnail","7":"category-latvija","8":"tag-aktualitates","9":"tag-breaking-news","10":"tag-breakingnews","11":"tag-featured-news","12":"tag-featurednews","13":"tag-headlines","14":"tag-laika-zinas","15":"tag-laikapstakli","16":"tag-latest-news","17":"tag-latestnews","18":"tag-latvia","19":"tag-latvian","20":"tag-latviesu","21":"tag-latviesu-valoda","22":"tag-latviesuvaloda","23":"tag-latvija","24":"tag-lv","25":"tag-news","26":"tag-popularakas-zinas","27":"tag-popularakaszinas","28":"tag-top-stories","29":"tag-topstories","30":"tag-zinas"},"share_on_mastodon":{"url":"https:\/\/pubeurope.com\/@lv\/115614520699674644","error":""},"_links":{"self":[{"href":"https:\/\/www.europesays.com\/lv\/wp-json\/wp\/v2\/posts\/58750","targetHints":{"allow":["GET"]}}],"collection":[{"href":"https:\/\/www.europesays.com\/lv\/wp-json\/wp\/v2\/posts"}],"about":[{"href":"https:\/\/www.europesays.com\/lv\/wp-json\/wp\/v2\/types\/post"}],"author":[{"embeddable":true,"href":"https:\/\/www.europesays.com\/lv\/wp-json\/wp\/v2\/users\/2"}],"replies":[{"embeddable":true,"href":"https:\/\/www.europesays.com\/lv\/wp-json\/wp\/v2\/comments?post=58750"}],"version-history":[{"count":0,"href":"https:\/\/www.europesays.com\/lv\/wp-json\/wp\/v2\/posts\/58750\/revisions"}],"wp:featuredmedia":[{"embeddable":true,"href":"https:\/\/www.europesays.com\/lv\/wp-json\/wp\/v2\/media\/58751"}],"wp:attachment":[{"href":"https:\/\/www.europesays.com\/lv\/wp-json\/wp\/v2\/media?parent=58750"}],"wp:term":[{"taxonomy":"category","embeddable":true,"href":"https:\/\/www.europesays.com\/lv\/wp-json\/wp\/v2\/categories?post=58750"},{"taxonomy":"post_tag","embeddable":true,"href":"https:\/\/www.europesays.com\/lv\/wp-json\/wp\/v2\/tags?post=58750"}],"curies":[{"name":"wp","href":"https:\/\/api.w.org\/{rel}","templated":true}]}}