{"id":58767,"date":"2025-11-26T06:53:08","date_gmt":"2025-11-26T06:53:08","guid":{"rendered":"https:\/\/www.europesays.com\/lv\/58767\/"},"modified":"2025-11-26T06:53:08","modified_gmt":"2025-11-26T06:53:08","slug":"italijas-parlaments-atzist-femicidu-par-noziegumu-par-kuru-draud-muza-ieslodzijums","status":"publish","type":"post","link":"https:\/\/www.europesays.com\/lv\/58767\/","title":{"rendered":"It\u0101lijas parlaments atz\u012bst femic\u012bdu par noziegumu, par kuru draud m\u016b\u017ea ieslodz\u012bjums"},"content":{"rendered":"<p>Jaunais krimin\u0101lkodeksa pants rada slepkav\u012bbas kategoriju, &#8220;pamatojoties uz upura raksturojumu&#8221;, teikts likumprojekta paskaidrojo\u0161\u0101 piez\u012bm\u0113.<\/p>\n<p>It\u0101lijas likumi iepriek\u0161 tikai paredz\u0113ja vainu pastiprino\u0161us apst\u0101k\u013cus liet\u0101s, kur\u0101s slepkava ir prec\u0113jies vai atrodas radniec\u012bg\u0101s attiec\u012bb\u0101s ar upuri.<\/p>\n<p>Premjerministre <a href=\"https:\/\/www.tvnet.lv\/term\/783232\/dzordza-meloni\" class=\"topicLink\" target=\"_blank\" rel=\"nofollow noopener\">D\u017eord\u017ea Meloni<\/a> atzin\u012bgi nov\u0113rt\u0113ja parlamenta balsojumu un nosauca \u0161o likumprojektu par instrumentu &#8220;katras sievietes br\u012bv\u012bbas un cie\u0146as aizsardz\u012bbai&#8221;.<\/p>\n<p>Vald\u012bbas iniciat\u012bva, kuru jau j\u016blij\u0101 pie\u0146\u0113ma Sen\u0101ts, tika pie\u0146emta parlamenta apak\u0161nam\u0101 ar 237 bals\u012bm par, nevienam deput\u0101tam nebalsojot pret.<\/p>\n<p>Jaunais krimin\u0101lkodeksa pants paredz m\u016b\u017ea ieslodz\u012bjumu par darb\u012bb\u0101m, kuru nol\u016bks ir izrais\u012bt sievietes n\u0101vi &#8220;diskrimin\u0101cijas, naida vai vardarb\u012bbas&#8221;, vai k\u0101du citu iemeslu d\u0113\u013c.<\/p>\n<p>ANO otrdien atz\u012bm\u0113ja Starptautisko dienu vardarb\u012bbas izskau\u0161anai pret sieviet\u0113m, public\u0113jot zi\u0146ojumu, kur\u0101 teikts, ka p\u0113rn apm\u0113ram 50 000 sievie\u0161u un meite\u0146u nogalin\u0101ju\u0161i vi\u0146u partneri vai \u0123imenes locek\u013ci.<\/p>\n<p>It\u0101lijas nacion\u0101lais statistikas instit\u016bts ISTAT zi\u0146oja, ka no 2024. gad\u0101 re\u0123istr\u0113t\u0101m 327 slepkav\u012bb\u0101m 116 bija iesaist\u012btas sievietes un meitenes. 92,2% gad\u012bjumu slepkavas bija v\u012brie\u0161i.<\/p>\n","protected":false},"excerpt":{"rendered":"Jaunais krimin\u0101lkodeksa pants rada slepkav\u012bbas kategoriju, &#8220;pamatojoties uz upura raksturojumu&#8221;, teikts likumprojekta paskaidrojo\u0161\u0101 piez\u012bm\u0113. It\u0101lijas likumi iepriek\u0161 tikai&hellip;\n","protected":false},"author":2,"featured_media":58768,"comment_status":"","ping_status":"","sticky":false,"template":"","format":"standard","meta":{"footnotes":""},"categories":[14],"tags":[23,57,28,29,15693,32,33,22,2316,30,31,35,39,38,36,37,34,40,20,26,27,8460,24,25,899,2736,6144,54,55,56,21,58],"class_list":{"0":"post-58767","1":"post","2":"type-post","3":"status-publish","4":"format-standard","5":"has-post-thumbnail","7":"category-zinas-no-arvalstim","8":"tag-aktualitates","9":"tag-arvalstim","10":"tag-breaking-news","11":"tag-breakingnews","12":"tag-dzordza-meloni","13":"tag-featured-news","14":"tag-featurednews","15":"tag-headlines","16":"tag-italija","17":"tag-latest-news","18":"tag-latestnews","19":"tag-latvia","20":"tag-latvian","21":"tag-latviesu","22":"tag-latviesu-valoda","23":"tag-latviesuvaloda","24":"tag-latvija","25":"tag-lv","26":"tag-news","27":"tag-popularakas-zinas","28":"tag-popularakaszinas","29":"tag-sievietes-tiesibas","30":"tag-top-stories","31":"tag-topstories","32":"tag-vardarbiba","33":"tag-vardarbiba-gimene","34":"tag-vardarbiba-pret-sievietem","35":"tag-world","36":"tag-world-news","37":"tag-worldnews","38":"tag-zinas","39":"tag-zinas-no-arvalstim"},"share_on_mastodon":{"url":"","error":"Validation failed: Text character limit of 500 exceeded"},"_links":{"self":[{"href":"https:\/\/www.europesays.com\/lv\/wp-json\/wp\/v2\/posts\/58767","targetHints":{"allow":["GET"]}}],"collection":[{"href":"https:\/\/www.europesays.com\/lv\/wp-json\/wp\/v2\/posts"}],"about":[{"href":"https:\/\/www.europesays.com\/lv\/wp-json\/wp\/v2\/types\/post"}],"author":[{"embeddable":true,"href":"https:\/\/www.europesays.com\/lv\/wp-json\/wp\/v2\/users\/2"}],"replies":[{"embeddable":true,"href":"https:\/\/www.europesays.com\/lv\/wp-json\/wp\/v2\/comments?post=58767"}],"version-history":[{"count":0,"href":"https:\/\/www.europesays.com\/lv\/wp-json\/wp\/v2\/posts\/58767\/revisions"}],"wp:featuredmedia":[{"embeddable":true,"href":"https:\/\/www.europesays.com\/lv\/wp-json\/wp\/v2\/media\/58768"}],"wp:attachment":[{"href":"https:\/\/www.europesays.com\/lv\/wp-json\/wp\/v2\/media?parent=58767"}],"wp:term":[{"taxonomy":"category","embeddable":true,"href":"https:\/\/www.europesays.com\/lv\/wp-json\/wp\/v2\/categories?post=58767"},{"taxonomy":"post_tag","embeddable":true,"href":"https:\/\/www.europesays.com\/lv\/wp-json\/wp\/v2\/tags?post=58767"}],"curies":[{"name":"wp","href":"https:\/\/api.w.org\/{rel}","templated":true}]}}