{"id":58817,"date":"2025-11-26T07:48:11","date_gmt":"2025-11-26T07:48:11","guid":{"rendered":"https:\/\/www.europesays.com\/lv\/58817\/"},"modified":"2025-11-26T07:48:11","modified_gmt":"2025-11-26T07:48:11","slug":"rumanija-lauku-majas-darza-nogazies-drons-2","status":"publish","type":"post","link":"https:\/\/www.europesays.com\/lv\/58817\/","title":{"rendered":"Rum\u0101nij\u0101 lauku m\u0101jas d\u0101rz\u0101 nog\u0101zies drons"},"content":{"rendered":"<p>Neviens cilv\u0113ks nav ievainots.<\/p>\n<p>Lauku m\u0101j\u0101 dz\u012bvo m\u0101te ar b\u0113rnu, v\u0113sta mediji.<\/p>\n<p>Pue\u0161ti atrodas aptuveni 60 kilometru att\u0101lum\u0101 no Moldovas robe\u017eas. Tik dzi\u013ci valsts iek\u0161ien\u0113 l\u012bdz \u0161im neviens dronu incidents nebija pieredz\u0113ts.<\/p>\n<p>P\u0113c visa sprie\u017eot, <a href=\"https:\/\/www.apollo.lv\/term\/568858\/drons\" class=\"topicLink\" target=\"_blank\" rel=\"nofollow noopener\">drons<\/a> s\u0101kotn\u0113ji lidojis virs Moldovas.<\/p>\n<p>Moldovas gaisa telp\u0101 ielidoju\u0161i se\u0161i droni, bet viens aizlidojis t\u0101l\u0101k uz Rum\u0101niju, pav\u0113st\u012bja Moldovas Aizsardz\u012bbas ministrija.<\/p>\n<p>Droni raid\u012bti no Krievijas okup\u0113t\u0101s Krimas, pav\u0113st\u012bja Ukrainas Gaisa sp\u0113ki.<\/p>\n<p>Da\u017eas stundas pirms drona nog\u0101\u0161an\u0101s Rum\u0101nijas bru\u0146otie sp\u0113ki divreiz nov\u0113roja dronus sav\u0101 radar\u0101 pie robe\u017eas ar Ukrainu.<\/p>\n<p>Gaisa tika paceltas \u010detras lidma\u0161\u012bnas, ar\u012b divas v\u0101cu lidma\u0161\u012bnas.<\/p>\n<p>Kop\u0161 pilna m\u0113roga kara s\u0101kuma Rum\u0101nij\u0101 nog\u0101zu\u0161ies 40 dronu fragmenti, liecina Aizsardz\u012bbas ministrijas dati.<\/p>\n","protected":false},"excerpt":{"rendered":"Neviens cilv\u0113ks nav ievainots. Lauku m\u0101j\u0101 dz\u012bvo m\u0101te ar b\u0113rnu, v\u0113sta mediji. Pue\u0161ti atrodas aptuveni 60 kilometru att\u0101lum\u0101&hellip;\n","protected":false},"author":2,"featured_media":58818,"comment_status":"","ping_status":"","sticky":false,"template":"","format":"standard","meta":{"footnotes":""},"categories":[14],"tags":[23,57,28,29,2008,32,33,22,30,31,35,39,38,36,37,34,40,20,26,27,7436,24,25,276,54,55,56,21,58],"class_list":{"0":"post-58817","1":"post","2":"type-post","3":"status-publish","4":"format-standard","5":"has-post-thumbnail","7":"category-zinas-no-arvalstim","8":"tag-aktualitates","9":"tag-arvalstim","10":"tag-breaking-news","11":"tag-breakingnews","12":"tag-drons","13":"tag-featured-news","14":"tag-featurednews","15":"tag-headlines","16":"tag-latest-news","17":"tag-latestnews","18":"tag-latvia","19":"tag-latvian","20":"tag-latviesu","21":"tag-latviesu-valoda","22":"tag-latviesuvaloda","23":"tag-latvija","24":"tag-lv","25":"tag-news","26":"tag-popularakas-zinas","27":"tag-popularakaszinas","28":"tag-rumanija","29":"tag-top-stories","30":"tag-topstories","31":"tag-ukraina","32":"tag-world","33":"tag-world-news","34":"tag-worldnews","35":"tag-zinas","36":"tag-zinas-no-arvalstim"},"share_on_mastodon":{"url":"https:\/\/pubeurope.com\/@lv\/115614902120501502","error":""},"_links":{"self":[{"href":"https:\/\/www.europesays.com\/lv\/wp-json\/wp\/v2\/posts\/58817","targetHints":{"allow":["GET"]}}],"collection":[{"href":"https:\/\/www.europesays.com\/lv\/wp-json\/wp\/v2\/posts"}],"about":[{"href":"https:\/\/www.europesays.com\/lv\/wp-json\/wp\/v2\/types\/post"}],"author":[{"embeddable":true,"href":"https:\/\/www.europesays.com\/lv\/wp-json\/wp\/v2\/users\/2"}],"replies":[{"embeddable":true,"href":"https:\/\/www.europesays.com\/lv\/wp-json\/wp\/v2\/comments?post=58817"}],"version-history":[{"count":0,"href":"https:\/\/www.europesays.com\/lv\/wp-json\/wp\/v2\/posts\/58817\/revisions"}],"wp:featuredmedia":[{"embeddable":true,"href":"https:\/\/www.europesays.com\/lv\/wp-json\/wp\/v2\/media\/58818"}],"wp:attachment":[{"href":"https:\/\/www.europesays.com\/lv\/wp-json\/wp\/v2\/media?parent=58817"}],"wp:term":[{"taxonomy":"category","embeddable":true,"href":"https:\/\/www.europesays.com\/lv\/wp-json\/wp\/v2\/categories?post=58817"},{"taxonomy":"post_tag","embeddable":true,"href":"https:\/\/www.europesays.com\/lv\/wp-json\/wp\/v2\/tags?post=58817"}],"curies":[{"name":"wp","href":"https:\/\/api.w.org\/{rel}","templated":true}]}}