{"id":58872,"date":"2025-11-26T08:43:11","date_gmt":"2025-11-26T08:43:11","guid":{"rendered":"https:\/\/www.europesays.com\/lv\/58872\/"},"modified":"2025-11-26T08:43:11","modified_gmt":"2025-11-26T08:43:11","slug":"polijas-arlietu-ministrs-izsaucis-izraelas-vestnieku-saistiba-ar-yad-vashem-ierakstu-x","status":"publish","type":"post","link":"https:\/\/www.europesays.com\/lv\/58872\/","title":{"rendered":"Polijas \u0101rlietu ministrs izsaucis Izra\u0113las v\u0113stnieku saist\u012bb\u0101 ar &#8220;Yad Vashem&#8221; ierakstu &#8220;X&#8221;"},"content":{"rendered":"<p><a rel=\"noopener nofollow\" target=\"_blank\" href=\"https:\/\/www.delfi.lv\/temas\/33690465\/polija\" tag-id=\"33690465\">Polijas<\/a> \u0101rlietu ministrs Radoslavs Sikorskis pirmdien izsaucis Izra\u0113las v\u0113stnieku, lai piepras\u012btu paskaidrojumus par Izra\u0113las holokausta memori\u0101la &#8220;Yad Vashem&#8221; ierakstu platform\u0101 &#8220;X&#8221;.<\/p>\n<p>&#8220;Yad Vashem&#8221; sv\u0113tdien platform\u0101 &#8220;X&#8221; ierakst\u012bja, ka &#8220;Polija bija pirm\u0101 valsts, kur ebreji tika piespiesti valk\u0101t dzeltenu noz\u012bmi, lai vi\u0146us izol\u0113tu no apk\u0101rt\u0113jiem cilv\u0113kiem&#8221;. Sikorskis aicin\u0101ja &#8220;Yad Vashem&#8221; p\u0101rpublic\u0113t \u0161o zi\u0146u, skaidri nor\u0101dot, ka runa ir par &#8220;v\u0101cu okup\u0113to&#8221; Poliju.<\/p>\n<p>&#8220;Yad Vashem&#8221; ierakstu &#8220;X&#8221; kritiz\u0113ja ar\u012b citi Polijas politi\u0137i, taj\u0101 skait\u0101 premjerministrs Donalds Tusks. Memori\u0101ls rea\u0123\u0113ja uz kritiku, platform\u0101 public\u0113jot piebildi, ka &#8220;tas tika dar\u012bts p\u0113c V\u0101cijas iest\u0101\u017eu r\u012bkojuma, k\u0101 nor\u0101d\u012bja daudzi lietot\u0101ji un skaidri nor\u0101d\u012bts saist\u012btaj\u0101 rakst\u0101&#8221;. Tom\u0113r Sikorskis nol\u0113ma izsaukt Izra\u0113las v\u0113stnieku, jo &#8220;maldino\u0161ais ieraksts nav izlabots&#8221;.<\/p>\n<p class=\"m-0\">Seko &#8220;Delfi&#8221; ar\u012b  <a target=\"_blank\" href=\"https:\/\/www.instagram.com\/delfi.lv\/\" rel=\"nofollow noopener\">Instagram<\/a>  un <a target=\"_blank\" href=\"https:\/\/www.youtube.com\/channel\/UCw5foWtcJvAbUm64rv7jwUQ\" rel=\"nofollow noopener\">YouTube<\/a>  profil\u0101 \u2013 pievienojies, lai uzzin\u0101tu svar\u012bg\u0101ko un interesant\u0101ko pirmais!<\/p>\n<p>Publik\u0101cijas saturs vai t\u0101s jebk\u0101da apjoma da\u013ca ir aizsarg\u0101ts autorties\u012bbu objekts Autorties\u012bbu likuma izpratn\u0113, un t\u0101 izmanto\u0161ana bez izdev\u0113ja at\u013caujas ir aizliegta. Vair\u0101k lasi  <a target=\"_blank\" href=\"https:\/\/www.delfi.lv\/noteikumi#autortiesibas\" rel=\"nofollow noopener\">\u0161eit<\/a><script async src=\"\/\/www.instagram.com\/embed.js\"><\/script><\/p>\n","protected":false},"excerpt":{"rendered":"Polijas \u0101rlietu ministrs Radoslavs Sikorskis pirmdien izsaucis Izra\u0113las v\u0113stnieku, lai piepras\u012btu paskaidrojumus par Izra\u0113las holokausta memori\u0101la &#8220;Yad Vashem&#8221;&hellip;\n","protected":false},"author":2,"featured_media":58873,"comment_status":"","ping_status":"","sticky":false,"template":"","format":"standard","meta":{"footnotes":""},"categories":[14],"tags":[23,57,28,29,32,33,22,30,31,35,39,38,36,37,34,40,20,72,26,27,24,25,54,55,56,21,58],"class_list":{"0":"post-58872","1":"post","2":"type-post","3":"status-publish","4":"format-standard","5":"has-post-thumbnail","7":"category-zinas-no-arvalstim","8":"tag-aktualitates","9":"tag-arvalstim","10":"tag-breaking-news","11":"tag-breakingnews","12":"tag-featured-news","13":"tag-featurednews","14":"tag-headlines","15":"tag-latest-news","16":"tag-latestnews","17":"tag-latvia","18":"tag-latvian","19":"tag-latviesu","20":"tag-latviesu-valoda","21":"tag-latviesuvaloda","22":"tag-latvija","23":"tag-lv","24":"tag-news","25":"tag-polija","26":"tag-popularakas-zinas","27":"tag-popularakaszinas","28":"tag-top-stories","29":"tag-topstories","30":"tag-world","31":"tag-world-news","32":"tag-worldnews","33":"tag-zinas","34":"tag-zinas-no-arvalstim"},"share_on_mastodon":{"url":"https:\/\/pubeurope.com\/@lv\/115615118313436989","error":""},"_links":{"self":[{"href":"https:\/\/www.europesays.com\/lv\/wp-json\/wp\/v2\/posts\/58872","targetHints":{"allow":["GET"]}}],"collection":[{"href":"https:\/\/www.europesays.com\/lv\/wp-json\/wp\/v2\/posts"}],"about":[{"href":"https:\/\/www.europesays.com\/lv\/wp-json\/wp\/v2\/types\/post"}],"author":[{"embeddable":true,"href":"https:\/\/www.europesays.com\/lv\/wp-json\/wp\/v2\/users\/2"}],"replies":[{"embeddable":true,"href":"https:\/\/www.europesays.com\/lv\/wp-json\/wp\/v2\/comments?post=58872"}],"version-history":[{"count":0,"href":"https:\/\/www.europesays.com\/lv\/wp-json\/wp\/v2\/posts\/58872\/revisions"}],"wp:featuredmedia":[{"embeddable":true,"href":"https:\/\/www.europesays.com\/lv\/wp-json\/wp\/v2\/media\/58873"}],"wp:attachment":[{"href":"https:\/\/www.europesays.com\/lv\/wp-json\/wp\/v2\/media?parent=58872"}],"wp:term":[{"taxonomy":"category","embeddable":true,"href":"https:\/\/www.europesays.com\/lv\/wp-json\/wp\/v2\/categories?post=58872"},{"taxonomy":"post_tag","embeddable":true,"href":"https:\/\/www.europesays.com\/lv\/wp-json\/wp\/v2\/tags?post=58872"}],"curies":[{"name":"wp","href":"https:\/\/api.w.org\/{rel}","templated":true}]}}