{"id":58874,"date":"2025-11-26T08:45:08","date_gmt":"2025-11-26T08:45:08","guid":{"rendered":"https:\/\/www.europesays.com\/lv\/58874\/"},"modified":"2025-11-26T08:45:08","modified_gmt":"2025-11-26T08:45:08","slug":"otrdien-celu-satiksmes-negadijumos-ievainoti-11-cilveki","status":"publish","type":"post","link":"https:\/\/www.europesays.com\/lv\/58874\/","title":{"rendered":"Otrdien ce\u013cu satiksmes negad\u012bjumos ievainoti 11 cilv\u0113ki"},"content":{"rendered":"<p>Kopum\u0101 vakar valst\u012b re\u0123istr\u0113ti 143 ce\u013cu satiksmes negad\u012bjumi, no kuriem 11 biju\u0161i ar cietu\u0161ajiem. Visvair\u0101k ievainoto re\u0123istr\u0113ts R\u012bgas re\u0123ion\u0101, kur septi\u0146os ce\u013cu satiksmes negad\u012bjumos ievainoti septi\u0146i cilv\u0113ki, tostarp divi g\u0101j\u0113ji un viens elektrisk\u0101 skrejrite\u0146a vad\u012bt\u0101js.<\/p>\n<p>Policija zi\u0146o ar\u012b par 10 transportl\u012bdzek\u013cu vad\u012bt\u0101jiem, kuri pie\u0137erti, braucot alkohola reibum\u0101. Se\u0161iem no vi\u0146iem s\u0101kti krimin\u0101lprocesi, savuk\u0101rt tr\u012bs gad\u012bjumos autovad\u012bt\u0101jiem piem\u0113rota administrat\u012bv\u0101 atbild\u012bba.<\/p>\n<p>Par at\u013caut\u0101 brauk\u0161anas \u0101truma p\u0101rsnieg\u0161anu vis\u0101 valst\u012b noform\u0113ti 159 administrat\u012bv\u0101 p\u0101rk\u0101pumu protokoli.<\/p>\n","protected":false},"excerpt":{"rendered":"Kopum\u0101 vakar valst\u012b re\u0123istr\u0113ti 143 ce\u013cu satiksmes negad\u012bjumi, no kuriem 11 biju\u0161i ar cietu\u0161ajiem. Visvair\u0101k ievainoto re\u0123istr\u0113ts R\u012bgas&hellip;\n","protected":false},"author":2,"featured_media":23301,"comment_status":"","ping_status":"","sticky":false,"template":"","format":"standard","meta":{"footnotes":""},"categories":[5],"tags":[23,1465,28,29,32,33,22,30,31,35,39,38,36,37,34,40,20,26,27,24,25,138,21],"class_list":{"0":"post-58874","1":"post","2":"type-post","3":"status-publish","4":"format-standard","5":"has-post-thumbnail","7":"category-aktualitates","8":"tag-aktualitates","9":"tag-autoavarijas","10":"tag-breaking-news","11":"tag-breakingnews","12":"tag-featured-news","13":"tag-featurednews","14":"tag-headlines","15":"tag-latest-news","16":"tag-latestnews","17":"tag-latvia","18":"tag-latvian","19":"tag-latviesu","20":"tag-latviesu-valoda","21":"tag-latviesuvaloda","22":"tag-latvija","23":"tag-lv","24":"tag-news","25":"tag-popularakas-zinas","26":"tag-popularakaszinas","27":"tag-top-stories","28":"tag-topstories","29":"tag-valsts-policija","30":"tag-zinas"},"share_on_mastodon":{"url":"https:\/\/pubeurope.com\/@lv\/115615126233853477","error":""},"_links":{"self":[{"href":"https:\/\/www.europesays.com\/lv\/wp-json\/wp\/v2\/posts\/58874","targetHints":{"allow":["GET"]}}],"collection":[{"href":"https:\/\/www.europesays.com\/lv\/wp-json\/wp\/v2\/posts"}],"about":[{"href":"https:\/\/www.europesays.com\/lv\/wp-json\/wp\/v2\/types\/post"}],"author":[{"embeddable":true,"href":"https:\/\/www.europesays.com\/lv\/wp-json\/wp\/v2\/users\/2"}],"replies":[{"embeddable":true,"href":"https:\/\/www.europesays.com\/lv\/wp-json\/wp\/v2\/comments?post=58874"}],"version-history":[{"count":0,"href":"https:\/\/www.europesays.com\/lv\/wp-json\/wp\/v2\/posts\/58874\/revisions"}],"wp:featuredmedia":[{"embeddable":true,"href":"https:\/\/www.europesays.com\/lv\/wp-json\/wp\/v2\/media\/23301"}],"wp:attachment":[{"href":"https:\/\/www.europesays.com\/lv\/wp-json\/wp\/v2\/media?parent=58874"}],"wp:term":[{"taxonomy":"category","embeddable":true,"href":"https:\/\/www.europesays.com\/lv\/wp-json\/wp\/v2\/categories?post=58874"},{"taxonomy":"post_tag","embeddable":true,"href":"https:\/\/www.europesays.com\/lv\/wp-json\/wp\/v2\/tags?post=58874"}],"curies":[{"name":"wp","href":"https:\/\/api.w.org\/{rel}","templated":true}]}}