{"id":58875,"date":"2025-11-26T08:46:08","date_gmt":"2025-11-26T08:46:08","guid":{"rendered":"https:\/\/www.europesays.com\/lv\/58875\/"},"modified":"2025-11-26T08:46:08","modified_gmt":"2025-11-26T08:46:08","slug":"latvijas-pasakumu-agenturas-luka-un-skudras-metropole-guvusas-panakumus-starptautiskaja-konkursa-bea-world-festival","status":"publish","type":"post","link":"https:\/\/www.europesays.com\/lv\/58875\/","title":{"rendered":"Latvijas pas\u0101kumu a\u0123ent\u016bras &#8220;Luka&#8221; un &#8220;Skudras\u00a0metropole&#8221; guvu\u0161as pan\u0101kumus starptautiskaj\u0101 konkurs\u0101 &#8220;Bea World Festival&#8221;"},"content":{"rendered":"<p>A\u0123ent\u016bra &#8220;Luka&#8221; un t\u0101s vad\u012bt\u0101ja Inese Luka\u0161evska par pas\u0101kumu &#8220;Dv\u0113seles st\u012bgas&#8221; sa\u0146\u0113ma pasaules preses &#8220;Grand Prix&#8221; un divas sudraba godalgas. &#8220;Dv\u0113seles st\u012bgas&#8221; jau iepriek\u0161 apbalvotas vair\u0101kos starptautiskos konkursos, tostarp sa\u0146\u0113mu\u0161as Kannu festiv\u0101la &#8220;Grand Prix&#8221;.<\/p>\n<p>Konkursa \u017e\u016brija projektus v\u0113rt\u0113ja p\u0113c rado\u0161uma, inov\u0101cij\u0101m, realiz\u0101cijas, komunik\u0101cijas risin\u0101jumiem un sasniegtajiem rezult\u0101tiem. Pasaules preses \u017e\u016brij\u0101 darboj\u0101s mediju p\u0101rst\u0101vji no It\u0101lijas, Slov\u0113nijas, Austrijas, V\u0101cijas, Sp\u0101nijas, Portug\u0101les, Apvienotajiem Ar\u0101bu Emir\u0101tiem un cit\u0101m valst\u012bm. Romas festiv\u0101l\u0101 p\u0113c kl\u0101tienes prezent\u0101cij\u0101m tika noteikti 2025. gada laure\u0101ti.<\/p>\n<p>&#8220;Dv\u0113seles st\u012bgu&#8221; rado\u0161aj\u0101 komand\u0101 str\u0101d\u0101ja horeogr\u0101fe Linda Leji\u0146a-Grebina, re\u017eisore un scenogr\u0101fe Inese Luka\u0161evska, video m\u0101kslinieks Viktors Keino, dekoratore Simona Kalni\u0146a, fotogr\u0101fs J\u0101nis V\u012bksna, video m\u0101kslinieki &#8220;Colortime&#8221;, Riharda L\u012bbie\u0161a or\u0137estris un grupa &#8220;Karameles&#8221;, vad\u012bt\u0101js M\u0101rti\u0146\u0161 Daugulis, \u0161efpav\u0101rs Raimonds Zommers, horeogr\u0101fa asistente El\u012bna Vjatere un modes m\u0101ksliniece Ieva \u0100damsone.<\/p>\n","protected":false},"excerpt":{"rendered":"A\u0123ent\u016bra &#8220;Luka&#8221; un t\u0101s vad\u012bt\u0101ja Inese Luka\u0161evska par pas\u0101kumu &#8220;Dv\u0113seles st\u012bgas&#8221; sa\u0146\u0113ma pasaules preses &#8220;Grand Prix&#8221; un divas&hellip;\n","protected":false},"author":2,"featured_media":58876,"comment_status":"","ping_status":"","sticky":false,"template":"","format":"standard","meta":{"footnotes":""},"categories":[19],"tags":[63,65,60,89,59,90,70,64,35,39,38,36,37,34,40,68,69,66,67,62,21,61],"class_list":{"0":"post-58875","1":"post","2":"type-post","3":"status-publish","4":"format-standard","5":"has-post-thumbnail","7":"category-izklaide","8":"tag-arvalstis","9":"tag-auto","10":"tag-egoiste","11":"tag-entertainment","12":"tag-financenet","13":"tag-izklaide","14":"tag-klik","15":"tag-kultura","16":"tag-latvia","17":"tag-latvian","18":"tag-latviesu","19":"tag-latviesu-valoda","20":"tag-latviesuvaloda","21":"tag-latvija","22":"tag-lv","23":"tag-maja","24":"tag-receptes","25":"tag-sejas","26":"tag-sports","27":"tag-viedokli","28":"tag-zinas","29":"tag-zinatne"},"share_on_mastodon":{"url":"https:\/\/pubeurope.com\/@lv\/115615130173239401","error":""},"_links":{"self":[{"href":"https:\/\/www.europesays.com\/lv\/wp-json\/wp\/v2\/posts\/58875","targetHints":{"allow":["GET"]}}],"collection":[{"href":"https:\/\/www.europesays.com\/lv\/wp-json\/wp\/v2\/posts"}],"about":[{"href":"https:\/\/www.europesays.com\/lv\/wp-json\/wp\/v2\/types\/post"}],"author":[{"embeddable":true,"href":"https:\/\/www.europesays.com\/lv\/wp-json\/wp\/v2\/users\/2"}],"replies":[{"embeddable":true,"href":"https:\/\/www.europesays.com\/lv\/wp-json\/wp\/v2\/comments?post=58875"}],"version-history":[{"count":0,"href":"https:\/\/www.europesays.com\/lv\/wp-json\/wp\/v2\/posts\/58875\/revisions"}],"wp:featuredmedia":[{"embeddable":true,"href":"https:\/\/www.europesays.com\/lv\/wp-json\/wp\/v2\/media\/58876"}],"wp:attachment":[{"href":"https:\/\/www.europesays.com\/lv\/wp-json\/wp\/v2\/media?parent=58875"}],"wp:term":[{"taxonomy":"category","embeddable":true,"href":"https:\/\/www.europesays.com\/lv\/wp-json\/wp\/v2\/categories?post=58875"},{"taxonomy":"post_tag","embeddable":true,"href":"https:\/\/www.europesays.com\/lv\/wp-json\/wp\/v2\/tags?post=58875"}],"curies":[{"name":"wp","href":"https:\/\/api.w.org\/{rel}","templated":true}]}}