{"id":58907,"date":"2025-11-26T09:51:04","date_gmt":"2025-11-26T09:51:04","guid":{"rendered":"https:\/\/www.europesays.com\/lv\/58907\/"},"modified":"2025-11-26T09:51:04","modified_gmt":"2025-11-26T09:51:04","slug":"es-digitalo-noteikumu-vienkarsosana-var-apdraudet-lietotaju-pamattiesibas-lente-lv","status":"publish","type":"post","link":"https:\/\/www.europesays.com\/lv\/58907\/","title":{"rendered":"ES digit\u0101lo noteikumu vienk\u0101r\u0161o\u0161ana var apdraud\u0113t lietot\u0101ju pamatties\u012bbas\u00a0\u2014\u00a0Lente.lv"},"content":{"rendered":"<p>Eksperti br\u012bdina: ES digit\u0101lo noteikumu vienk\u0101r\u0161o\u0161ana var apdraud\u0113t lietot\u0101ju ties\u012bbas<\/p>\n<p>Eiropas Komisijas (EK) nesen n\u0101ktie priek\u0161likumi digit\u0101lo noteikumu vienk\u0101r\u0161o\u0161anai, kas skar priv\u0101tuma un m\u0101ksl\u012bg\u0101 intelekta (MI) izmanto\u0161anu, raisa nopietnas ba\u017eas tehnolo\u0123iju nozares un pat\u0113r\u0113t\u0101ju ties\u012bbu aizst\u0101vju vid\u016b. Lai gan EK argument\u0113, ka \u0161\u012bs izmai\u0146as mazin\u0101s birokr\u0101tiju un veicin\u0101s Eiropas tehnolo\u0123iju konkur\u0113tsp\u0113ju pasaules m\u0113rog\u0101, eksperti nor\u0101da uz iesp\u0113jamu pamatties\u012bbu p\u0101rk\u0101pumu risku. \u0160ie pl\u0101ni, kas ofici\u0101li sast\u0101v no trim da\u013c\u0101m \u2013 Digit\u0101l\u0101s &#8220;Omnibus&#8221; paketes, datu savien\u012bbas strat\u0113\u0123ijas un Eiropas dar\u012bjumdarb\u012bbas maka \u2013, ir sa\u0146\u0113mu\u0161i kritisku v\u0113rt\u0113jumu.<\/p>\n<p>Vienk\u0101r\u0161o\u0161ana vai ties\u012bbu samazin\u0101\u0161ana?<\/p>\n<p>EK cer, ka l\u012bdz 2029. gadam administrat\u012bv\u0101s izmaksas samazin\u0101sies par aptuveni 5 miljardiem eiro, savuk\u0101rt lietot\u0101ji g\u016bs labumu no ret\u0101k par\u0101d\u012b\u0161anos priv\u0101tuma s\u012bkdat\u0146u logiem t\u012bmek\u013ca vietn\u0113s. Eirokomis\u0101re Henna Virkunena uzsver, ka \u0161ie pas\u0101kumi ir atbilde uz aicin\u0101jumiem mazin\u0101t slogu uz\u0146\u0113m\u0113jdarb\u012bbai, ta\u010du vienlaikus uzsver, ka noteikumu vienk\u0101r\u0161o\u0161ana nenoz\u012bm\u0113 &#8220;lati\u0146as pazemin\u0101\u0161anu&#8221;. Ta\u010du ekspertu vid\u016b ir ba\u017eas, ka pas\u0101kumi, kas paredz\u0113ti, lai padar\u012btu regul\u0113jumu elast\u012bg\u0101ku un efekt\u012bv\u0101ku, piem\u0113ram, atjauninot Visp\u0101r\u012bgo datu aizsardz\u012bbas regulu (VDAR) un MI likumu, var\u0113tu nesaudz\u012bgi ietekm\u0113t lietot\u0101ju digit\u0101l\u0101s pamatties\u012bbas, it \u012bpa\u0161i attiec\u012bb\u0101 uz datu aizsardz\u012bbu un priv\u0101tumu .<\/p>\n<p>Digit\u0101l\u0101 desmitgade un t\u0101s izaicin\u0101jumi<\/p>\n<p>Eiropas Komisija jau iepriek\u0161 ir izvirz\u012bjusi ambiciozus m\u0113r\u0137us digit\u0101laj\u0101 jom\u0101, paredzot, ka l\u012bdz 2050. gadam Eiropa sasniegs klimatneitralit\u0101ti un \u0161\u012b desmitgade tiks d\u0113v\u0113ta par &#8220;digit\u0101lo desmitgadi&#8221; . Tika uzsv\u0113rts, ka svar\u012bgi ir gan inov\u0101ciju atbalst\u012bt, gan riskus mazin\u0101t, nostiprinot Eiropas digit\u0101lo suverenit\u0101ti. Digit\u0101l\u0101 pakete, kas ietver Digit\u0101lo pakalpojumu aktu un Digit\u0101lo tirgu aktu, tika rad\u012bta, lai nodro\u0161in\u0101tu dro\u0161\u0101ku un atv\u0113rt\u0101ku digit\u0101lo telpu, aizsarg\u0101jot lietot\u0101ju pamatties\u012bbas un nodro\u0161inot kvalitat\u012bvus digit\u0101los pakalpojumus . Tom\u0113r jauno priek\u0161likumu kriti\u0137i pau\u017e ba\u017eas, ka \u012bpa\u0161i attiec\u012bb\u0101 uz MI un datu savien\u012bbas strat\u0113\u0123iju, kas paredz pas\u0101kumus t\u0101du sensit\u012bvu datu aizsardz\u012bbai, kas nav personas dati, var\u0113tu rasties jaunus nep\u0101rskat\u0101mus nosac\u012bjumus. Tas var\u0113tu apgr\u016btin\u0101t lietot\u0101ju sp\u0113ju kontrol\u0113t savu datu izmanto\u0161anu, radot netaisn\u012bgu situ\u0101ciju attiec\u012bb\u0101 uz digit\u0101laj\u0101m ties\u012bb\u0101m .<\/p>\n<p>Konkur\u0113tsp\u0113ja un lietot\u0101ju dro\u0161\u012bba \u2013 l\u012bdzsvarot\u0101 c\u012b\u0146\u0101<\/p>\n<p>EK l\u0113\u0161, ka t\u0101s pl\u0101ni var\u0113tu pal\u012bdz\u0113t uz\u0146\u0113mumiem ik gadu ietaup\u012bt l\u012bdz pat 150 miljardiem eiro . Tom\u0113r \u0161is finansi\u0101lais ieguvums var\u0113tu tikt sasniegts uz lietot\u0101ju priv\u0101tuma r\u0113\u0137ina. Da\u017ei anal\u012bti\u0137i uzskata, ka EK pied\u0101v\u0101t\u0101s izmai\u0146as var\u0113tu rad\u012bt situ\u0101ciju, kur\u0101 noteikumi par datu izmanto\u0161anu un MI sist\u0113m\u0101m k\u013c\u016bst maz\u0101k caursp\u012bd\u012bgi, apgr\u016btinot lietot\u0101ju sp\u0113ju saprast, k\u0101 vi\u0146u dati tiek izmantoti. Tas ir \u012bpa\u0161i satrauco\u0161i laik\u0101, kad digit\u0101l\u0101 vide att\u012bst\u0101s milz\u012bg\u0101 \u0101trum\u0101, un arvien vair\u0101k ikdienas darb\u012bbu, piem\u0113ram, maks\u0101jumu veik\u0161ana, notiek tie\u0161saist\u0113 .<\/p>\n<p>Eiropas Parlamenta deput\u0101te Eva Meidela no EPP grupas ir paudusi atbalstu digit\u0101lo noteikumu vienk\u0101r\u0161o\u0161anai, uzsverot, ka ties\u012bbu aktiem ir j\u0101darbojas efekt\u012bvi un konsekventi. Vi\u0146a nor\u0101da, ka katrs eiro, kas izt\u0113r\u0113ts administrat\u012bvo proced\u016bru k\u0101rto\u0161anai, ir eiro, kas nav ieguld\u012bts inov\u0101cij\u0101s . Lai gan m\u0113r\u0137is ir stiprin\u0101t Eiropas sp\u0113ju ieviest inov\u0101cijas un ra\u017eot glob\u0101laj\u0101 tirg\u016b, ir svar\u012bgi, lai tas nenotiktu uz lietot\u0101ju pamatties\u012bbu r\u0113\u0137ina. Ir nepiecie\u0161ams atrast pareizo l\u012bdzsvaru starp konkur\u0113tsp\u0113jas veicin\u0101\u0161anu un lietot\u0101ju digit\u0101lo ties\u012bbu un dro\u0161\u012bbas garant\u0113\u0161anu . Eiropas digit\u0101l\u0101s ties\u012bbas un principi, kas balst\u012bti uz ES Pamatties\u012bbu hartu, stingri uzsver datu aizsardz\u012bbu un priv\u0101tumu, un jebk\u0101das izmai\u0146as \u0161ajos noteikumos ir r\u016bp\u012bgi j\u0101izv\u0113rt\u0113, lai nenodar\u012btu kait\u0113jumu \u0161iem fundament\u0101lajiem principiem .<\/p>\n","protected":false},"excerpt":{"rendered":"Eksperti br\u012bdina: ES digit\u0101lo noteikumu vienk\u0101r\u0161o\u0161ana var apdraud\u0113t lietot\u0101ju ties\u012bbas Eiropas Komisijas (EK) nesen n\u0101ktie priek\u0161likumi digit\u0101lo noteikumu&hellip;\n","protected":false},"author":2,"featured_media":58908,"comment_status":"","ping_status":"","sticky":false,"template":"","format":"standard","meta":{"footnotes":""},"categories":[5],"tags":[23,28,29,15707,512,32,33,22,30,31,35,39,38,36,37,34,15708,40,87,20,26,27,5404,24,25,21],"class_list":{"0":"post-58907","1":"post","2":"type-post","3":"status-publish","4":"format-standard","5":"has-post-thumbnail","7":"category-aktualitates","8":"tag-aktualitates","9":"tag-breaking-news","10":"tag-breakingnews","11":"tag-digitalie-noteikumi","12":"tag-eiropas-komisija","13":"tag-featured-news","14":"tag-featurednews","15":"tag-headlines","16":"tag-latest-news","17":"tag-latestnews","18":"tag-latvia","19":"tag-latvian","20":"tag-latviesu","21":"tag-latviesu-valoda","22":"tag-latviesuvaloda","23":"tag-latvija","24":"tag-lietosanas-tiesibas","25":"tag-lv","26":"tag-maksligais-intelekts","27":"tag-news","28":"tag-popularakas-zinas","29":"tag-popularakaszinas","30":"tag-privatums","31":"tag-top-stories","32":"tag-topstories","33":"tag-zinas"},"share_on_mastodon":{"url":"https:\/\/pubeurope.com\/@lv\/115615385722126184","error":""},"_links":{"self":[{"href":"https:\/\/www.europesays.com\/lv\/wp-json\/wp\/v2\/posts\/58907","targetHints":{"allow":["GET"]}}],"collection":[{"href":"https:\/\/www.europesays.com\/lv\/wp-json\/wp\/v2\/posts"}],"about":[{"href":"https:\/\/www.europesays.com\/lv\/wp-json\/wp\/v2\/types\/post"}],"author":[{"embeddable":true,"href":"https:\/\/www.europesays.com\/lv\/wp-json\/wp\/v2\/users\/2"}],"replies":[{"embeddable":true,"href":"https:\/\/www.europesays.com\/lv\/wp-json\/wp\/v2\/comments?post=58907"}],"version-history":[{"count":0,"href":"https:\/\/www.europesays.com\/lv\/wp-json\/wp\/v2\/posts\/58907\/revisions"}],"wp:featuredmedia":[{"embeddable":true,"href":"https:\/\/www.europesays.com\/lv\/wp-json\/wp\/v2\/media\/58908"}],"wp:attachment":[{"href":"https:\/\/www.europesays.com\/lv\/wp-json\/wp\/v2\/media?parent=58907"}],"wp:term":[{"taxonomy":"category","embeddable":true,"href":"https:\/\/www.europesays.com\/lv\/wp-json\/wp\/v2\/categories?post=58907"},{"taxonomy":"post_tag","embeddable":true,"href":"https:\/\/www.europesays.com\/lv\/wp-json\/wp\/v2\/tags?post=58907"}],"curies":[{"name":"wp","href":"https:\/\/api.w.org\/{rel}","templated":true}]}}