{"id":58913,"date":"2025-11-26T09:56:09","date_gmt":"2025-11-26T09:56:09","guid":{"rendered":"https:\/\/www.europesays.com\/lv\/58913\/"},"modified":"2025-11-26T09:56:09","modified_gmt":"2025-11-26T09:56:09","slug":"mainis-mediju-atbalsta-fonda-finansejuma-sadalisanas-kartibu","status":"publish","type":"post","link":"https:\/\/www.europesays.com\/lv\/58913\/","title":{"rendered":"Main\u012bs Mediju atbalsta fonda finans\u0113juma sadal\u012b\u0161anas k\u0101rt\u012bbu"},"content":{"rendered":"<p>Ministrija uzskata, ka izmai\u0146as stiprin\u0101s sabiedriski noz\u012bm\u012bga, ori\u0123in\u0101la un latvie\u0161u valod\u0101 veidota satura pieejam\u012bbu, veicin\u0101s kvalitat\u012bvu, profesion\u0101lu, atbild\u012bgu un redakcion\u0101li neatkar\u012bgu \u017eurn\u0101listiku, k\u0101 ar\u012b sekm\u0113s nacion\u0101l\u0101s kult\u016brtelpas un demokr\u0101tiskas sabiedr\u012bbas att\u012bst\u012bbu. Jaun\u0101 konkursa pieeja ir b\u016btisks solis uz priek\u0161u MAF darb\u012bbas efektivit\u0101tei un mediju vides stiprin\u0101\u0161anai, apgalvo KM.<\/p>\n<p>KM atz\u012bm\u0113, ka pie MAF nolikumu pilnveides str\u0101d\u0101ts kop\u0161 vasaras, konsult\u0113joties ar virkni nozares p\u0101rst\u0101vju &#8211; Latvijas Raidorganiz\u0101ciju asoci\u0101ciju, Latvijas Preses izdev\u0113ju asoci\u0101ciju, Latvijas Re\u0123ion\u0101lo mediju asoci\u0101ciju, Latvijas \u017durn\u0101listu asoci\u0101ciju, Latvijas Rekl\u0101mas asoci\u0101ciju, TV Neatkar\u012bgo producentu asoci\u0101ciju, Baltijas Mediju izcil\u012bbas centru, Latvijas Mediju \u0113tika padomi, Latvijas Inform\u0101cijas un komunik\u0101cijas tehnolo\u0123ijas asoci\u0101ciju, Latvijas Darba dev\u0113ju konfeder\u0101ciju, liel\u0101kiem interneta medijiem un Nacion\u0101lo elektronisko pla\u0161sazi\u0146as l\u012bdzek\u013cu padomi.<\/p>\n<p>Darba gait\u0101 notiku\u0161as se\u0161as papla\u0161in\u0101tas diskusijas ar mediju nozares profesion\u0101\u013ciem un ekspertiem, virkne individu\u0101l\u0101s tik\u0161an\u0101s, k\u0101 ar\u012b sasauktas \u010detras KM Mediju politikas konsultat\u012bv\u0101s padomes s\u0113des.<\/p>\n<p>K\u0101 zi\u0146ots, Latvijas Raidorganiz\u0101ciju asoci\u0101cija, Latvijas Preses izdev\u0113ju asoci\u0101cija un Latvijas Re\u0123ion\u0101lo mediju asoci\u0101cija, kas apvieno elektroniskos pla\u0161sazi\u0146as l\u012bdzek\u013cus un preses izdev\u0113jus, pau\u017e kategoriskus iebildumus pret izmai\u0146\u0101m, savuk\u0101rt atbalstu t\u0101m paudusi Latvijas \u017durn\u0101listu asoci\u0101cija un Latvijas liel\u0101kie interneta mediji &#8211; AS &#8220;Delfi&#8221; un SIA &#8220;TVNET GRUPA&#8221;.<\/p>\n","protected":false},"excerpt":{"rendered":"Ministrija uzskata, ka izmai\u0146as stiprin\u0101s sabiedriski noz\u012bm\u012bga, ori\u0123in\u0101la un latvie\u0161u valod\u0101 veidota satura pieejam\u012bbu, veicin\u0101s kvalitat\u012bvu, profesion\u0101lu, atbild\u012bgu&hellip;\n","protected":false},"author":2,"featured_media":58914,"comment_status":"","ping_status":"","sticky":false,"template":"","format":"standard","meta":{"footnotes":""},"categories":[12],"tags":[23,28,29,32,33,22,30,31,35,39,38,36,37,34,40,20,26,27,4393,24,25,14348,21],"class_list":{"0":"post-58913","1":"post","2":"type-post","3":"status-publish","4":"format-standard","5":"has-post-thumbnail","7":"category-latvija","8":"tag-aktualitates","9":"tag-breaking-news","10":"tag-breakingnews","11":"tag-featured-news","12":"tag-featurednews","13":"tag-headlines","14":"tag-latest-news","15":"tag-latestnews","16":"tag-latvia","17":"tag-latvian","18":"tag-latviesu","19":"tag-latviesu-valoda","20":"tag-latviesuvaloda","21":"tag-latvija","22":"tag-lv","23":"tag-news","24":"tag-popularakas-zinas","25":"tag-popularakaszinas","26":"tag-sif","27":"tag-top-stories","28":"tag-topstories","29":"tag-tvnet-grupa","30":"tag-zinas"},"share_on_mastodon":{"url":"https:\/\/pubeurope.com\/@lv\/115615405434648065","error":""},"_links":{"self":[{"href":"https:\/\/www.europesays.com\/lv\/wp-json\/wp\/v2\/posts\/58913","targetHints":{"allow":["GET"]}}],"collection":[{"href":"https:\/\/www.europesays.com\/lv\/wp-json\/wp\/v2\/posts"}],"about":[{"href":"https:\/\/www.europesays.com\/lv\/wp-json\/wp\/v2\/types\/post"}],"author":[{"embeddable":true,"href":"https:\/\/www.europesays.com\/lv\/wp-json\/wp\/v2\/users\/2"}],"replies":[{"embeddable":true,"href":"https:\/\/www.europesays.com\/lv\/wp-json\/wp\/v2\/comments?post=58913"}],"version-history":[{"count":0,"href":"https:\/\/www.europesays.com\/lv\/wp-json\/wp\/v2\/posts\/58913\/revisions"}],"wp:featuredmedia":[{"embeddable":true,"href":"https:\/\/www.europesays.com\/lv\/wp-json\/wp\/v2\/media\/58914"}],"wp:attachment":[{"href":"https:\/\/www.europesays.com\/lv\/wp-json\/wp\/v2\/media?parent=58913"}],"wp:term":[{"taxonomy":"category","embeddable":true,"href":"https:\/\/www.europesays.com\/lv\/wp-json\/wp\/v2\/categories?post=58913"},{"taxonomy":"post_tag","embeddable":true,"href":"https:\/\/www.europesays.com\/lv\/wp-json\/wp\/v2\/tags?post=58913"}],"curies":[{"name":"wp","href":"https:\/\/api.w.org\/{rel}","templated":true}]}}