{"id":58916,"date":"2025-11-26T09:58:07","date_gmt":"2025-11-26T09:58:07","guid":{"rendered":"https:\/\/www.europesays.com\/lv\/58916\/"},"modified":"2025-11-26T09:58:07","modified_gmt":"2025-11-26T09:58:07","slug":"aizsaule-devies-udo-kirs-legendarais-vacu-aktieris-ar-275-lomam-kino-lente-lv","status":"publish","type":"post","link":"https:\/\/www.europesays.com\/lv\/58916\/","title":{"rendered":"Aizsaul\u0113 devies Udo K\u012brs \u2013 le\u0123end\u0101rais v\u0101cu aktieris ar 275 lom\u0101m kino\u00a0\u2014\u00a0Lente.lv"},"content":{"rendered":"<p>Aizsaul\u0113 devies le\u0123end\u0101rais v\u0101cu aktieris Udo K\u012brs<\/p>\n<p>81 gada vecum\u0101 m\u016b\u017e\u012bb\u0101 aizg\u0101jis talant\u012bgais v\u0101cu aktieris Udo K\u012brs, kura spo\u017e\u0101 karjera aptver gan Holivudas, gan Eiropas kino. Vi\u0146\u0161 bija paz\u012bstams ar savu daudzpus\u012bbu, atveidojot kr\u0101sainas raksturlomas daudzbals\u012bg\u0101 aktieru ansambl\u012b, atst\u0101jot neizdz\u0113\u0161amu nospiedumu kino v\u0113stur\u0113.<\/p>\n<p>Daudzpus\u012bga karjera un 275 lomas<\/p>\n<p>Udo K\u012brs bija patiesi ra\u017e\u012bgs m\u0101kslinieks, uz liel\u0101 ekr\u0101na par\u0101doties vair\u0101k nek\u0101 275 film\u0101s. Vi\u0146a ieguld\u012bjums kino ir nenoliedzams, sadarbojoties ar kinoindustrijas grandiem. Starptautiski atz\u012btie re\u017eisori, piem\u0113ram, Rainers Verners Fasbinders, Gars van Sants, Verners Hercogs, Aleksandrs Peins un Lars fon Tr\u012brs, nov\u0113rt\u0113ja K\u012bra unik\u0101lo talantu un sp\u0113ju p\u0101rtapt jebkur\u0101 t\u0113l\u0101. \u0160\u012b sadarb\u012bba apliecina vi\u0146a sp\u0113ju piel\u0101goties da\u017e\u0101diem kinematogr\u0101fiskiem stiliem un v\u012bzij\u0101m, padarot katru vi\u0146a sniegumu par \u012bpa\u0161u notikumu skat\u012bt\u0101jiem.<\/p>\n<p>Neaizmirstams aktieris un vi\u0146a mantojums<\/p>\n<p>K\u012bra aktierm\u0101ksla vienm\u0113r izc\u0113l\u0101s ar inteli\u0123enci un dzi\u013cumu, pie\u0161\u0137irot saviem varo\u0146iem \u012bpa\u0161u \u0161armu un sare\u017e\u0123\u012bt\u012bbu. Vi\u0146a aizie\u0161ana ir liels zaud\u0113jums gan V\u0101cijas, gan pasaules kino sabiedr\u012bbai. Lai gan fiziski vi\u0146\u0161 m\u016bs ir pametis, Udo K\u012bra darbi un rado\u0161ais mantojums turpin\u0101s dz\u012bvot uz ekr\u0101na, iedvesmojot un izklaid\u0113jot skat\u012bt\u0101jus v\u0113l daudzas paaudzes.<\/p>\n","protected":false},"excerpt":{"rendered":"Aizsaul\u0113 devies le\u0123end\u0101rais v\u0101cu aktieris Udo K\u012brs 81 gada vecum\u0101 m\u016b\u017e\u012bb\u0101 aizg\u0101jis talant\u012bgais v\u0101cu aktieris Udo K\u012brs, kura&hellip;\n","protected":false},"author":2,"featured_media":58917,"comment_status":"","ping_status":"","sticky":false,"template":"","format":"standard","meta":{"footnotes":""},"categories":[19],"tags":[15711,15710,89,14155,90,35,39,38,36,37,34,40,15709,15468],"class_list":{"0":"post-58916","1":"post","2":"type-post","3":"status-publish","4":"format-standard","5":"has-post-thumbnail","7":"category-izklaide","8":"tag-aktiera-karjera","9":"tag-eiropas-kino","10":"tag-entertainment","11":"tag-holivudas-kino","12":"tag-izklaide","13":"tag-latvia","14":"tag-latvian","15":"tag-latviesu","16":"tag-latviesu-valoda","17":"tag-latviesuvaloda","18":"tag-latvija","19":"tag-lv","20":"tag-udo-kirs","21":"tag-vacu-aktieris"},"share_on_mastodon":{"url":"https:\/\/pubeurope.com\/@lv\/115615413288147604","error":""},"_links":{"self":[{"href":"https:\/\/www.europesays.com\/lv\/wp-json\/wp\/v2\/posts\/58916","targetHints":{"allow":["GET"]}}],"collection":[{"href":"https:\/\/www.europesays.com\/lv\/wp-json\/wp\/v2\/posts"}],"about":[{"href":"https:\/\/www.europesays.com\/lv\/wp-json\/wp\/v2\/types\/post"}],"author":[{"embeddable":true,"href":"https:\/\/www.europesays.com\/lv\/wp-json\/wp\/v2\/users\/2"}],"replies":[{"embeddable":true,"href":"https:\/\/www.europesays.com\/lv\/wp-json\/wp\/v2\/comments?post=58916"}],"version-history":[{"count":0,"href":"https:\/\/www.europesays.com\/lv\/wp-json\/wp\/v2\/posts\/58916\/revisions"}],"wp:featuredmedia":[{"embeddable":true,"href":"https:\/\/www.europesays.com\/lv\/wp-json\/wp\/v2\/media\/58917"}],"wp:attachment":[{"href":"https:\/\/www.europesays.com\/lv\/wp-json\/wp\/v2\/media?parent=58916"}],"wp:term":[{"taxonomy":"category","embeddable":true,"href":"https:\/\/www.europesays.com\/lv\/wp-json\/wp\/v2\/categories?post=58916"},{"taxonomy":"post_tag","embeddable":true,"href":"https:\/\/www.europesays.com\/lv\/wp-json\/wp\/v2\/tags?post=58916"}],"curies":[{"name":"wp","href":"https:\/\/api.w.org\/{rel}","templated":true}]}}