{"id":58920,"date":"2025-11-26T10:02:10","date_gmt":"2025-11-26T10:02:10","guid":{"rendered":"https:\/\/www.europesays.com\/lv\/58920\/"},"modified":"2025-11-26T10:02:10","modified_gmt":"2025-11-26T10:02:10","slug":"sorit-testes-trauksmes-sirenas-un-sunu-apraidi","status":"publish","type":"post","link":"https:\/\/www.europesays.com\/lv\/58920\/","title":{"rendered":"\u0160or\u012bt test\u0113s trauksmes sir\u0113nas un \u0161\u016bnu apraidi"},"content":{"rendered":"<p>L\u012bdz 26. novembrim <a href=\"https:\/\/www.apollo.lv\/term\/555464\/vugd\" class=\"topicLink\" target=\"_blank\" rel=\"nofollow noopener\">VUGD<\/a> aicina iedz\u012bvot\u0101jus atjaunin\u0101t savu viedt\u0101lru\u0146u programmat\u016bru, jo tas ir b\u016btisks apst\u0101klis \u0161o pazi\u0146ojumu sa\u0146em\u0161anai.<\/p>\n<p>VUGD atg\u0101dina, ka <a href=\"https:\/\/www.apollo.lv\/term\/764057\/sunu-apraide\" class=\"topicLink\" target=\"_blank\" rel=\"nofollow noopener\">\u0161\u016bnu apraide<\/a> ir viena no valsts agr\u012bn\u0101s br\u012bdin\u0101\u0161anas sist\u0113mas sast\u0101vda\u013c\u0101m &#8211; r\u012bks sabiedr\u012bbas br\u012bdin\u0101\u0161anai \u0101rk\u0101rtas situ\u0101cij\u0101s, kas \u013cauj valstij iedz\u012bvot\u0101jiem nodot svar\u012bgus pazi\u0146ojumus da\u017eu min\u016b\u0161u laik\u0101.<\/p>\n<p>VUGD skaidro, ka \u0161aj\u0101 dien\u0101 iedz\u012bvot\u0101jiem nav pamata uztraukties un nek\u0101da turpm\u0101k\u0101 r\u012bc\u012bba nav nepiecie\u0161ama, jo t\u0101 ir k\u0101rt\u0113j\u0101 trauksmes sir\u0113nu p\u0101rbaude un pirm\u0101 \u0161\u016bnu apraides sist\u0113mas darb\u012bbas p\u0101rbaude.<\/p>\n<p>Gad\u012bjumos, ja iedz\u012bvot\u0101ji iepriek\u0161 nav br\u012bdin\u0101ti par sir\u0113nu p\u0101rbaudi, ir j\u0101iesl\u0113dz Latvijas telev\u012bzijas kan\u0101ls LTV1, LTV7 vai Latvijas Radio inform\u0101cijas sa\u0146em\u0161anai par to iesl\u0113g\u0161anas iemeslu un nepiecie\u0161amo r\u012bc\u012bbu.<\/p>\n<p>VUGD ar\u012b aicina viesn\u012bcu administr\u0101ciju inform\u0113t savus \u0101rvalstu viesus par gaid\u0101mo trauksmes sir\u0113nu p\u0101rbaudi, lai nerastos lieki uztraukumi.<\/p>\n<p>Ukrainas civiliedz\u012bvot\u0101jiem, kuri atrodas Latvijas teritorij\u0101, mobilo sakaru operatoriem l\u016bgts nos\u016bt\u012bt SMS ar inform\u0101ciju, ka 26. novembr\u012b pl\u0101nota trauksmes sir\u0113nu p\u0101rbaude.<\/p>\n<p>Ikviens Latvijas iedz\u012bvot\u0101js, kuram ir viedt\u0101lrunis, aicin\u0101ts lejupiel\u0101d\u0113t un izmantot ar\u012b bezmaksas lietotni &#8220;112 Latvija&#8221;, kas sniedz iesp\u0113ju piezvan\u012bt vai nos\u016bt\u012bt \u012bszi\u0146u uz vienoto \u0101rk\u0101rtas pal\u012bdz\u012bbas izsaukumu numuru 112, sa\u0146emt pazi\u0146ojumus par iesp\u0113jamo apdraud\u0113jumu un uzzin\u0101t, k\u0101 r\u012bkoties da\u017e\u0101d\u0101s b\u012bstam\u0101s situ\u0101cij\u0101s.<\/p>\n","protected":false},"excerpt":{"rendered":"L\u012bdz 26. novembrim VUGD aicina iedz\u012bvot\u0101jus atjaunin\u0101t savu viedt\u0101lru\u0146u programmat\u016bru, jo tas ir b\u016btisks apst\u0101klis \u0161o pazi\u0146ojumu sa\u0146em\u0161anai.&hellip;\n","protected":false},"author":2,"featured_media":50367,"comment_status":"","ping_status":"","sticky":false,"template":"","format":"standard","meta":{"footnotes":""},"categories":[12],"tags":[23,28,29,32,33,22,30,31,35,39,38,36,37,34,40,20,26,27,13021,24,25,14953,14969,4909,4908,21],"class_list":{"0":"post-58920","1":"post","2":"type-post","3":"status-publish","4":"format-standard","5":"has-post-thumbnail","7":"category-latvija","8":"tag-aktualitates","9":"tag-breaking-news","10":"tag-breakingnews","11":"tag-featured-news","12":"tag-featurednews","13":"tag-headlines","14":"tag-latest-news","15":"tag-latestnews","16":"tag-latvia","17":"tag-latvian","18":"tag-latviesu","19":"tag-latviesu-valoda","20":"tag-latviesuvaloda","21":"tag-latvija","22":"tag-lv","23":"tag-news","24":"tag-popularakas-zinas","25":"tag-popularakaszinas","26":"tag-sunu-apraide","27":"tag-top-stories","28":"tag-topstories","29":"tag-trauksme","30":"tag-trauksmes-sirenas","31":"tag-valsts-ugunsdzesibas-un-glabsanas-dienests-vugd","32":"tag-vugd","33":"tag-zinas"},"share_on_mastodon":{"url":"https:\/\/pubeurope.com\/@lv\/115615429275775286","error":""},"_links":{"self":[{"href":"https:\/\/www.europesays.com\/lv\/wp-json\/wp\/v2\/posts\/58920","targetHints":{"allow":["GET"]}}],"collection":[{"href":"https:\/\/www.europesays.com\/lv\/wp-json\/wp\/v2\/posts"}],"about":[{"href":"https:\/\/www.europesays.com\/lv\/wp-json\/wp\/v2\/types\/post"}],"author":[{"embeddable":true,"href":"https:\/\/www.europesays.com\/lv\/wp-json\/wp\/v2\/users\/2"}],"replies":[{"embeddable":true,"href":"https:\/\/www.europesays.com\/lv\/wp-json\/wp\/v2\/comments?post=58920"}],"version-history":[{"count":0,"href":"https:\/\/www.europesays.com\/lv\/wp-json\/wp\/v2\/posts\/58920\/revisions"}],"wp:featuredmedia":[{"embeddable":true,"href":"https:\/\/www.europesays.com\/lv\/wp-json\/wp\/v2\/media\/50367"}],"wp:attachment":[{"href":"https:\/\/www.europesays.com\/lv\/wp-json\/wp\/v2\/media?parent=58920"}],"wp:term":[{"taxonomy":"category","embeddable":true,"href":"https:\/\/www.europesays.com\/lv\/wp-json\/wp\/v2\/categories?post=58920"},{"taxonomy":"post_tag","embeddable":true,"href":"https:\/\/www.europesays.com\/lv\/wp-json\/wp\/v2\/tags?post=58920"}],"curies":[{"name":"wp","href":"https:\/\/api.w.org\/{rel}","templated":true}]}}