{"id":58937,"date":"2025-11-26T10:15:10","date_gmt":"2025-11-26T10:15:10","guid":{"rendered":"https:\/\/www.europesays.com\/lv\/58937\/"},"modified":"2025-11-26T10:15:10","modified_gmt":"2025-11-26T10:15:10","slug":"sorit-zemgale-un-latgale-autoceli-vietam-apledo-tvnet","status":"publish","type":"post","link":"https:\/\/www.europesays.com\/lv\/58937\/","title":{"rendered":"\u0160or\u012bt Zemgal\u0113 un Latgal\u0113 autoce\u013ci viet\u0101m apledo &#8211; TVNET"},"content":{"rendered":"<ol>\n<li><a href=\"https:\/\/news.google.com\/rss\/articles\/CBMiggFBVV95cUxOWWtwN0NlYk16a1NVT08zaTU4TnNZaUh5OGRrWW1CR2hxRDlDQ3BsMjEwdlRHd0FpSjdiYVhrZmZaaE92ZndTdGJSWmp0ekpldVRaQ2RIX3pUNEFVVUd4bXhIczViRUNmVXJ3dmVkYmhjcmgwRWlGVzAwNHM5akdNZFRB?oc=5\" target=\"_blank\" rel=\"nofollow noopener\">\u0160or\u012bt Zemgal\u0113 un Latgal\u0113 autoce\u013ci viet\u0101m apledo<\/a>&nbsp;&nbsp;TVNET<\/li>\n<li><a href=\"https:\/\/news.google.com\/rss\/articles\/CBMihwFBVV95cUxNV0pwYmFfUVBCb1IzbTNzQUpVbFNHTG55V3czSEh0NGFqcHVlWW5yMjlnWFBCYUxodngzT3Qta1FVRmNXYkRjQm1mcF90VXMwNzVieWhiTGY4b3J4aUk0dmdna0ZlX09WcURHaS1YSUdqbXRaaURpY090ZzFMRFdla3lEbWZxY2c?oc=5\" target=\"_blank\" rel=\"nofollow noopener\">\u0160or\u012bt daudzviet Latvij\u0101 autoce\u013ci sniegoti un apledo<\/a>&nbsp;&nbsp;TVNET<\/li>\n<li><a href=\"https:\/\/news.google.com\/rss\/articles\/CBMisAFBVV95cUxQYmRVU2R2NTZrTEEzTGw1OG5SYk5zd0JMejdlbUVwQXBxcjl3Qzd0MmhuOThJNjRJYnlLUEgySE4yTEhJakY0YjVBLV9TOE12Uk9tdThVdzVkaHJ6SFRrb1M5QlE5QTY1UHgzZ0tOTExWb1FxSW0xMjRBM3VaY1cxbXU1SkwtVXJFVmVsM2NhWVNuQnBqT2VlVUszZkpkU3BuZEFtNDBnektabEdacjhjRw?oc=5\" target=\"_blank\" rel=\"nofollow noopener\">Apledojums daudzviet Latgal\u0113, Vidzem\u0113 un Zemgal\u0113 apgr\u016btina brauk\u0161anu<\/a>&nbsp;&nbsp;Delfi<\/li>\n<li><a href=\"https:\/\/news.google.com\/rss\/articles\/CBMisgFBVV95cUxPSWJqRThzYm4yM3FtN0xIZGVBNDRiWFFRUDQ3alp2V1pEeVpTaEdYV0NLMzhDYVVlLWRqcXFuSkJjXzBlanJkWDh1MTBZVVIwM1UwaHgyUS1xTlRxTV9HSFpxYkdwa1JXekJNNGdFWjJaemdRRGhLWkIxRU5OUmRqVEtOaEY0S3RZTFh6MlJzcnp3bWxjTnJMTUpRR0VIN053SlJ6M0I2bUJiQVg0N0N3VFZR?oc=5\" target=\"_blank\" rel=\"nofollow noopener\">\u0160or\u012bt apledoju\u0161i daudzi Latvijas autoce\u013ci &#8211; atovad\u012bt\u0101jiem j\u0101b\u016bt piesardz\u012bgiem<\/a>&nbsp;&nbsp;Jauns.lv<\/li>\n<li><a href=\"https:\/\/news.google.com\/rss\/articles\/CBMitwFBVV95cUxPaWNUbmxIb3d3aXpQNHM4R0dVdmwtbkVlcFYxRjc5d1p2b3VKM1dKNWJ5UWFHUWIwQzAwQ1o5SWNyYXFtOXVNQjN4b2FLTFFVUnJuY2ZjVFoxVlBnRndOUzRaRFdrSC1fOFdqcGhEY2pyU09qdFZNX19LU01zdUR1TG5LTlZxOEJaRkphMFpUNzRnMU5YbTlhMlFZRmw2dVVEMmI4cGhMSHd4XzkzYy1JWlZkdnBfQmc?oc=5\" target=\"_blank\" rel=\"nofollow noopener\">Atg\u0101din\u0101m: ziemas dro\u0161\u012bba atkar\u012bga gan no dienesta darba, gan iedz\u012bvot\u0101ju piesardz\u012bbas<\/a>&nbsp;&nbsp;Valmieras novada pa\u0161vald\u012bba<\/li>\n<\/ol>\n","protected":false},"excerpt":{"rendered":"\u0160or\u012bt Zemgal\u0113 un Latgal\u0113 autoce\u013ci viet\u0101m apledo&nbsp;&nbsp;TVNET \u0160or\u012bt daudzviet Latvij\u0101 autoce\u013ci sniegoti un apledo&nbsp;&nbsp;TVNET Apledojums daudzviet Latgal\u0113, Vidzem\u0113&hellip;\n","protected":false},"author":2,"featured_media":58938,"comment_status":"","ping_status":"","sticky":false,"template":"","format":"standard","meta":{"footnotes":""},"categories":[5],"tags":[23,28,29,32,33,22,30,31,35,39,38,36,37,34,2857,40,20,26,27,1529,1528,24,25,21],"class_list":{"0":"post-58937","1":"post","2":"type-post","3":"status-publish","4":"format-standard","5":"has-post-thumbnail","7":"category-aktualitates","8":"tag-aktualitates","9":"tag-breaking-news","10":"tag-breakingnews","11":"tag-featured-news","12":"tag-featurednews","13":"tag-headlines","14":"tag-latest-news","15":"tag-latestnews","16":"tag-latvia","17":"tag-latvian","18":"tag-latviesu","19":"tag-latviesu-valoda","20":"tag-latviesuvaloda","21":"tag-latvija","22":"tag-latvijas-valsts-celi","23":"tag-lv","24":"tag-news","25":"tag-popularakas-zinas","26":"tag-popularakaszinas","27":"tag-satiksme","28":"tag-satiksmes-drosiba","29":"tag-top-stories","30":"tag-topstories","31":"tag-zinas"},"share_on_mastodon":{"url":"https:\/\/pubeurope.com\/@lv\/115615480264877608","error":""},"_links":{"self":[{"href":"https:\/\/www.europesays.com\/lv\/wp-json\/wp\/v2\/posts\/58937","targetHints":{"allow":["GET"]}}],"collection":[{"href":"https:\/\/www.europesays.com\/lv\/wp-json\/wp\/v2\/posts"}],"about":[{"href":"https:\/\/www.europesays.com\/lv\/wp-json\/wp\/v2\/types\/post"}],"author":[{"embeddable":true,"href":"https:\/\/www.europesays.com\/lv\/wp-json\/wp\/v2\/users\/2"}],"replies":[{"embeddable":true,"href":"https:\/\/www.europesays.com\/lv\/wp-json\/wp\/v2\/comments?post=58937"}],"version-history":[{"count":0,"href":"https:\/\/www.europesays.com\/lv\/wp-json\/wp\/v2\/posts\/58937\/revisions"}],"wp:featuredmedia":[{"embeddable":true,"href":"https:\/\/www.europesays.com\/lv\/wp-json\/wp\/v2\/media\/58938"}],"wp:attachment":[{"href":"https:\/\/www.europesays.com\/lv\/wp-json\/wp\/v2\/media?parent=58937"}],"wp:term":[{"taxonomy":"category","embeddable":true,"href":"https:\/\/www.europesays.com\/lv\/wp-json\/wp\/v2\/categories?post=58937"},{"taxonomy":"post_tag","embeddable":true,"href":"https:\/\/www.europesays.com\/lv\/wp-json\/wp\/v2\/tags?post=58937"}],"curies":[{"name":"wp","href":"https:\/\/api.w.org\/{rel}","templated":true}]}}