{"id":58939,"date":"2025-11-26T10:16:29","date_gmt":"2025-11-26T10:16:29","guid":{"rendered":"https:\/\/www.europesays.com\/lv\/58939\/"},"modified":"2025-11-26T10:16:29","modified_gmt":"2025-11-26T10:16:29","slug":"viens-svarigs-noteikums-jaieklausas-sava-intuicija-astrologs-nak-klaja-ar-vedisko-prognozi-no-24-lidz-30-novembrim","status":"publish","type":"post","link":"https:\/\/www.europesays.com\/lv\/58939\/","title":{"rendered":"Viens svar\u012bgs noteikums &#8211; j\u0101ieklaus\u0101s sav\u0101 intu\u012bcij\u0101: astrologs n\u0101k klaj\u0101 ar v\u0113disko prognozi no 24. l\u012bdz 30. novembrim"},"content":{"rendered":"<p>        <img loading=\"lazy\" decoding=\"async\" class=\"lazy lazy-hidden size-full wp-image-200699\" src=\"data:image\/gif;base64,R0lGODlhAQABAIAAAAAAAP\/\/\/yH5BAEAAAAALAAAAAABAAEAAAIBRAA7\" data-lazy-type=\"image\" data-lazy-src=\"https:\/\/www.europesays.com\/lv\/wp-content\/uploads\/2025\/11\/Ekranuznemums-2025-08-20-204419.jpg\" alt=\"\" width=\"818\" height=\"609\" data-lazy- data-lazy-\/>Foto \u2013 Pixabay<\/p>\n<p>V\u0113diskais astrologs Juris Brok\u0101ns soci\u0101lajos t\u012bklos public\u0113jis astrolo\u0123isko prognozi, smalki aprakstot par to, kas katru no mums sagaida \u0161\u012bs ned\u0113\u013cas laik\u0101. Un k\u0101 \u0161\u012b ned\u0113\u013ca var ietekm\u0113t m\u016bsu n\u0101kotni.<\/p>\n<p>\u0160\u012b ned\u0113\u013ca nes sp\u0113c\u012bgu virz\u012bbu uz priek\u0161u \u2014 t\u0101du k\u0101 iek\u0161\u0113jo pav\u0113rsienu, kad beidzot vari sak\u0101rtot domas, sa\u0146emties un turpin\u0101t ce\u013cu, kur\u0161 jau sen aicin\u0101jis. Ener\u0123ija ir tie\u0161a, m\u0113r\u0137tiec\u012bga un \u013cauj \u0101tri atsperties gan praktiskos darbos, gan person\u012bg\u0101s iecer\u0113s.<\/p>\n<p>Materi\u0101laj\u0101 un praktiskaj\u0101 pl\u0101n\u0101 iesp\u0113jams k\u0101ds jauns pied\u0101v\u0101jums, iesp\u0113ja vai situ\u0101cija, kas dod stabil\u0101ku pamatu t\u0101l\u0101kai att\u012bst\u012bbai. Var just, ka viss saliekas pa viet\u0101m viegl\u0101k, nek\u0101 gaid\u012bts, un notikumi ieg\u016bst harmonisku pl\u016bdumu.<\/p>\n<p>Kopum\u0101 \u2014 \u012bpa\u0161i piem\u0113rots laiks, lai s\u0101ktu ko jaunu, spertu pirmo soli vai pavirz\u012btu uz priek\u0161u jau ies\u0101ktu procesu. Ener\u0123ijas ir atbalsto\u0161as, skaidras un v\u0113rstas uz rezult\u0101tu. Un j\u0101\u2026 nav j\u0101br\u012bn\u0101s, ja decembris izr\u0101d\u012bsies maig\u0101ks par novembri. \u0160ogad ziemas s\u0101kums n\u0101k ar silt\u0101ku, mier\u012bg\u0101ku noska\u0146u \u2014 maz\u0101k dr\u0101mas, vair\u0101k klusu, pat\u012bkamu p\u0101rsteigumu.<\/p>\n<p><img loading=\"lazy\" decoding=\"async\" class=\"lazy lazy-hidden size-full wp-image-209704\" src=\"data:image\/gif;base64,R0lGODlhAQABAIAAAAAAAP\/\/\/yH5BAEAAAAALAAAAAABAAEAAAIBRAA7\" data-lazy-type=\"image\" data-lazy-src=\"https:\/\/www.europesays.com\/lv\/wp-content\/uploads\/2025\/11\/Ekranuznemums-2025-10-03-160500.jpg\" alt=\"\" width=\"818\" height=\"552\" data-lazy- data-lazy-\/>Foto \u2013 Pixabay<\/p>\n<p>Sarunas k\u013c\u016bst mier\u012bg\u0101kas, valoda \u2014 diplom\u0101tiska un pl\u016bsto\u0161a. V\u0101rdi atrod vietu dabisk\u0101k, cilv\u0113ki viegl\u0101k sadzird viens otru. Domas ir \u0101tras un skaidras, viegli sal\u012bdzin\u0101t variantus un rast kompromisus. \u0160\u012b ener\u0123ija pal\u012bdz komunik\u0101cij\u0101, konsult\u0113\u0161an\u0101, ideju rad\u012b\u0161an\u0101 un profesion\u0101laj\u0101s sarun\u0101s. Var par\u0101d\u012bties v\u0113lme atsvaidzin\u0101t darba vidi vai izm\u0113\u0123in\u0101t ko jaunu.<\/p>\n<p>\n&#13;<br \/>\n&#13;<br \/>\n&#13;<br \/>\n&#13;<br \/>\nVIDEO: &#13;<br \/>\n &#13;<\/p>\n<p>Lasi v\u0113l:\u00a0<a style=\"color: #ff0000;\" href=\"https:\/\/dzentlmenis.lv\/kapec-sodien-uz-ielas-jaatrod-monetina-kas-ar-to-jadara-un-ko-tas-nozime-sencu-parazas-25-novembrim\/224513\/\" target=\"_blank\" rel=\"noopener nofollow\">K\u0101p\u0113c \u0161odien uz ielas j\u0101atrod mon\u0113ti\u0146a: kas ar to j\u0101dara un ko tas noz\u012bm\u0113 \u2013 sen\u010du para\u017eas 25. novembrim<\/a><\/p>\n<p>Ned\u0113\u013cas vid\u016b attiec\u012bb\u0101s ien\u0101k vair\u0101k kaisles un intensit\u0101tes. Gais\u0101 j\u016btama nosl\u0113pumain\u012bba, pievilk\u0161an\u0101s un dzi\u013c\u0101kas sarunas. Sirds vairs negrib virspus\u012bbu \u2014 t\u0101 mekl\u0113 \u012bstumu, patiesumu un tuv\u012bbu. Zem mier\u012bgas \u0101rienes var sl\u0113pties sp\u0113c\u012bga emocionalit\u0101te un intu\u012bcija, v\u0113lme izprast otra b\u016bt\u012bbu. Attiec\u012bb\u0101s iesp\u0113jama intriga, neliela spriedze un liela magn\u0113tisms.<\/p>\n<p><img loading=\"lazy\" decoding=\"async\" class=\"lazy lazy-hidden size-full wp-image-207768\" src=\"data:image\/gif;base64,R0lGODlhAQABAIAAAAAAAP\/\/\/yH5BAEAAAAALAAAAAABAAEAAAIBRAA7\" data-lazy-type=\"image\" data-lazy-src=\"https:\/\/www.europesays.com\/lv\/wp-content\/uploads\/2025\/09\/night-4214227_1280.jpg\" alt=\"\" width=\"818\" height=\"429\" data-lazy- data-lazy-\/>Foto \u2013 Pixabay<br \/>\nSvar\u012bgi datumi<br \/>\n28. novembris: nosl\u0113dzas Saturna retrogr\u0101ds<\/p>\n<p>Maz\u0101k p\u0101rbaud\u012bjumu, maz\u0101k dz\u012bves \u201ceks\u0101menu\u201d, vair\u0101k stabilas virz\u012bbas uz priek\u0161u. \u010cetri m\u0113ne\u0161i bija intens\u012bvi \u2014 un m\u0113s tik\u0101m cauri sveik\u0101. Tagad ener\u0123ija k\u013c\u016bst j\u016btami viegl\u0101ka.<\/p>\n<p>29. novembris: beidzas Merkura retrogr\u0101ds<\/p>\n<p>Dom\u0101s atgrie\u017eas skaidr\u012bba, sarunas rit glud\u0101k, pl\u0101ni p\u0101rst\u0101j brukt, un saj\u016bta ir t\u0101da, it k\u0101 galv\u0101 atkal iesl\u0113gtos Wi-Fi. Teikumi atkal s\u0101kas ar p\u0101rliec\u012bbu.<\/p>\n<p>30. novembris: pirm\u0101 Advente<\/p>\n<p>Lai Pirm\u0101 advente ien\u0101k ar mieru, gaismu un klusumu, kas sasilda gan sirdi, gan domas. Lai sveces liesma atg\u0101dina \u2014 pat tum\u0161\u0101kaj\u0101 laik\u0101 ir ce\u013c\u0161 uz gaismu, un katrs mazs solis ir v\u0113rt\u012bgs. Lai tev iek\u0161\u0113js miers, cer\u012bba un tic\u012bba labajam, kas v\u0113l tikai n\u0101k.<\/p>\n<p><img loading=\"lazy\" decoding=\"async\" class=\"lazy lazy-hidden size-full wp-image-216304\" src=\"data:image\/gif;base64,R0lGODlhAQABAIAAAAAAAP\/\/\/yH5BAEAAAAALAAAAAABAAEAAAIBRAA7\" data-lazy-type=\"image\" data-lazy-src=\"https:\/\/www.europesays.com\/lv\/wp-content\/uploads\/2025\/10\/hourglass-6809119_1280.jpg\" alt=\"\" width=\"818\" height=\"545\" data-lazy- data-lazy-\/>Foto \u2013 Pixabay<br \/>\nPadoms ned\u0113\u013cai no 24. l\u012bdz 30. novembrim<\/p>\n<p>Ja \u0161oned\u0113\u013c par\u0101d\u0101s k\u0101da jauna ideja, tik\u0161an\u0101s, k\u0101da iesp\u0113ja vai virziena mai\u0146a \u2014 piev\u0113rs uzman\u012bbu saj\u016bt\u0101m. Ja iek\u0161\u0101 ir miers, vieglums un saj\u016bta \u201cj\u0101, \u0161is ir pareizi\u201d, tad dro\u0161i dodies taj\u0101 virzien\u0101. Intu\u012bcija \u0161obr\u012bd str\u0101d\u0101 \u013coti prec\u012bzi.<\/p>\n<p>Taj\u0101 pa\u0161\u0101 laik\u0101 \u2014 saglab\u0101 l\u012bdzsvaru. Nelec iek\u0161\u0101 tikai t\u0101p\u0113c, ka kaut kas \u201cjauns\u201d ir par\u0101d\u012bjies. Svar\u012bgi, lai sirds un pr\u0101ts iet vien\u0101 ritm\u0101. Ja j\u016bti dabisku pl\u016bdumu un iek\u0161\u0113ju mieru, zini \u2014 tas ir pareizais ce\u013c\u0161.<\/p>\n","protected":false},"excerpt":{"rendered":"Foto \u2013 Pixabay V\u0113diskais astrologs Juris Brok\u0101ns soci\u0101lajos t\u012bklos public\u0113jis astrolo\u0123isko prognozi, smalki aprakstot par to, kas katru&hellip;\n","protected":false},"author":2,"featured_media":58940,"comment_status":"","ping_status":"","sticky":false,"template":"","format":"standard","meta":{"footnotes":""},"categories":[19],"tags":[15713,89,90,15714,35,39,38,36,37,34,40,1657],"class_list":{"0":"post-58939","1":"post","2":"type-post","3":"status-publish","4":"format-standard","5":"has-post-thumbnail","7":"category-izklaide","8":"tag-astrologs","9":"tag-entertainment","10":"tag-izklaide","11":"tag-juris-brokans","12":"tag-latvia","13":"tag-latvian","14":"tag-latviesu","15":"tag-latviesu-valoda","16":"tag-latviesuvaloda","17":"tag-latvija","18":"tag-lv","19":"tag-zvaigznu-prognoze"},"share_on_mastodon":{"url":"https:\/\/pubeurope.com\/@lv\/115615484125179333","error":""},"_links":{"self":[{"href":"https:\/\/www.europesays.com\/lv\/wp-json\/wp\/v2\/posts\/58939","targetHints":{"allow":["GET"]}}],"collection":[{"href":"https:\/\/www.europesays.com\/lv\/wp-json\/wp\/v2\/posts"}],"about":[{"href":"https:\/\/www.europesays.com\/lv\/wp-json\/wp\/v2\/types\/post"}],"author":[{"embeddable":true,"href":"https:\/\/www.europesays.com\/lv\/wp-json\/wp\/v2\/users\/2"}],"replies":[{"embeddable":true,"href":"https:\/\/www.europesays.com\/lv\/wp-json\/wp\/v2\/comments?post=58939"}],"version-history":[{"count":0,"href":"https:\/\/www.europesays.com\/lv\/wp-json\/wp\/v2\/posts\/58939\/revisions"}],"wp:featuredmedia":[{"embeddable":true,"href":"https:\/\/www.europesays.com\/lv\/wp-json\/wp\/v2\/media\/58940"}],"wp:attachment":[{"href":"https:\/\/www.europesays.com\/lv\/wp-json\/wp\/v2\/media?parent=58939"}],"wp:term":[{"taxonomy":"category","embeddable":true,"href":"https:\/\/www.europesays.com\/lv\/wp-json\/wp\/v2\/categories?post=58939"},{"taxonomy":"post_tag","embeddable":true,"href":"https:\/\/www.europesays.com\/lv\/wp-json\/wp\/v2\/tags?post=58939"}],"curies":[{"name":"wp","href":"https:\/\/api.w.org\/{rel}","templated":true}]}}