{"id":58944,"date":"2025-11-26T10:21:21","date_gmt":"2025-11-26T10:21:21","guid":{"rendered":"https:\/\/www.europesays.com\/lv\/58944\/"},"modified":"2025-11-26T10:21:21","modified_gmt":"2025-11-26T10:21:21","slug":"nedelas-nogale-uz-latvijas-celiem-tris-bojagajusie-16-cietusi-lente-lv","status":"publish","type":"post","link":"https:\/\/www.europesays.com\/lv\/58944\/","title":{"rendered":"Ned\u0113\u013cas nogal\u0113 uz Latvijas ce\u013ciem tr\u012bs boj\u0101g\u0101ju\u0161ie, 16 cietu\u0161i\u00a0\u2014\u00a0Lente.lv"},"content":{"rendered":"<p>Tragedi\u0101ja uz Latvijas ce\u013ciem: ned\u0113\u013cas nogale pras\u012bjusi vair\u0101ku cilv\u0113ku dz\u012bv\u012bbas<\/p>\n<p>Aizvad\u012bt\u0101 diennakts Latvijas ce\u013cus diem\u017e\u0113l ir iez\u012bm\u0113jusi ar tra\u0123isku notikumu virkni. Valsts policijas apkopot\u0101 operat\u012bv\u0101 inform\u0101cija liecina, ka tr\u012bs cilv\u0113ki ir zaud\u0113ju\u0161i dz\u012bv\u012bbu ce\u013cu satiksmes negad\u012bjumos, savuk\u0101rt v\u0113l 16 personas guvu\u0161as da\u017e\u0101das traumas. \u0160is statistikas r\u0101d\u012bt\u0101js ir ne vien skumj\u0161 atg\u0101din\u0101jums par satiksmes dro\u0161\u012bbas noz\u012bmi, bet ar\u012b mudina uz dzi\u013c\u0101ku anal\u012bzi par c\u0113lo\u0146iem, kas noved pie \u0161\u0101diem likten\u012bgiem incidentiem.<\/p>\n<p>Negad\u012bjumu anal\u012bze un iesp\u0113jamie c\u0113lo\u0146i<\/p>\n<p>Lai gan prec\u012bzi negad\u012bjumu apst\u0101k\u013ci v\u0113l tiek skaidroti, statistika nereti nor\u0101da uz vair\u0101kiem atk\u0101rtotiem faktoriem. Piem\u0113ram, nepietiekama uzman\u012bba, at\u013caut\u0101 brauk\u0161anas \u0101truma p\u0101rsnieg\u0161ana, agres\u012bva brauk\u0161ana, k\u0101 ar\u012b alkohola vai citu apreibino\u0161u vielu ietekm\u0113 vad\u012bti transportl\u012bdzek\u013ci joproj\u0101m ir starp galvenajiem iemesliem, kas izraisa posto\u0161as sekas. Ar\u012b ce\u013cu st\u0101voklis un laikapst\u0101k\u013ci, \u012bpa\u0161i ziemas m\u0113ne\u0161os, var b\u016btiski ietekm\u0113t brauk\u0161anas apst\u0101k\u013cus un palielin\u0101t negad\u012bjumu risku. \u0160oreiz \u0161is skaitlis ir \u012bpa\u0161i satrauco\u0161s, jo tas nor\u0101da uz vienas ned\u0113\u013cas nogales dr\u016bmaj\u0101m sek\u0101m.<\/p>\n<p>Sabiedr\u012bbas loma un atbild\u012bba<\/p>\n<p>Katrs ce\u013cu satiksmes dal\u012bbnieks \u2013 gan autovad\u012bt\u0101js, gan g\u0101j\u0113js, gan velosip\u0113dists \u2013 ir atbild\u012bgs par savu un apk\u0101rt\u0113jo dro\u0161\u012bbu. Ir svar\u012bgi vienm\u0113r b\u016bt modriem, iev\u0113rot noteikumus un atcer\u0113ties, ka katrs p\u0101rgalv\u012bgs manevrs vai mirklis neuzman\u012bbas var rad\u012bt neatgriezeniskas sekas. Diem\u017e\u0113l \u0161ie tr\u012bs boj\u0101g\u0101ju\u0161ie ir spo\u017es piem\u0113rs tam, ka m\u016bsu r\u012bc\u012bbai uz ce\u013ca ir milz\u012bga noz\u012bme. Vai sp\u0113sim no \u0161\u012bm tra\u0123\u0113dij\u0101m m\u0101c\u012bties un main\u012bt savu uzved\u012bbu, lai n\u0101kotn\u0113 nov\u0113rstu l\u012bdz\u012bgus nelaimes gad\u012bjumus?<\/p>\n<p>Dro\u0161\u012bbas pas\u0101kumi un prevent\u012bv\u0101s kampa\u0146as<\/p>\n<p>Valsts policija un citas atbild\u012bg\u0101s instit\u016bcijas past\u0101v\u012bgi str\u0101d\u0101 pie satiksmes dro\u0161\u012bbas uzlabo\u0161anas, tom\u0113r efekt\u012bva dro\u0161\u012bbas kult\u016bras veido\u0161ana prasa visu sabiedr\u012bbas locek\u013cu iesaisti. Regul\u0101ras prevent\u012bv\u0101s kampa\u0146as, izgl\u012btojo\u0161i pas\u0101kumi skol\u0101s un autovad\u012bt\u0101ju apm\u0101c\u012bbas ir b\u016btiskas, lai veicin\u0101tu izpratni par riskiem un mudin\u0101tu uz atbild\u012bg\u0101ku r\u012bc\u012bbu. Ar\u012b autovad\u012bt\u0101jiem ir j\u0101apzin\u0101s, ka dro\u0161\u012bbas jostas lieto\u0161ana, atbilsto\u0161a brauk\u0161anas \u0101truma izv\u0113le un pilnv\u0113rt\u012bgs atp\u016btas nodro\u0161in\u0101jums pirms do\u0161an\u0101s ce\u013c\u0101 ir nevis formalit\u0101te, bet gan dz\u012bv\u012bbas gl\u0101b\u0161anas pas\u0101kumi.<\/p>\n<p>Aicin\u0101jums un n\u0101kotnes perspekt\u012bvas<\/p>\n<p>\u0160ie 16 ievainotie ir n\u0101kamais br\u012bdin\u0101jums. Da\u017ei no vi\u0146iem, iesp\u0113jams, saskarsies ar ilgtermi\u0146a sek\u0101m un atvese\u013co\u0161an\u0101s procesiem. M\u016bsu l\u012bdzj\u016bt\u012bba vi\u0146u \u0123imen\u0113m un tuviniekiem. Lai \u0161\u012bs skumj\u0101s zi\u0146as kalpotu k\u0101 sp\u0113c\u012bgs impulss ikvienam no mums apzin\u0101ties savu atbild\u012bbu uz ce\u013ca un r\u016bp\u0113ties par satiksmes dro\u0161\u012bbu ne tikai \u0161aj\u0101s dien\u0101s, bet ik dienas. T\u0101 ir m\u016bsu kop\u0113j\u0101 r\u016bpe, lai Latvijas ce\u013ci k\u013c\u016btu dro\u0161\u0101ki visiem.<\/p>\n","protected":false},"excerpt":{"rendered":"Tragedi\u0101ja uz Latvijas ce\u013ciem: ned\u0113\u013cas nogale pras\u012bjusi vair\u0101ku cilv\u0113ku dz\u012bv\u012bbas Aizvad\u012bt\u0101 diennakts Latvijas ce\u013cus diem\u017e\u0113l ir iez\u012bm\u0113jusi ar&hellip;\n","protected":false},"author":2,"featured_media":58945,"comment_status":"","ping_status":"","sticky":false,"template":"","format":"standard","meta":{"footnotes":""},"categories":[5],"tags":[23,15716,28,29,119,32,33,22,30,31,35,39,38,36,37,34,40,13566,20,26,27,1528,24,25,21],"class_list":{"0":"post-58944","1":"post","2":"type-post","3":"status-publish","4":"format-standard","5":"has-post-thumbnail","7":"category-aktualitates","8":"tag-aktualitates","9":"tag-bolagajusie","10":"tag-breaking-news","11":"tag-breakingnews","12":"tag-celu-satiksmes-negadijumi","13":"tag-featured-news","14":"tag-featurednews","15":"tag-headlines","16":"tag-latest-news","17":"tag-latestnews","18":"tag-latvia","19":"tag-latvian","20":"tag-latviesu","21":"tag-latviesu-valoda","22":"tag-latviesuvaloda","23":"tag-latvija","24":"tag-lv","25":"tag-negadijumi","26":"tag-news","27":"tag-popularakas-zinas","28":"tag-popularakaszinas","29":"tag-satiksmes-drosiba","30":"tag-top-stories","31":"tag-topstories","32":"tag-zinas"},"share_on_mastodon":{"url":"https:\/\/pubeurope.com\/@lv\/115615503792296891","error":""},"_links":{"self":[{"href":"https:\/\/www.europesays.com\/lv\/wp-json\/wp\/v2\/posts\/58944","targetHints":{"allow":["GET"]}}],"collection":[{"href":"https:\/\/www.europesays.com\/lv\/wp-json\/wp\/v2\/posts"}],"about":[{"href":"https:\/\/www.europesays.com\/lv\/wp-json\/wp\/v2\/types\/post"}],"author":[{"embeddable":true,"href":"https:\/\/www.europesays.com\/lv\/wp-json\/wp\/v2\/users\/2"}],"replies":[{"embeddable":true,"href":"https:\/\/www.europesays.com\/lv\/wp-json\/wp\/v2\/comments?post=58944"}],"version-history":[{"count":0,"href":"https:\/\/www.europesays.com\/lv\/wp-json\/wp\/v2\/posts\/58944\/revisions"}],"wp:featuredmedia":[{"embeddable":true,"href":"https:\/\/www.europesays.com\/lv\/wp-json\/wp\/v2\/media\/58945"}],"wp:attachment":[{"href":"https:\/\/www.europesays.com\/lv\/wp-json\/wp\/v2\/media?parent=58944"}],"wp:term":[{"taxonomy":"category","embeddable":true,"href":"https:\/\/www.europesays.com\/lv\/wp-json\/wp\/v2\/categories?post=58944"},{"taxonomy":"post_tag","embeddable":true,"href":"https:\/\/www.europesays.com\/lv\/wp-json\/wp\/v2\/tags?post=58944"}],"curies":[{"name":"wp","href":"https:\/\/api.w.org\/{rel}","templated":true}]}}