{"id":58946,"date":"2025-11-26T10:22:10","date_gmt":"2025-11-26T10:22:10","guid":{"rendered":"https:\/\/www.europesays.com\/lv\/58946\/"},"modified":"2025-11-26T10:22:10","modified_gmt":"2025-11-26T10:22:10","slug":"maija-doveika-atklaj-aktiera-profesijas-tumso-pusi","status":"publish","type":"post","link":"https:\/\/www.europesays.com\/lv\/58946\/","title":{"rendered":"Maija Doveika atkl\u0101j aktiera profesijas tum\u0161o pusi"},"content":{"rendered":"<p>Maija \u017eurn\u0101lam atkl\u0101ti st\u0101sta, ka aktiera darbs ir fiziski un emocion\u0101li \u013coti smags. Izr\u0101des nevar atcelt tikai t\u0101p\u0113c, ka k\u0101ds saslimis. Vi\u0146a pati reiz sp\u0113l\u0113jusi galveno lomu ar vair\u0101k nek\u0101 38 gr\u0101du temperat\u016bru.<\/p>\n<blockquote class=\"quote ck-widget\" contenteditable=\"false\">\n<p>&#8220;Sp\u0113l\u0113jot jutu, k\u0101 mani burtiski dedzina,&#8221; vi\u0146a atminas. &#8220;Bet izr\u0101de ir j\u0101izsp\u0113l\u0113.&#8221; Tikai p\u0113c tam, m\u0101j\u0101s izm\u0113rot temperat\u016bru, sapratusi, ka ir nopietni slima.<\/p>\n<\/blockquote>\n<p>Aktrise nor\u0101da &#8211; ir viegli non\u0101kt situ\u0101cij\u0101, kur darbs k\u013c\u016bst par galveno dz\u012bves asi, bet cilv\u0113cisk\u0101 ikdiena aizsl\u012bd otraj\u0101 pl\u0101n\u0101.<\/p>\n<p>&#8220;Viena ir skatuve, darbs, intens\u012bvais ritms. Otra \u2013 m\u0101jas, b\u0113rni, \u0123imene. \u0160\u012bs pasaules ir j\u0101sp\u0113j savienot, un tas ne vienm\u0113r ir vienk\u0101r\u0161i,&#8221; st\u0101sta Maija.<\/p>\n<p>Vi\u0146a turpina: &#8216;No malas aktiera dz\u012bve var \u0161\u0137ist skaista, aizraujo\u0161a un pilna notikumu. Ta\u010du realit\u0101t\u0113 t\u0101 noz\u012bm\u0113 darbu vakaros, darbu br\u012bvdien\u0101s, b\u0113rnus, kas bie\u017ei dodas gul\u0113t bez vec\u0101kiem, agrus r\u012btus p\u0113c v\u0113liem vakariem, attiec\u012bbu p\u0101rbaud\u012bjumus, lielu fizisku un emocion\u0101lu slodzi.&#8221;<\/p>\n<p><img decoding=\"async\" class=\"figure__image\" onclick=\"triggerEvent('articleImageClick', { id: 15112134, focus: 'single-image', focusIndex: '15112134' })\" onkeydown=\"if (event.key === 'Enter') {&#10;        triggerEvent('articleImageClick', { id: 15112134, focus: 'single-image', focusIndex: '15112134' })&#10;        }\" role=\"button\" tabindex=\"0\" data-focus-from=\"single-image\" data-focus-index=\"15112134\" src=\"https:\/\/www.europesays.com\/lv\/wp-content\/uploads\/2025\/11\/15112134t1hf973.jpg\" onload=\"this.parentElement.classList.remove('figure__image-loading')\" alt=\"Aktrise Maija Doveika\"\/>Aktrise Maija Doveika Foto: Paula \u010curkste\/LETA<\/p>\n<p>Ikdiena ir smags darbs, ko nereti n\u0101kas piel\u0101got \u0123imenei un priv\u0101tajai dz\u012bvei. Maijai \u0161o l\u012bdzsvaru ir izdevies atrast, ta\u010du vi\u0146a nesl\u0113pj &#8211;<\/p>\n<blockquote class=\"quote ck-widget\" contenteditable=\"false\">\n<p>ir kol\u0113\u0123es, kuras, zaud\u0113jot darbu te\u0101tr\u012b, v\u0113l\u0101k atzinu\u0161as, ka tas paties\u012bb\u0101 bijis lab\u0101kais, kas ar vi\u0146\u0101m var\u0113jis notikt, jo cit\u0101di vi\u0146as, iesp\u0113jams, nekad nepiedz\u012bvotu \u0123imenes dz\u012bvi.<\/p>\n<\/blockquote>\n<p>Vair\u0101k lasi \u017eurn\u0101la &#8220;Kas Jauns&#8221; 25. novembra numur\u0101!<\/p>\n","protected":false},"excerpt":{"rendered":"Maija \u017eurn\u0101lam atkl\u0101ti st\u0101sta, ka aktiera darbs ir fiziski un emocion\u0101li \u013coti smags. Izr\u0101des nevar atcelt tikai t\u0101p\u0113c,&hellip;\n","protected":false},"author":2,"featured_media":58947,"comment_status":"","ping_status":"","sticky":false,"template":"","format":"standard","meta":{"footnotes":""},"categories":[19],"tags":[89,90,35,39,38,36,37,34,40,6568,6020],"class_list":{"0":"post-58946","1":"post","2":"type-post","3":"status-publish","4":"format-standard","5":"has-post-thumbnail","7":"category-izklaide","8":"tag-entertainment","9":"tag-izklaide","10":"tag-latvia","11":"tag-latvian","12":"tag-latviesu","13":"tag-latviesu-valoda","14":"tag-latviesuvaloda","15":"tag-latvija","16":"tag-lv","17":"tag-maija-doveika","18":"tag-spelmanu-nakts"},"share_on_mastodon":{"url":"https:\/\/pubeurope.com\/@lv\/115615507684705272","error":""},"_links":{"self":[{"href":"https:\/\/www.europesays.com\/lv\/wp-json\/wp\/v2\/posts\/58946","targetHints":{"allow":["GET"]}}],"collection":[{"href":"https:\/\/www.europesays.com\/lv\/wp-json\/wp\/v2\/posts"}],"about":[{"href":"https:\/\/www.europesays.com\/lv\/wp-json\/wp\/v2\/types\/post"}],"author":[{"embeddable":true,"href":"https:\/\/www.europesays.com\/lv\/wp-json\/wp\/v2\/users\/2"}],"replies":[{"embeddable":true,"href":"https:\/\/www.europesays.com\/lv\/wp-json\/wp\/v2\/comments?post=58946"}],"version-history":[{"count":0,"href":"https:\/\/www.europesays.com\/lv\/wp-json\/wp\/v2\/posts\/58946\/revisions"}],"wp:featuredmedia":[{"embeddable":true,"href":"https:\/\/www.europesays.com\/lv\/wp-json\/wp\/v2\/media\/58947"}],"wp:attachment":[{"href":"https:\/\/www.europesays.com\/lv\/wp-json\/wp\/v2\/media?parent=58946"}],"wp:term":[{"taxonomy":"category","embeddable":true,"href":"https:\/\/www.europesays.com\/lv\/wp-json\/wp\/v2\/categories?post=58946"},{"taxonomy":"post_tag","embeddable":true,"href":"https:\/\/www.europesays.com\/lv\/wp-json\/wp\/v2\/tags?post=58946"}],"curies":[{"name":"wp","href":"https:\/\/api.w.org\/{rel}","templated":true}]}}