{"id":58949,"date":"2025-11-26T10:27:08","date_gmt":"2025-11-26T10:27:08","guid":{"rendered":"https:\/\/www.europesays.com\/lv\/58949\/"},"modified":"2025-11-26T10:27:08","modified_gmt":"2025-11-26T10:27:08","slug":"traumu-del-notikusas-divas-izmainas-latvijas-izlases-kandidatu-loka","status":"publish","type":"post","link":"https:\/\/www.europesays.com\/lv\/58949\/","title":{"rendered":"Traumu d\u0113\u013c notiku\u0161as divas izmai\u0146as Latvijas izlases kandid\u0101tu lok\u0101"},"content":{"rendered":"<p>Latvie\u0161i c\u012b\u0146u par ce\u013caz\u012bmi uz Katar\u0101 paredz\u0113to Pasaules kausa izc\u012b\u0146as fin\u0101lturn\u012bru s\u0101ks kvalifik\u0101cijas Eiropas zonas F grup\u0101, pa div\u0101m reiz\u0113m sacen\u0161oties ar N\u012bderlandes, Polijas un Austrijas komand\u0101m.<\/p>\n<p>F grupas tr\u012bs lab\u0101k\u0101s komandas, \u0146emot l\u012bdzi visu sp\u0113\u013cu rezult\u0101tus, otraj\u0101 posm\u0101 apvienosies ar E grupas (V\u0101cija, Horv\u0101tija, Izra\u0113la, Kipra) lab\u0101ko trijnieku. Tr\u012bs lab\u0101k\u0101s komandas ieg\u016bs ties\u012bbas sp\u0113l\u0113t Pasaules kausa fin\u0101lturn\u012br\u0101.<\/p>\n<p>Latvijas v\u012brie\u0161u basketbola izlases kandid\u0101ti:<\/p>\n<p>Adrians And\u017eevs, Dairis Bert\u0101ns, Kristaps \u0136ilps (visi &#8211; &#8220;VEF R\u012bga&#8221;), Roberts Blumbergs (Izmiras &#8220;Petkim Spor&#8221;, Turcija), Mareks Mejeris (Lielpolijas Ostruvas &#8220;Stal&#8221;, Polija), Kl\u0101vs \u010cavars (Baku &#8220;Sabah&#8221;, Azerbaid\u017e\u0101na), Rihards Loma\u017es (Klaip\u0113das &#8220;Nept\u016bnas&#8221;, Lietuva), Ri\u010dards Aizpurs (&#8220;Stella Azzurra&#8221;, It\u0101lija), M\u0101rcis \u0160teinbergs (Manrezas &#8220;Baxi&#8221;, Sp\u0101nija), An\u017eejs Pase\u010d\u0146iks (&#8220;Lioneers&#8221;, Taiv\u0101na), Toms Skuja (Ludvigsburgas &#8220;Riesen&#8221;, V\u0101cija), Toms Leimanis (bez kluba), Art\u016brs Kurucs (Lugo &#8220;Rio Breogan&#8221;, Sp\u0101nija), Rodijs Ma\u010doha (&#8220;R\u012bgas ze\u013c\u013ci&#8221;), Anrijs Mi\u0161ka (Tallinas &#8220;Kalev&#8221;\/&#8221;Cramo&#8221;, Igaunija).<\/p>\n","protected":false},"excerpt":{"rendered":"Latvie\u0161i c\u012b\u0146u par ce\u013caz\u012bmi uz Katar\u0101 paredz\u0113to Pasaules kausa izc\u012b\u0146as fin\u0101lturn\u012bru s\u0101ks kvalifik\u0101cijas Eiropas zonas F grup\u0101, pa&hellip;\n","protected":false},"author":2,"featured_media":58950,"comment_status":"","ping_status":"","sticky":false,"template":"","format":"standard","meta":{"footnotes":""},"categories":[5],"tags":[23,145,144,1098,28,29,32,33,22,30,31,35,39,38,36,37,34,225,40,20,11729,26,27,24,25,21],"class_list":{"0":"post-58949","1":"post","2":"type-post","3":"status-publish","4":"format-standard","5":"has-post-thumbnail","7":"category-aktualitates","8":"tag-aktualitates","9":"tag-basketbols","10":"tag-basketbols-latvija","11":"tag-basketbols-pasaule","12":"tag-breaking-news","13":"tag-breakingnews","14":"tag-featured-news","15":"tag-featurednews","16":"tag-headlines","17":"tag-latest-news","18":"tag-latestnews","19":"tag-latvia","20":"tag-latvian","21":"tag-latviesu","22":"tag-latviesu-valoda","23":"tag-latviesuvaloda","24":"tag-latvija","25":"tag-latvijas-basketbola-izlase","26":"tag-lv","27":"tag-news","28":"tag-pasaules-kauss-basketbola","29":"tag-popularakas-zinas","30":"tag-popularakaszinas","31":"tag-top-stories","32":"tag-topstories","33":"tag-zinas"},"share_on_mastodon":{"url":"https:\/\/pubeurope.com\/@lv\/115615527243162679","error":""},"_links":{"self":[{"href":"https:\/\/www.europesays.com\/lv\/wp-json\/wp\/v2\/posts\/58949","targetHints":{"allow":["GET"]}}],"collection":[{"href":"https:\/\/www.europesays.com\/lv\/wp-json\/wp\/v2\/posts"}],"about":[{"href":"https:\/\/www.europesays.com\/lv\/wp-json\/wp\/v2\/types\/post"}],"author":[{"embeddable":true,"href":"https:\/\/www.europesays.com\/lv\/wp-json\/wp\/v2\/users\/2"}],"replies":[{"embeddable":true,"href":"https:\/\/www.europesays.com\/lv\/wp-json\/wp\/v2\/comments?post=58949"}],"version-history":[{"count":0,"href":"https:\/\/www.europesays.com\/lv\/wp-json\/wp\/v2\/posts\/58949\/revisions"}],"wp:featuredmedia":[{"embeddable":true,"href":"https:\/\/www.europesays.com\/lv\/wp-json\/wp\/v2\/media\/58950"}],"wp:attachment":[{"href":"https:\/\/www.europesays.com\/lv\/wp-json\/wp\/v2\/media?parent=58949"}],"wp:term":[{"taxonomy":"category","embeddable":true,"href":"https:\/\/www.europesays.com\/lv\/wp-json\/wp\/v2\/categories?post=58949"},{"taxonomy":"post_tag","embeddable":true,"href":"https:\/\/www.europesays.com\/lv\/wp-json\/wp\/v2\/tags?post=58949"}],"curies":[{"name":"wp","href":"https:\/\/api.w.org\/{rel}","templated":true}]}}