{"id":58953,"date":"2025-11-26T10:31:08","date_gmt":"2025-11-26T10:31:08","guid":{"rendered":"https:\/\/www.europesays.com\/lv\/58953\/"},"modified":"2025-11-26T10:31:08","modified_gmt":"2025-11-26T10:31:08","slug":"australija-tiesa-apstrid-socialo-mediju-aizliegumu-berniem","status":"publish","type":"post","link":"https:\/\/www.europesays.com\/lv\/58953\/","title":{"rendered":"Austr\u0101lij\u0101 ties\u0101 apstr\u012bd soci\u0101lo mediju aizliegumu b\u0113rniem"},"content":{"rendered":"<p>No 10. decembra <a href=\"https:\/\/www.tvnet.lv\/term\/555414\/australija\" class=\"topicLink\" target=\"_blank\" rel=\"nofollow noopener\">Austr\u0101lija<\/a> liks soci\u0101lajiem t\u012bkliem, ar\u012b &#8220;Facebook&#8221;, &#8220;Instagram&#8221; un &#8220;TikTok&#8221;, dz\u0113st par 16 gadiem jaun\u0101ku lietot\u0101ju profilus, pret\u0113j\u0101 gad\u012bjum\u0101 tiem tiks uzlikti lieli naudas sodi.<\/p>\n<p>Organiz\u0101cija &#8220;Digital Freedom Project&#8221; pazi\u0146oja, ka ir apstr\u012bd\u0113jusi \u0161os likumus Austr\u0101lijas Augst\u0101kaj\u0101 ties\u0101.<\/p>\n<p>&#8220;\u0160is aizliegums ir tie\u0161s uzbrukums jaunie\u0161u ties\u012bb\u0101m uz politisk\u0101s sazi\u0146as br\u012bv\u012bbu,&#8221; teikts &#8220;Digital Freedom Project&#8221; pazi\u0146ojum\u0101.<\/p>\n<p>Organiz\u0101cija nor\u0101d\u012bja, ka t\u0101 kop\u0101 ar diviem 15 gadus veciem jaunie\u0161iem iesniegusi pras\u012bbu ties\u0101, lai p\u0101rst\u0101v\u0113tu miljoniem Austr\u0101lijas jaunie\u0161u, kas zaud\u0113s piek\u013cuvi publiskaj\u0101m debat\u0113m.<\/p>\n<p>T\u0101 k\u0101 regulatori vis\u0101 pasaul\u0113 c\u012bn\u0101s ar soci\u0101lo mediju rad\u012btajiem draudiem, v\u0113rojama liela interese par to, vai Austr\u0101lijas pla\u0161ie ierobe\u017eojumi str\u0101d\u0101s.<\/p>\n","protected":false},"excerpt":{"rendered":"No 10. decembra Austr\u0101lija liks soci\u0101lajiem t\u012bkliem, ar\u012b &#8220;Facebook&#8221;, &#8220;Instagram&#8221; un &#8220;TikTok&#8221;, dz\u0113st par 16 gadiem jaun\u0101ku lietot\u0101ju&hellip;\n","protected":false},"author":2,"featured_media":58954,"comment_status":"","ping_status":"","sticky":false,"template":"","format":"standard","meta":{"footnotes":""},"categories":[14],"tags":[23,57,502,28,29,32,33,22,1169,30,31,35,39,38,36,37,34,40,20,26,27,8477,11426,24,25,54,55,56,21,58],"class_list":{"0":"post-58953","1":"post","2":"type-post","3":"status-publish","4":"format-standard","5":"has-post-thumbnail","7":"category-zinas-no-arvalstim","8":"tag-aktualitates","9":"tag-arvalstim","10":"tag-australija","11":"tag-breaking-news","12":"tag-breakingnews","13":"tag-featured-news","14":"tag-featurednews","15":"tag-headlines","16":"tag-internets","17":"tag-latest-news","18":"tag-latestnews","19":"tag-latvia","20":"tag-latvian","21":"tag-latviesu","22":"tag-latviesu-valoda","23":"tag-latviesuvaloda","24":"tag-latvija","25":"tag-lv","26":"tag-news","27":"tag-popularakas-zinas","28":"tag-popularakaszinas","29":"tag-socialie-mediji","30":"tag-socialie-tikli","31":"tag-top-stories","32":"tag-topstories","33":"tag-world","34":"tag-world-news","35":"tag-worldnews","36":"tag-zinas","37":"tag-zinas-no-arvalstim"},"share_on_mastodon":{"url":"https:\/\/pubeurope.com\/@lv\/115615543117419403","error":""},"_links":{"self":[{"href":"https:\/\/www.europesays.com\/lv\/wp-json\/wp\/v2\/posts\/58953","targetHints":{"allow":["GET"]}}],"collection":[{"href":"https:\/\/www.europesays.com\/lv\/wp-json\/wp\/v2\/posts"}],"about":[{"href":"https:\/\/www.europesays.com\/lv\/wp-json\/wp\/v2\/types\/post"}],"author":[{"embeddable":true,"href":"https:\/\/www.europesays.com\/lv\/wp-json\/wp\/v2\/users\/2"}],"replies":[{"embeddable":true,"href":"https:\/\/www.europesays.com\/lv\/wp-json\/wp\/v2\/comments?post=58953"}],"version-history":[{"count":0,"href":"https:\/\/www.europesays.com\/lv\/wp-json\/wp\/v2\/posts\/58953\/revisions"}],"wp:featuredmedia":[{"embeddable":true,"href":"https:\/\/www.europesays.com\/lv\/wp-json\/wp\/v2\/media\/58954"}],"wp:attachment":[{"href":"https:\/\/www.europesays.com\/lv\/wp-json\/wp\/v2\/media?parent=58953"}],"wp:term":[{"taxonomy":"category","embeddable":true,"href":"https:\/\/www.europesays.com\/lv\/wp-json\/wp\/v2\/categories?post=58953"},{"taxonomy":"post_tag","embeddable":true,"href":"https:\/\/www.europesays.com\/lv\/wp-json\/wp\/v2\/tags?post=58953"}],"curies":[{"name":"wp","href":"https:\/\/api.w.org\/{rel}","templated":true}]}}