{"id":58956,"date":"2025-11-26T10:33:08","date_gmt":"2025-11-26T10:33:08","guid":{"rendered":"https:\/\/www.europesays.com\/lv\/58956\/"},"modified":"2025-11-26T10:33:08","modified_gmt":"2025-11-26T10:33:08","slug":"smartlynx-airlines-ipasnieku-maina-isi-pirmstap-ierosinasanas-rada-daudz-jautajumu-dienas-bizness","status":"publish","type":"post","link":"https:\/\/www.europesays.com\/lv\/58956\/","title":{"rendered":"SmartLynx Airlines \u012bpa\u0161nieku mai\u0146a \u012bsi pirmsTAP ierosin\u0101\u0161anas rada daudz jaut\u0101jumu :: Dienas Bizness"},"content":{"rendered":"<p class=\"text-font font-size--text-xlarge margin-3--bottom font-weight--bold padding-1--top\">Latvij\u0101 b\u0101z\u0113t\u0101s aviokomp\u0101nijas &#8220;SmartLynx Airlines&#8221;, kura 24. novembr\u012b p\u0101rtrauca darb\u012bbu, \u012bpa\u0161nieku mai\u0146a \u012bsi pirms tiesisk\u0101s aizsardz\u012bbas procesa ierosin\u0101\u0161anas rada daudz jaut\u0101jumu, sac\u012bja k\u0101dreiz\u0113jais satiksmes ministrs T\u0101lis Linkaits.<\/p>\n<p class=\"text-font font-size--text-xlarge margin-3--bottom\">Vi\u0146\u0161 nor\u0101d\u012bja, ka veids, k\u0101d\u0101 &#8220;SmartLynx Airlines&#8221; non\u0101ca l\u012bdz darb\u012bbas p\u0101rtrauk\u0161anai, kreditoriem ir j\u0101izv\u0113rt\u0113 un nepiecie\u0161am\u012bbas gad\u012bjum\u0101 j\u0101v\u0113r\u0161as pret iepriek\u0161\u0113jiem akcion\u0101riem.<\/p>\n<p class=\"text-font font-size--text-xlarge margin-3--bottom\">&#8220;Redzams, ka ir m\u0113\u0123in\u0101jums nodal\u012bt slikto aviokomp\u0101niju no labaj\u0101m aviokomp\u0101nij\u0101m. Vienu da\u013cu nobankrot\u0113t, lai p\u0101r\u0113j\u0101s var\u0113tu turpin\u0101t darbu,&#8221; skaidroja Linkaits.<\/p>\n<p class=\"text-font font-size--text-xlarge margin-3--bottom\">Satiksmes ministrs Atis \u0160vinka (P) intervij\u0101 Latvijas Telev\u012bzijas raid\u012bjumam &#8220;R\u012bta panor\u0101ma&#8221; sac\u012bja, ka attiec\u012bgajam jaut\u0101jumam ir piev\u0113rsies jau pirms vair\u0101k\u0101m ned\u0113\u013c\u0101m. &#8220;J\u0101, tas ir satrauco\u0161i. M\u0113s izmantojam visus tiesiskos elementus, lai uzraudz\u012btu \u0161o procesu un piev\u0113rstu pastiprin\u0101tu uzman\u012bbu atbild\u012bgaj\u0101m instit\u016bcij\u0101m,&#8221; vi\u0146\u0161 sac\u012bja.<\/p>\n<p class=\"text-font font-size--text-xlarge margin-3--bottom\">Vienlaikus &#8220;SmartLynx Airlines Latvia&#8221; p\u0101rst\u0101vji noliedza, ka darb\u012bbas p\u0101rtrauk\u0161ana b\u016btu iepriek\u0161 izdom\u0101ta sh\u0113ma, jo iepriek\u0161\u0113jo \u012bpa\u0161nieku p\u0101rvald\u012bb\u0101 &#8220;SmartLynx&#8221; uz\u0146\u0113mumos \u0161aj\u0101 un iepriek\u0161\u0113j\u0101 gad\u0101 tika ieguld\u012bti vair\u0101k nek\u0101 100 miljoni eiro. Savuk\u0101rt jaunajiem \u012bpa\u0161niekiem biju\u0161i konkr\u0113ti att\u012bst\u012bbas pl\u0101ni, kurus da\u017e\u0101du apsv\u0113rumu d\u0113\u013c nav bijis iesp\u0113jams realiz\u0113t.<\/p>\n<p class=\"text-font font-size--text-xlarge margin-3--bottom\">Jau v\u0113st\u012bts, ka \u0161ogad 22. oktobr\u012b &#8220;SmartLynx Airlines&#8221; pazi\u0146oja, ka ir main\u012bju\u0161ies uz\u0146\u0113muma \u012bpa\u0161nieki. Par &#8220;SmartLynx Airlines&#8221; \u012bpa\u0161niekiem k\u013cuva &#8220;SmartLynx Airlines&#8221; l\u012bdz\u0161in\u0113jais izpilddirektors Edvins Deme\u0146us (5%), komp\u0101nijas finan\u0161u direktors Mindaugs Kazakevi\u010ds (5%) un N\u012bderland\u0113 b\u0101z\u0113ts specializ\u0113ts invest\u012bciju fonds &#8220;Stichting Break Point Distressed Assets Management&#8221; (90%), kura patiesais labuma guv\u0113js ir Kipras pilsonis Ilijs Iraklijs. Vienlaikus fonds &#8220;Stichting Break Point Distressed Assets Management&#8221; re\u0123istr\u0113ts vien m\u0113nesi iepriek\u0161 &#8211; \u0161ogad 22. septembr\u012b, liecina inform\u0101cija &#8220;companyinfo.nl&#8221; m\u0101jaslap\u0101, kas atsaucas uz N\u012bderlandes tirdzniec\u012bbas re\u0123istru KVK.<\/p>\n<p class=\"text-font font-size--text-xlarge margin-3--bottom\">&#8220;SmartLynx Airlines&#8221; vien\u012bgais \u012bpa\u0161nieks pirms tam bija SIA &#8220;Smart Aviation Holding&#8221;, kas pieder &#8220;Avia Solutions Group&#8221;, kuras patiesais labuma guv\u0113js ir \u0122edimins \u017diemelis, liecina inform\u0101cija &#8220;Firmas.lv&#8221;.<\/p>\n<p class=\"text-font font-size--text-xlarge margin-3--bottom\">Savuk\u0101rt da\u017eas dienas v\u0113l\u0101k, 28. oktobr\u012b, R\u012bgas rajona tiesa ierosin\u0101ja &#8220;SmartLynx&#8221; tiesisk\u0101s aizsardz\u012bbas procesa lietu.<\/p>\n<p class=\"text-font font-size--text-xlarge margin-3--bottom\">Neofici\u0101li publiskot\u0101 inform\u0101cija m\u0101jaslap\u0101 &#8220;blacklist.aero&#8221; liecina, ka kop\u0113j\u0101s &#8220;SmartLynx&#8221; saist\u012bbas pret vair\u0101k nek\u0101 780 kreditoriem esot 238,4 miljoni eiro, tostarp kop\u0113jais par\u0101ds komp\u0101nijas iepriek\u0161\u0113j\u0101 \u012bpa\u0161nieka &#8220;Avia Solutions Group&#8221; saist\u012btajiem uz\u0146\u0113mumiem esot 174,374 miljoni eiro, bet &#8220;SmartLynx&#8221; kop\u0113jais par\u0101ds citiem kreditoriem esot 64 miljoni eiro.<\/p>\n<p class=\"text-font font-size--text-xlarge margin-3--bottom\">Tostarp m\u0101jaslap\u0101 nor\u0101d\u012bts, ka &#8220;SmartLynx&#8221; par\u0101ds, piem\u0113ram, SIA &#8220;Fedex Express Latvia&#8221; veido apm\u0113ram 775 000 eiro, AS &#8220;BTA Baltic Insurance Company&#8221; (BTA) &#8211; 117 000 eiro, SIA &#8220;ARS Logistika&#8221; &#8211; 86 000 eiro, SIA &#8220;Havas Latvia&#8221; &#8211; 69 000 eiro, SIA &#8220;Airo Catering Services Latvija&#8221; &#8211; 53 000 eiro.<\/p>\n<p class=\"text-font font-size--text-xlarge margin-3--bottom\">BTA p\u0101rst\u0101vji nor\u0101d\u012bja, ka aviokomp\u0101nija &#8220;SmartLynx Airlines&#8221; bija ieg\u0101d\u0101jusies BTA apdro\u0161in\u0101\u0161anas polises, par kur\u0101m ir j\u0101veic samaksa gadu uz priek\u0161u. Vienlaikus BTA ir veikusi pas\u0101kumus, lai samazin\u0101tu potenci\u0101l\u0101 par\u0101da apm\u0113ru, un faktisk\u0101 par\u0101da summa patlaban esot b\u016btiski maz\u0101ka par min\u0113tajiem 117 000 eiro.<\/p>\n<p class=\"text-font font-size--text-xlarge margin-3--bottom\">T\u0101pat BTA p\u0101rst\u0101vji inform\u0113ja, ka l\u012bdz \u0161im saska\u0146o\u0161anai nav sa\u0146emts tiesisk\u0101s aizsardz\u012bbas pas\u0101kumu pl\u0101ns, ta\u010du BTA turpin\u0101s sekot l\u012bdzi aktu\u0101lajai inform\u0101cijai un procesa norisei.<\/p>\n<p class=\"text-font font-size--text-xlarge margin-3--bottom\">P\u0101r\u0113jie iepriek\u0161min\u0113tie Latvijas uz\u0146\u0113mumi l\u012bdz \u0161im koment\u0101rus par par\u0101da apm\u0113ru nav sniegu\u0161i, k\u0101 ar\u012b &#8220;SmartLynx Airlines&#8221; p\u0101rst\u0101vji nekoment\u0113ja kop\u0113jo par\u0101da apm\u0113ru pret kreditoriem.<\/p>\n<p class=\"text-font font-size--text-xlarge margin-3--bottom\">&#8220;Blacklist.aero&#8221; v\u0113r\u0161 uzman\u012bbu uz to, ka apkopotie dati liecina par &#8220;SmartLynx&#8221; apzin\u0101tas maks\u0101tnesp\u0113jas paz\u012bm\u0113m, tostarp uz\u0146\u0113muma p\u0101rdo\u0161anu \u012bsi pirms ierosin\u0101t\u0101 kreditoru aizsardz\u012bbas procesa, vad\u012bbas kontroles saglab\u0101\u0161anu, k\u0101 ar\u012b biznesa sadal\u012b\u0161anu, kas rada iespaidu par m\u0113r\u0137tiec\u012bgu par\u0101du izol\u0113\u0161anu. Rakst\u0101 secin\u0101ts, ka sh\u0113ma l\u012bdzin\u0101s akt\u012bvu iz\u0146em\u0161anas modelim, jo ienes\u012bg\u0101s strukt\u016bras paliek pie iepriek\u0161\u0113j\u0101 \u012bpa\u0161nieka, bet par\u0101di tiek novirz\u012bti jaunajam fondam.<\/p>\n<p class=\"text-font font-size--text-xlarge margin-3--bottom\">A\u0123ent\u016bras LETA r\u012bc\u012bb\u0101 eso\u0161\u0101 v\u0113stule &#8220;SmartLynx Airlines&#8221; kreditoriem, kas izs\u016bt\u012bta Deme\u0146us v\u0101rd\u0101 pirmdien, 24. novembr\u012b, teikts, ka &#8220;SmartLynx Airlines&#8221; ir konstat\u0113jusi, ka m\u0101jaslap\u0101 &#8220;blacklist.aero&#8221;, kuras autors ir Artjoms Degtjarjovs, public\u0113ti nepatiesi un maldino\u0161i apgalvojumi par &#8220;SmartLynx Airlines&#8221; un t\u0101s notieko\u0161o restrukturiz\u0101cijas procesu.<\/p>\n<p class=\"text-font font-size--text-xlarge margin-3--bottom\">Deme\u0146us v\u0113stul\u0113 apgalvo, ka &#8220;SmartLynx Airlines&#8221; veic proced\u016bras, kas tiek \u012bstenotas atbilsto\u0161i vis\u0101m piem\u0113rojamaj\u0101m juridiskaj\u0101m pras\u012bb\u0101m un normat\u012bvajiem standartiem. \u0160ie pas\u0101kumi ir paredz\u0113ti, lai nodro\u0161in\u0101tu uz\u0146\u0113muma lietu k\u0101rt\u012bgu p\u0101rvald\u012bbu un atbilsto\u0161u pieeju visiem ieinteres\u0113tajiem partneriem.<\/p>\n<p class=\"text-font font-size--text-xlarge margin-3--bottom\">Vi\u0146\u0161 ar\u012b nor\u0101da, ka Degtjarjovs un ar vi\u0146u saist\u012btais uz\u0146\u0113mums &#8220;Air Justice&#8221;, kas p\u0101rst\u0101v m\u0101jaslapu &#8220;blacklist.aero&#8221;, ir izplat\u012bju\u0161i apgalvojumus par &#8220;SmartLynx Airlines&#8221; un mudin\u0101ju\u0161i kreditorus r\u012bkoties pret uz\u0146\u0113mumu. V\u0113stul\u0113 vi\u0146\u0161 min piem\u0113rus, ka Degtjarjovs un ar vi\u0146u saist\u012bt\u0101s strukt\u016bras jau iepriek\u0161 ir biju\u0161as saist\u012btas ar iesp\u0113jamiem koordin\u0113tiem reput\u0101cijas uzbrukumiem uz\u0146\u0113mumiem, nepatiesu un maldino\u0161u inform\u0101cijas izplat\u012b\u0161anu un citiem gad\u012bjumiem.<\/p>\n<p class=\"text-font font-size--text-xlarge margin-3--bottom\">T\u0101pat a\u0123ent\u016bras LETA r\u012bc\u012bb\u0101 ir v\u0113stule no Degtjarjova, kas adres\u0113ta &#8220;SmartLynx&#8221; kreditoriem. V\u0113stul\u0113 min\u0113ts, ka veids, k\u0101d\u0101 &#8220;Avia Solutions Group&#8221; ir risin\u0101jis savas par\u0101dsaist\u012bbas, liecina par r\u016bp\u012bgi pl\u0101notu pieeju, kuras m\u0113r\u0137is ir izvair\u012bties no korporat\u012bvas restrukturiz\u0101cijas un nov\u0113rst maks\u0101tnesp\u0113jas procesa uzraudz\u012bbu no tiesisk\u0101 administratora puses. Vi\u0146\u0161 v\u0113stul\u0113 aicina kreditorus izstr\u0101d\u0101t koordin\u0113tu strat\u0113\u0123iju un taktisku r\u012bc\u012bbu.<\/p>\n<p class=\"text-font font-size--text-xlarge margin-3--bottom\">Latvij\u0101 b\u0101z\u0113t\u0101 aviokomp\u0101nija &#8220;SmartLynx Airlines&#8221; no pirmdienas, 24. novembra, p\u0101rtraukusi uz\u0146\u0113muma saimniecisko darb\u012bbu. Vienlaikus uz\u0146\u0113mum\u0101 apliecin\u0101ja, ka ar\u012b &#8220;SmartLynx Airlines Estonia&#8221; un &#8220;SmartLynx Airlines Malta&#8221; ir p\u0101rtrauku\u0161as komercdarb\u012bbu, un visas tr\u012bs gaisa ku\u0123u ekspluatanta apliec\u012bbas (AOC) ir apst\u0101din\u0101tas.<\/p>\n<p class=\"text-font font-size--text-xlarge margin-3--bottom\">L\u0113mums pie\u0146emts, izv\u0113rt\u0113jot uz\u0146\u0113muma finansi\u0101lo st\u0101vokli un ilgtermi\u0146a darb\u012bbas perspekt\u012bvas.<\/p>\n<p class=\"text-font font-size--text-xlarge margin-3--bottom\">Deme\u0146us nor\u0101d\u012bja, ka \u0161is l\u0113mums ir pie\u0146emts, r\u016bp\u012bgi izv\u0113rt\u0113jot visus iesp\u0113jamos t\u0101l\u0101k\u0101s darb\u012bbas scen\u0101rijus. &#8220;Diem\u017e\u0113l, eso\u0161ajos apst\u0101k\u013cos ir secin\u0101ts, ka uz\u0146\u0113muma darb\u012bbas turpin\u0101\u0161ana vairs nav iesp\u0113jama,&#8221; vi\u0146\u0161 piebilda.<\/p>\n<p class=\"text-font font-size--text-xlarge margin-3--bottom\">&#8220;SmartLynx&#8221; p\u0101rst\u0101ve Agija Kola-Kanca skaidroja, ka patlaban uz\u0146\u0113mum\u0101 turpina str\u0101d\u0101t neliela komanda, kas turpina darbu ar lidma\u0161\u012bnu iznom\u0101t\u0101jiem, lai t\u0101s nog\u0101d\u0101tu atpaka\u013c \u012bpa\u0161niekiem.<\/p>\n<p class=\"text-font font-size--text-xlarge margin-3--bottom\">Vienlaikus vi\u0146a piebilda, ka patlaban prec\u012bzi nav iesp\u0113jams nosaukt darbinieku skaitu, kuri zaud\u0113s darbu, jo darb\u012bbas p\u0101rtrauk\u0161ana tika pazi\u0146ota pirmdien, 24. novembr\u012b. T\u0101pat vi\u0146a sac\u012bja, ka kopum\u0101 vis\u0101s valst\u012bs &#8220;SmartLynx&#8221; uz\u0146\u0113mumos str\u0101d\u0101ja aptuveni 400 darbinieku, tostarp da\u017e\u0101du profesiju p\u0101rst\u0101vji, liel\u0101koties avi\u0101cijas eksperti, tostarp avi\u0101cijas in\u017eenieri, lidojumu pl\u0101no\u0161anas speci\u0101listi, k\u0101 ar\u012b atbalsta funkciju veic\u0113ji.<\/p>\n<p class=\"text-font font-size--text-xlarge margin-3--bottom\">T\u0101pat Kola-Kanca min\u0113ja, ka Latvij\u0101 &#8220;SmartLynx Airlines&#8221; aviokomp\u0101nijas flot\u0113 pa\u0161laik ir viena vai divas lidma\u0161\u012bnas, bet p\u0101r\u0113j\u0101s lidma\u0161\u012bnas ir &#8220;SmartLynx Airlines Malta&#8221; un &#8220;SmartLynx Airlines Estonia&#8221; r\u012bc\u012bb\u0101, kas pa\u0161laik ir atdo\u0161anas proces\u0101.<\/p>\n<p class=\"text-font font-size--text-xlarge margin-3--bottom\">Vi\u0146a ar\u012b skaidroja, ka &#8220;SmartLynx&#8221; birojs R\u012bg\u0101 bija iz\u012br\u0113ts, t\u0101d\u0113\u013c biroja n\u0101kotne ir atkar\u012bga no \u0113kas \u012bpa\u0161niekiem.<\/p>\n<p class=\"text-font font-size--text-xlarge margin-3--bottom\">&#8220;SmartLynx Airlines&#8221; pag\u0101ju\u0161aj\u0101 gad\u0101 p\u0101rvad\u0101ja kopum\u0101 10,66 miljonus pasa\u017eieru, kas ir par 62,5% vair\u0101k nek\u0101 2023. gad\u0101. P\u0113rn &#8220;SmartLynx Airlines&#8221; veica kopum\u0101 68 085 lidojumus, kas ir par 43,4% vair\u0101k nek\u0101 gadu iepriek\u0161, kad aviokomp\u0101nija veica 47 495 lidojumus, savuk\u0101rt p\u0101rvad\u0101to kravu apm\u0113rs samazin\u0101j\u0101s par 6,8% un veidoja 31 872 tonnas.<\/p>\n<p class=\"text-font font-size--text-xlarge margin-3--bottom\">Aviokomp\u0101nijas flot\u0113 2024. gada beig\u0101s bija 68 lidma\u0161\u012bnas, kas ir par vienu vair\u0101k nek\u0101 gadu iepriek\u0161. Tom\u0113r \u0161ogad pavasar\u012b aviokomp\u0101nija pazi\u0146oja, ka lidma\u0161\u012bnu floti samazin\u0101s par 30%.<\/p>\n<p class=\"text-font font-size--text-xlarge margin-3--bottom\">2023. gad\u0101 &#8220;SmartLynx Airlines&#8221; apgroz\u012bjums bija 339,027 miljoni eiro, bet pe\u013c\u0146a &#8211; 11,089 miljoni eiro, liecina &#8220;Firmas.lv&#8221; inform\u0101cija. Savuk\u0101rt &#8220;SmartLynx Airlines&#8221; koncerna apgroz\u012bjums bija 496,651 miljons eiro, bet pe\u013c\u0146a &#8211; 22,774 miljoni eiro. Komp\u0101nijas 2024. gada finan\u0161u rezult\u0101ti pagaid\u0101m nav publiskoti.<\/p>\n<p class=\"text-font font-size--text-xlarge margin-3--bottom\">&#8220;SmartLynx Airlines&#8221; re\u0123istr\u0113ta 1992. gad\u0101, un t\u0101s pamatkapit\u0101ls ir viens miljons eiro.<\/p>\n","protected":false},"excerpt":{"rendered":"Latvij\u0101 b\u0101z\u0113t\u0101s aviokomp\u0101nijas &#8220;SmartLynx Airlines&#8221;, kura 24. novembr\u012b p\u0101rtrauca darb\u012bbu, \u012bpa\u0161nieku mai\u0146a \u012bsi pirms tiesisk\u0101s aizsardz\u012bbas procesa ierosin\u0101\u0161anas&hellip;\n","protected":false},"author":2,"featured_media":58957,"comment_status":"","ping_status":"","sticky":false,"template":"","format":"standard","meta":{"footnotes":""},"categories":[5],"tags":[23,869,77,870,28,29,867,32,33,22,30,31,35,39,38,36,37,34,871,868,40,20,26,27,24,25,21],"class_list":{"0":"post-58956","1":"post","2":"type-post","3":"status-publish","4":"format-standard","5":"has-post-thumbnail","7":"category-aktualitates","8":"tag-aktualitates","9":"tag-biznesa-zinas","10":"tag-bizness","11":"tag-bizness-latvija","12":"tag-breaking-news","13":"tag-breakingnews","14":"tag-dienas-zinas","15":"tag-featured-news","16":"tag-featurednews","17":"tag-headlines","18":"tag-latest-news","19":"tag-latestnews","20":"tag-latvia","21":"tag-latvian","22":"tag-latviesu","23":"tag-latviesu-valoda","24":"tag-latviesuvaloda","25":"tag-latvija","26":"tag-latvijas-biznesa-zinas","27":"tag-latvijas-zinas","28":"tag-lv","29":"tag-news","30":"tag-popularakas-zinas","31":"tag-popularakaszinas","32":"tag-top-stories","33":"tag-topstories","34":"tag-zinas"},"share_on_mastodon":{"url":"https:\/\/pubeurope.com\/@lv\/115615550830764483","error":""},"_links":{"self":[{"href":"https:\/\/www.europesays.com\/lv\/wp-json\/wp\/v2\/posts\/58956","targetHints":{"allow":["GET"]}}],"collection":[{"href":"https:\/\/www.europesays.com\/lv\/wp-json\/wp\/v2\/posts"}],"about":[{"href":"https:\/\/www.europesays.com\/lv\/wp-json\/wp\/v2\/types\/post"}],"author":[{"embeddable":true,"href":"https:\/\/www.europesays.com\/lv\/wp-json\/wp\/v2\/users\/2"}],"replies":[{"embeddable":true,"href":"https:\/\/www.europesays.com\/lv\/wp-json\/wp\/v2\/comments?post=58956"}],"version-history":[{"count":0,"href":"https:\/\/www.europesays.com\/lv\/wp-json\/wp\/v2\/posts\/58956\/revisions"}],"wp:featuredmedia":[{"embeddable":true,"href":"https:\/\/www.europesays.com\/lv\/wp-json\/wp\/v2\/media\/58957"}],"wp:attachment":[{"href":"https:\/\/www.europesays.com\/lv\/wp-json\/wp\/v2\/media?parent=58956"}],"wp:term":[{"taxonomy":"category","embeddable":true,"href":"https:\/\/www.europesays.com\/lv\/wp-json\/wp\/v2\/categories?post=58956"},{"taxonomy":"post_tag","embeddable":true,"href":"https:\/\/www.europesays.com\/lv\/wp-json\/wp\/v2\/tags?post=58956"}],"curies":[{"name":"wp","href":"https:\/\/api.w.org\/{rel}","templated":true}]}}