{"id":58996,"date":"2025-11-26T11:15:13","date_gmt":"2025-11-26T11:15:13","guid":{"rendered":"https:\/\/www.europesays.com\/lv\/58996\/"},"modified":"2025-11-26T11:15:13","modified_gmt":"2025-11-26T11:15:13","slug":"vai-nedelas-otraja-puse-gaidami-nokrisni","status":"publish","type":"post","link":"https:\/\/www.europesays.com\/lv\/58996\/","title":{"rendered":"Vai ned\u0113\u013cas otraj\u0101 pus\u0113 gaid\u0101mi nokri\u0161\u0146i?"},"content":{"rendered":"<p>Ceturtdien, 27. novembr\u012b, valsts liel\u0101kaj\u0101 da\u013c\u0101 snigs, Latgal\u0113 gaid\u0101ms ar\u012b lietus un atkala. Ned\u0113\u013cas nogal\u0113 nokri\u0161\u0146i b\u016bs viet\u0101m, galvenok\u0101rt gaid\u0101ms neliels lietus un apledojums.<\/p>\n<p>Gaisa temperat\u016bra \u0161\u012bs ned\u0113\u013cas otraj\u0101 pus\u0113 caurm\u0113r\u0101 b\u016bs tuvu nullei, piekrast\u0113 t\u0101 br\u012b\u017eiem var pak\u0101pties l\u012bdz +8 gr\u0101diem, tom\u0113r valsts liel\u0101kaj\u0101 da\u013c\u0101 palaikam gaid\u0101ms neliels sals. M\u0113rens dienvidu v\u0113j\u0161 rad\u012bs saj\u016btu, ka gaiss ir v\u0113s\u0101ks; piektdien piekrast\u0113 gaid\u0101mas v\u0113ja br\u0101zmas l\u012bdz 19 metriem sekund\u0113.<\/p>\n<p>L\u012bdz\u012bgus laikapst\u0101k\u013cus sinopti\u0137i prognoz\u0113 ar\u012b decembra pirmaj\u0101s dien\u0101s, bet m\u0113ne\u0161a turpin\u0101jum\u0101 iesp\u0113jams nedaudz silt\u0101ks laiks.<\/p>\n","protected":false},"excerpt":{"rendered":"Ceturtdien, 27. novembr\u012b, valsts liel\u0101kaj\u0101 da\u013c\u0101 snigs, Latgal\u0113 gaid\u0101ms ar\u012b lietus un atkala. Ned\u0113\u013cas nogal\u0113 nokri\u0161\u0146i b\u016bs viet\u0101m,&hellip;\n","protected":false},"author":2,"featured_media":58997,"comment_status":"","ping_status":"","sticky":false,"template":"","format":"standard","meta":{"footnotes":""},"categories":[5],"tags":[23,28,29,32,33,22,1811,396,397,30,31,35,39,38,36,37,34,40,20,26,27,24,25,21],"class_list":{"0":"post-58996","1":"post","2":"type-post","3":"status-publish","4":"format-standard","5":"has-post-thumbnail","7":"category-aktualitates","8":"tag-aktualitates","9":"tag-breaking-news","10":"tag-breakingnews","11":"tag-featured-news","12":"tag-featurednews","13":"tag-headlines","14":"tag-laika-zina","15":"tag-laika-zinas","16":"tag-laikapstakli","17":"tag-latest-news","18":"tag-latestnews","19":"tag-latvia","20":"tag-latvian","21":"tag-latviesu","22":"tag-latviesu-valoda","23":"tag-latviesuvaloda","24":"tag-latvija","25":"tag-lv","26":"tag-news","27":"tag-popularakas-zinas","28":"tag-popularakaszinas","29":"tag-top-stories","30":"tag-topstories","31":"tag-zinas"},"share_on_mastodon":{"url":"https:\/\/pubeurope.com\/@lv\/115615716209207176","error":""},"_links":{"self":[{"href":"https:\/\/www.europesays.com\/lv\/wp-json\/wp\/v2\/posts\/58996","targetHints":{"allow":["GET"]}}],"collection":[{"href":"https:\/\/www.europesays.com\/lv\/wp-json\/wp\/v2\/posts"}],"about":[{"href":"https:\/\/www.europesays.com\/lv\/wp-json\/wp\/v2\/types\/post"}],"author":[{"embeddable":true,"href":"https:\/\/www.europesays.com\/lv\/wp-json\/wp\/v2\/users\/2"}],"replies":[{"embeddable":true,"href":"https:\/\/www.europesays.com\/lv\/wp-json\/wp\/v2\/comments?post=58996"}],"version-history":[{"count":0,"href":"https:\/\/www.europesays.com\/lv\/wp-json\/wp\/v2\/posts\/58996\/revisions"}],"wp:featuredmedia":[{"embeddable":true,"href":"https:\/\/www.europesays.com\/lv\/wp-json\/wp\/v2\/media\/58997"}],"wp:attachment":[{"href":"https:\/\/www.europesays.com\/lv\/wp-json\/wp\/v2\/media?parent=58996"}],"wp:term":[{"taxonomy":"category","embeddable":true,"href":"https:\/\/www.europesays.com\/lv\/wp-json\/wp\/v2\/categories?post=58996"},{"taxonomy":"post_tag","embeddable":true,"href":"https:\/\/www.europesays.com\/lv\/wp-json\/wp\/v2\/tags?post=58996"}],"curies":[{"name":"wp","href":"https:\/\/api.w.org\/{rel}","templated":true}]}}