{"id":59002,"date":"2025-11-26T11:22:10","date_gmt":"2025-11-26T11:22:10","guid":{"rendered":"https:\/\/www.europesays.com\/lv\/59002\/"},"modified":"2025-11-26T11:22:10","modified_gmt":"2025-11-26T11:22:10","slug":"latvijas-lellu-teatri-gaidama-ipasa-ziemassvetku-laika-programma","status":"publish","type":"post","link":"https:\/\/www.europesays.com\/lv\/59002\/","title":{"rendered":"Latvijas Le\u013c\u013cu te\u0101tr\u012b gaid\u0101ma \u012bpa\u0161a Ziemassv\u0113tku laika programma"},"content":{"rendered":"<p>\u0160ogad <a rel=\"noopener nofollow\" target=\"_blank\" href=\"https:\/\/www.delfi.lv\/temas\/43717204\/latvijas-lellu-teatris\" tag-id=\"43717204\">Latvijas Le\u013c\u013cu te\u0101tris<\/a> skat\u012bt\u0101jiem pied\u0101v\u0101s bag\u0101t\u012bgu Ziemassv\u0113tku programmu \u2013 s\u0101kot no 12. decembra, te\u0101tr\u012b b\u016bs skat\u0101mas iem\u012b\u013cotas izr\u0101des visai \u0123imenei, viesizr\u0101des un jauna izst\u0101de.<\/p>\n<p>Mazie un lielie skat\u012bt\u0101ji aicin\u0101ti uz &#8220;P\u0113c egl\u012btes!&#8221;, &#8220;Sniega karalieni&#8221;, &#8220;Vec\u012b\u0161a cimdi\u0146u&#8221;, &#8220;J\u016blijonkuli\u0146a <a rel=\"noopener nofollow\" target=\"_blank\" href=\"https:\/\/www.delfi.lv\/temas\/41936216\/ziemassvetki\" tag-id=\"41936216\">Ziemassv\u0113tkiem<\/a>&#8220;, k\u0101 ar\u012b uz Liep\u0101jas te\u0101tra viesizr\u0101di &#8220;Maria\u010di Ziemassv\u0113tki&#8221;, port\u0101lu &#8220;Delfi&#8221; inform\u0113 te\u0101tra p\u0101rst\u0101ve<\/p>\n<p>Latvijas Le\u013c\u013cu te\u0101tra direktors M\u0101rti\u0146\u0161 Eihe uzsver sv\u0113tku laika \u012bpa\u0161o noz\u012bmi: &#8220;Ziemas saulgrie\u017eos un Ziemassv\u0113tkos kop\u0101 b\u016b\u0161ana man vienm\u0113r \u0161\u0137iet k\u0101 sp\u012bts tumsai \u2013 saj\u016bta, ka gaismu varam uz\u0161\u0137ilt pa\u0161i. Un m\u0101kslas notikums \u0161aj\u0101 laik\u0101 man ir k\u0101 dumpiniecisks br\u012bnums \u2013 vieta, kur fant\u0101zija uzdr\u012bkstas izaicin\u0101t realit\u0101ti un kur es dr\u012bkstu uz mirkli atkal k\u013c\u016bt par b\u0113rnu, pat ja pasaule apk\u0101rt br\u012b\u017eiem \u0161\u0137iet skarba.&#8221;<\/p>\n<p>Sv\u0113tku programma:<\/p>\n<p><a rel=\"noopener nofollow\" target=\"_blank\" href=\"https:\/\/www.lelluteatris.lv\/lv\/izrades\/latviesu-trupa\/liela-zale\/pec-eglites\" data-rel-date-range=\"[]\">&#8220;P\u0113c egl\u012btes!<\/a>&#8220;. \u0122imenisks muzik\u0101ls st\u0101sts, kur\u0101 aktieri skat\u012bt\u0101jus ved ma\u0123isk\u0101 piedz\u012bvojum\u0101, kop\u012bgi mekl\u0113jot sv\u0113tku siltumu un egl\u012bti. \u0160ogad izr\u0101dei ir \u012bpa\u0161i sv\u0113tki \u2013 t\u0101 p\u0101rc\u0113lusies no Maz\u0101s uz Lielo z\u0101li.<\/p>\n<p><a rel=\"noopener nofollow\" target=\"_blank\" href=\"https:\/\/www.lelluteatris.lv\/lv\/izrades\/latviesu-trupa\/liela-zale\/sniega-karaliene\" data-rel-date-range=\"[]\">&#8220;Sniega karaliene<\/a>&#8220;. H. K. Andersena m\u016b\u017e\u012bg\u0101 klasika par Kaju un Gerdu, drosmi, draudz\u012bbu un ziemas br\u012bnumu.<\/p>\n<p><a rel=\"noopener nofollow\" target=\"_blank\" href=\"https:\/\/www.lelluteatris.lv\/lv\/izrades\/latviesu-trupa\/maza-zale\/vecisa-cimdins\" data-rel-date-range=\"[]\">&#8220;Vec\u012b\u0161a cimdi\u0146\u0161<\/a>&#8220;. Muzik\u0101la pasaka visai \u0123imenei par r\u016b\u0137iem Tirk\u0161\u0137i, Tark\u0161\u0137i un Svilp\u012bti, kuri st\u0101sta pasakas un sai\u0146o d\u0101vanas, atkl\u0101jot, ka ar\u012b mazi darbi var b\u016bt lieli izaicin\u0101jumi.<\/p>\n<p><a rel=\"noopener nofollow\" target=\"_blank\" href=\"https:\/\/www.lelluteatris.lv\/lv\/izrades\/latviesu-trupa\/maza-zale\/julijonkulina-ziemassvetki-2\" data-rel-date-range=\"[]\">&#8220;J\u016blijonkuli\u0146a Ziemassv\u0113tki<\/a>&#8220;. Sirsn\u012bgs st\u0101sts par d\u0101vin\u0101\u0161anas prieku. J\u016blijonkuli\u0146\u0161 gaida \u012bpa\u0161u p\u0101rsteigumu no t\u0101laj\u0101m zieme\u013cvalst\u012bm \u2013 vai \u0161ie sv\u0113tki b\u016bs p\u0101rsteidzo\u0161\u0101ki nek\u0101 jebkad?<\/p>\n<p><a rel=\"noopener nofollow\" target=\"_blank\" href=\"https:\/\/www.lelluteatris.lv\/lv\/izrades\/latviesu-trupa\/liela-zale\/mariaci-ziemassvetki\" data-rel-date-range=\"[]\">&#8220;Maria\u010di Ziemassv\u0113tki<\/a>&#8220;. 6. un 7. janv\u0101r\u012b Le\u013c\u013cu te\u0101tr\u012b viesosies El-Fato, El-Longo un El-Panadero no Liep\u0101jas te\u0101tra ar muzik\u0101lu sv\u0113tku ce\u013cojumu visai \u0123imenei. Neapturamie maria\u010di steigs mekl\u0113t sv\u0113tku br\u012bnumu!<\/p>\n<p>Izst\u0101de &#8220;Porcel\u0101na ziema&#8221;. No 3. decembra Latvijas Le\u013c\u013cu te\u0101tr\u012b b\u016bs apskat\u0101ma LMA Keramikas noda\u013cas ma\u0123istrant\u016bras studen\u0161u \u2013 Anitas Ances Bru\u0146enieces, Katr\u012bnas Icakas, Ir\u0113nas Greivules, Lienes Jakubovas un Sofijas Bumbules \u2013 rad\u012bt\u0101 izst\u0101de. Papildus izst\u0101des ekspon\u0101tiem b\u016bs pieejami ar\u012b interakt\u012bvi uzdevumi jaun\u0101kajiem apmekl\u0113t\u0101jiem.<\/p>\n<p>Papildinot sv\u0113tku programmu, decembra s\u0101kum\u0101 gaid\u0101ma pirmizr\u0101de iestud\u0113jumam p\u0113c igau\u0146u rakstnieka Andrusa Kivirehka gr\u0101matas &#8220;Oskars un lietas&#8221; \u2013 emocion\u0101la un aspr\u0101t\u012bga izr\u0101de par z\u0113na attiec\u012bb\u0101m ar atmi\u0146\u0101m un priek\u0161metiem, kas piepilda vi\u0146a pasauli. Iestud\u0113jumu veido re\u017eisore Paula P\u013cavniece, kura nupat sa\u0146\u0113musi &#8220;Sp\u0113lma\u0146u nakts&#8221; b\u0113rnu un jaunie\u0161u \u017e\u016brijas apbalvojumu par izr\u0101di &#8220;M\u0113s, S\u0101lsv\u0101rnas salas vasarnieki&#8221; Latvijas Nacion\u0101laj\u0101 te\u0101tr\u012b.<\/p>\n<p class=\"m-0\">Seko &#8220;Delfi&#8221; ar\u012b  <a target=\"_blank\" href=\"https:\/\/www.instagram.com\/delfi.lv\/\" rel=\"nofollow noopener\">Instagram<\/a>  un <a target=\"_blank\" href=\"https:\/\/www.youtube.com\/channel\/UCw5foWtcJvAbUm64rv7jwUQ\" rel=\"nofollow noopener\">YouTube<\/a>  profil\u0101 \u2013 pievienojies, lai uzzin\u0101tu svar\u012bg\u0101ko un interesant\u0101ko pirmais!<\/p>\n<p>Publik\u0101cijas saturs vai t\u0101s jebk\u0101da apjoma da\u013ca ir aizsarg\u0101ts autorties\u012bbu objekts Autorties\u012bbu likuma izpratn\u0113, un t\u0101 izmanto\u0161ana bez izdev\u0113ja at\u013caujas ir aizliegta. Vair\u0101k lasi  <a target=\"_blank\" href=\"https:\/\/www.delfi.lv\/noteikumi#autortiesibas\" rel=\"nofollow noopener\">\u0161eit<\/a><script async src=\"\/\/www.instagram.com\/embed.js\"><\/script><\/p>\n","protected":false},"excerpt":{"rendered":"\u0160ogad Latvijas Le\u013c\u013cu te\u0101tris skat\u012bt\u0101jiem pied\u0101v\u0101s bag\u0101t\u012bgu Ziemassv\u0113tku programmu \u2013 s\u0101kot no 12. decembra, te\u0101tr\u012b b\u016bs skat\u0101mas iem\u012b\u013cotas&hellip;\n","protected":false},"author":2,"featured_media":59003,"comment_status":"","ping_status":"","sticky":false,"template":"","format":"standard","meta":{"footnotes":""},"categories":[19],"tags":[89,90,35,39,38,36,37,34,2123,40,15720,9687],"class_list":{"0":"post-59002","1":"post","2":"type-post","3":"status-publish","4":"format-standard","5":"has-post-thumbnail","7":"category-izklaide","8":"tag-entertainment","9":"tag-izklaide","10":"tag-latvia","11":"tag-latvian","12":"tag-latviesu","13":"tag-latviesu-valoda","14":"tag-latviesuvaloda","15":"tag-latvija","16":"tag-latvijas-lellu-teatris","17":"tag-lv","18":"tag-svetku-laiks","19":"tag-ziemassvetki"},"share_on_mastodon":{"url":"https:\/\/pubeurope.com\/@lv\/115615743564506541","error":""},"_links":{"self":[{"href":"https:\/\/www.europesays.com\/lv\/wp-json\/wp\/v2\/posts\/59002","targetHints":{"allow":["GET"]}}],"collection":[{"href":"https:\/\/www.europesays.com\/lv\/wp-json\/wp\/v2\/posts"}],"about":[{"href":"https:\/\/www.europesays.com\/lv\/wp-json\/wp\/v2\/types\/post"}],"author":[{"embeddable":true,"href":"https:\/\/www.europesays.com\/lv\/wp-json\/wp\/v2\/users\/2"}],"replies":[{"embeddable":true,"href":"https:\/\/www.europesays.com\/lv\/wp-json\/wp\/v2\/comments?post=59002"}],"version-history":[{"count":0,"href":"https:\/\/www.europesays.com\/lv\/wp-json\/wp\/v2\/posts\/59002\/revisions"}],"wp:featuredmedia":[{"embeddable":true,"href":"https:\/\/www.europesays.com\/lv\/wp-json\/wp\/v2\/media\/59003"}],"wp:attachment":[{"href":"https:\/\/www.europesays.com\/lv\/wp-json\/wp\/v2\/media?parent=59002"}],"wp:term":[{"taxonomy":"category","embeddable":true,"href":"https:\/\/www.europesays.com\/lv\/wp-json\/wp\/v2\/categories?post=59002"},{"taxonomy":"post_tag","embeddable":true,"href":"https:\/\/www.europesays.com\/lv\/wp-json\/wp\/v2\/tags?post=59002"}],"curies":[{"name":"wp","href":"https:\/\/api.w.org\/{rel}","templated":true}]}}