{"id":59047,"date":"2025-11-26T12:26:08","date_gmt":"2025-11-26T12:26:08","guid":{"rendered":"https:\/\/www.europesays.com\/lv\/59047\/"},"modified":"2025-11-26T12:26:08","modified_gmt":"2025-11-26T12:26:08","slug":"zzs-zinama-mera-parkapusi-kartibu-kada-koalicijas-partneri-parasti-balso","status":"publish","type":"post","link":"https:\/\/www.europesays.com\/lv\/59047\/","title":{"rendered":"ZZS &#8220;zin\u0101m\u0101 m\u0113r\u0101&#8221; p\u0101rk\u0101pusi k\u0101rt\u012bbu, k\u0101d\u0101 koal\u012bcijas partneri parasti balso"},"content":{"rendered":"<p>Premjere nor\u0101d\u012bja, ka ne visiem koal\u012bcijas partneriem ir vien\u0101ds redz\u0113jums, bet visiem esot svar\u012bgi nodro\u0161in\u0101t n\u0101kam\u0101 gada bud\u017eetu, lai pa\u0161vald\u012bbas var\u0113tu maks\u0101t algas un pl\u0101not darbus. Vi\u0146a uzsv\u0113ra, ka ir lietas, kas vieno visus koal\u012bcijas partnerus, un kam\u0113r vienojo\u0161ie elementi, ir iesp\u0113jams str\u0101d\u0101t kop\u0101.<\/p>\n<p>Sili\u0146a sac\u012bja, ka demokr\u0101tisk\u0101 valst\u012b at\u0161\u0137ir\u012bbas ir norm\u0101las un par to ir j\u0101priec\u0101jas, jo slikti b\u016btu tad, ja b\u016btu autorit\u0101rs re\u017e\u012bms, kur visi run\u0101 vien\u0101 bals\u012b. Vi\u0146a gan v\u0113rt\u0113ja, ka priek\u0161v\u0113l\u0113\u0161anu kampa\u0146a s\u0101kusies p\u0101ragri, un tas neatvieglo vi\u0146ai darbu. Ministru prezidente ap\u0146\u0113m\u0101s dar\u012bt visu, lai sabiedr\u012bbai b\u016btu maz\u0101k j\u0101dom\u0101 par koal\u012bciju un vair\u0101k par vald\u012bbas sp\u0113j\u0101m nodro\u0161in\u0101t j\u0113gpilnus un saprotamus izdevumus un m\u0113r\u0137us.<\/p>\n<p>Savuk\u0101rt Valsts prezidents Edgars Rink\u0113vi\u010ds sac\u012bja, ka s\u0101kum\u0101 koal\u012bcijai ir j\u0101tiek gal\u0101 ar n\u0101kam\u0101 gada valsts bud\u017eetu un p\u0113c tam &#8211; ar sevi. Vi\u0146\u0161 nor\u0101d\u012bja, ka sabiedr\u012bba sagaida r\u012bc\u012bbsp\u0113j\u012bgu vald\u012bbu l\u012bdz pat v\u0113l\u0113\u0161anu dienai. Valsts prezidents uzsv\u0113ra, ka ir daudz l\u0113mumu, kas vald\u012bb\u0101 j\u0101pie\u0146em gan operat\u012bvi, gan strat\u0113\u0123iski.<\/p>\n","protected":false},"excerpt":{"rendered":"Premjere nor\u0101d\u012bja, ka ne visiem koal\u012bcijas partneriem ir vien\u0101ds redz\u0113jums, bet visiem esot svar\u012bgi nodro\u0161in\u0101t n\u0101kam\u0101 gada bud\u017eetu,&hellip;\n","protected":false},"author":2,"featured_media":59048,"comment_status":"","ping_status":"","sticky":false,"template":"","format":"standard","meta":{"footnotes":""},"categories":[12],"tags":[23,28,29,1249,32,33,22,30,31,35,39,38,36,37,34,40,20,26,27,24,25,21,666],"class_list":{"0":"post-59047","1":"post","2":"type-post","3":"status-publish","4":"format-standard","5":"has-post-thumbnail","7":"category-latvija","8":"tag-aktualitates","9":"tag-breaking-news","10":"tag-breakingnews","11":"tag-evika-silina","12":"tag-featured-news","13":"tag-featurednews","14":"tag-headlines","15":"tag-latest-news","16":"tag-latestnews","17":"tag-latvia","18":"tag-latvian","19":"tag-latviesu","20":"tag-latviesu-valoda","21":"tag-latviesuvaloda","22":"tag-latvija","23":"tag-lv","24":"tag-news","25":"tag-popularakas-zinas","26":"tag-popularakaszinas","27":"tag-top-stories","28":"tag-topstories","29":"tag-zinas","30":"tag-zzs"},"share_on_mastodon":{"url":"https:\/\/pubeurope.com\/@lv\/115615995348437582","error":""},"_links":{"self":[{"href":"https:\/\/www.europesays.com\/lv\/wp-json\/wp\/v2\/posts\/59047","targetHints":{"allow":["GET"]}}],"collection":[{"href":"https:\/\/www.europesays.com\/lv\/wp-json\/wp\/v2\/posts"}],"about":[{"href":"https:\/\/www.europesays.com\/lv\/wp-json\/wp\/v2\/types\/post"}],"author":[{"embeddable":true,"href":"https:\/\/www.europesays.com\/lv\/wp-json\/wp\/v2\/users\/2"}],"replies":[{"embeddable":true,"href":"https:\/\/www.europesays.com\/lv\/wp-json\/wp\/v2\/comments?post=59047"}],"version-history":[{"count":0,"href":"https:\/\/www.europesays.com\/lv\/wp-json\/wp\/v2\/posts\/59047\/revisions"}],"wp:featuredmedia":[{"embeddable":true,"href":"https:\/\/www.europesays.com\/lv\/wp-json\/wp\/v2\/media\/59048"}],"wp:attachment":[{"href":"https:\/\/www.europesays.com\/lv\/wp-json\/wp\/v2\/media?parent=59047"}],"wp:term":[{"taxonomy":"category","embeddable":true,"href":"https:\/\/www.europesays.com\/lv\/wp-json\/wp\/v2\/categories?post=59047"},{"taxonomy":"post_tag","embeddable":true,"href":"https:\/\/www.europesays.com\/lv\/wp-json\/wp\/v2\/tags?post=59047"}],"curies":[{"name":"wp","href":"https:\/\/api.w.org\/{rel}","templated":true}]}}